{"id":22644,"date":"2019-03-24T20:26:16","date_gmt":"2019-03-24T23:26:16","guid":{"rendered":"https:\/\/pcb.org.br\/portal2\/?p=22644"},"modified":"2019-03-24T20:26:22","modified_gmt":"2019-03-24T23:26:22","slug":"10-motivos-para-o-trabalhador-ser-contra-a-reforma-da-previdencia","status":"publish","type":"post","link":"https:\/\/pcb.org.br\/portal2\/22644","title":{"rendered":"10 motivos para o trabalhador ser contra a reforma da Previd\u00eancia"},"content":{"rendered":"\n<img decoding=\"async\" class=\"imagem\" title=\"imagem\"  alt=\"imagem\"  src=\"https:\/\/i0.wp.com\/lh3.googleusercontent.com\/a8lX-GRvsnLUKuykFYte6l7gwGNcX9_1ra4ofjSw5ipNGVOsUT5mWXQ_kngzRILx_Auyd121GR7qVyOFUX3qFyd3I-8evjVvFqlZefNp2k5aVJrRPc6ocLmeXR_ZMTa8N9R09ZGrt-umglCAnG91rQA-cMkFhsXjOBkxeisLtK_RS_rqBsVaXpiKFLPclEGGrhxHTDthCdeYA-KFgE7_7i92Ut2pVZuozBmgOEoQWwndwRvsj_eP25Ddu5xzsHPIwox6NVzxYUicUWNLAMQEttuyOazDrUiZD5t4nNYwgP0t_f4R-uVGXtRJZop4GIZ3XdqXl5X3FfH6b3BNWDz0a9PfIgmCfZV4Yxdt5EtQZCM4tYGNW_RKxwcYoDK31SkTSqav3KMyloPdltE15KEbD07dLfLo_LXW14jUTsduGyhwNY_MDjnjjmgeZrca1_6PSuvaUNPale7zExbGW9tnmKfqI3IvZGhkYntm27fD8H5Bnd-b1KGAHzWq1PQb6rprqVH5rtMAdvIYpgJYv-Nty8vOGL64czwMJjowUfDHQ7fHVpc5vKHc1mqTzrhguOFNDAh_UMk8AhnDQVX0zSybcfccN218jC3QKKhn3_bLxJu5F7GntgylIIry7-xnYNxs2uRfnHwPilaM38yoB-BPeF-s7sDCwqbh=w519-h346-no\"\/><!--more-->Da P\u00e1gina do MST \n<\/p><p>\nA proposta de Reforma da Previd\u00eancia apresentada pelo governo de Jair Bolsonaro (PSL) tem como objetivo atrasar e inviabilizar o acesso ao benef\u00edcio.\n<\/p><p>\nNo dia 22 de mar\u00e7o, em todo o pa\u00eds, com o apoio de movimentos populares, entidades e centrais sindicais, foram realizados atos para alertar a popula\u00e7\u00e3o sobre as mudan\u00e7as propostas pelo Governo Bolsonaro (PSL), que  tem como objetivo atrasar e inviabilizar o acesso ao benef\u00edcio. A proposta que j\u00e1 tinha sido apresentada no governo Temer foi remodulada e surge ainda mais danosa para classe trabalhadora.\n<\/p><p>\nDiante disso, \u00e9 preciso organizar uma a\u00e7\u00e3o de resist\u00eancia no Congresso e construir um amplo processo de debate com a sociedade.\n<\/p><p>\nE, para que isso tenha efetividade, \u00e9 preciso que todas e todos saibam o qu\u00e3o nocivo esse pacote \u00e9 para os j\u00e1 aposentados e tamb\u00e9m para os mais jovens.\n<\/p><p>\nAbaixo separamos 10 pontos que mostram o quanto a reforma vai atingir em cheio aqueles e aquelas que mais precisam. \n<\/p><p>\nConfira:  \n<\/p><p>\n1- A proposta cria uma idade m\u00ednima de aposentadoria. E, ao final do tempo de transi\u00e7\u00e3o do projeto, a possibilidade de aposentadoria por tempo de contribui\u00e7\u00e3o deixar\u00e1 de existir.\n<\/p><p>\n2- Para as mulheres, a idade m\u00ednima de aposentadoria ser\u00e1 de 62 anos, e para homens, de 65. Al\u00e9m disso, benefici\u00e1rios ter\u00e3o que contribuir por um m\u00ednimo de 20 anos.\n<\/p><p>\n3 &#8211; A proposta antecipa a idade de benef\u00edcio para idosos pobres, mas tamb\u00e9m reduz os valores iniciais pagos. O valor que atualmente \u00e9 de um sal\u00e1rio m\u00ednimo (R$ 998) vai passar para R$ 400 para quem tem 60 anos.\n<\/p><p>\n4 &#8211; A proposta de Bolsonaro acaba com o pagamento da multa de 40% do saldo do FGTS quando o trabalhador se aposentar e continuar na mesma empresa. \n<\/p><p>\n5 &#8211; O programa Jovem Aprendiz passa a n\u00e3o contar como tempo de trabalho para a aposentadoria; estima-se que hoje existam 444 mil jovens nesta condi\u00e7\u00e3o.\n<\/p><p>\n6 &#8211; Hoje, para a aposentadoria rural, a idade m\u00ednima \u00e9 de 55 anos para mulheres e 60 anos para homens, com tempo m\u00ednimo de 15 anos de contribui\u00e7\u00e3o. Com a reforma, para os trabalhadores rurais, a idade m\u00ednima de aposentadoria passa a ser de 60 anos, para homens e mulheres e a contribui\u00e7\u00e3o m\u00ednima ser\u00e1 de 20 anos. \n<\/p><p>\n7 &#8211; N\u00e3o \u00e9 apenas a aposentadoria que est\u00e1 em risco, mas outros benef\u00edcios ligados \u00e0 Previd\u00eancia Social, como o Benef\u00edcio de Presta\u00e7\u00e3o Continuada (BPC), as pens\u00f5es por morte e invalidez e v\u00e1rios outros ser\u00e3o alterados no valor e, tamb\u00e9m, nas regras de obten\u00e7\u00e3o.\n<\/p><p>\n8 &#8211; O m\u00e9todo de contribui\u00e7\u00e3o para as trabalhadoras do campo tamb\u00e9m imp\u00f5e dificuldades, j\u00e1 que a renda da fam\u00edlia oscila nos per\u00edodos de safra e estiagem, o que pode impossibilitar a contribui\u00e7\u00e3o para a previd\u00eancia.\n<\/p><p>\n9 &#8211; Outra altera\u00e7\u00e3o dr\u00e1stica ser\u00e1 a desvincula\u00e7\u00e3o da aposentadoria do Sal\u00e1rio M\u00ednimo, que ser\u00e1 51% da m\u00e9dia dos sal\u00e1rios de contribui\u00e7\u00e3o, somados a 1% por ano de contribui\u00e7\u00e3o. Isto significa que, para se aposentar com um sal\u00e1rio m\u00ednimo, um\/a trabalhador\/a rural necessitar\u00e1 ter contribu\u00eddo por 49 anos e ter come\u00e7ado a contribuir aos 16 anos de idade.\n<\/p><p>\n10 &#8211; A reforma da Previd\u00eancia vai afetar os mais pobres, pessoas que dependem integralmente desse benef\u00edcio para sobreviver. N\u00e3o considerar o impacto dessas mudan\u00e7as na vida da popula\u00e7\u00e3o brasileira \u00e9 contribuir diretamente com o aumento da desigualdade social justamente no momento da vida em que o trabalhador mais precisa. \n<\/p><p>\nhttp:\/\/www.mst.org.br\/2019\/03\/21\/10-motivos-para-o-trabalhador-ser-contra-a-reforma-da-previdencia-proposta-pelo-governo-bolsonaro.html\n","protected":false},"excerpt":{"rendered":"<a class=\"moretag\" href=\"https:\/\/pcb.org.br\/portal2\/22644\"> <\/a>","protected":false},"author":1,"featured_media":0,"comment_status":"closed","ping_status":"closed","sticky":false,"template":"","format":"standard","meta":{"jetpack_post_was_ever_published":false,"_jetpack_newsletter_access":"","_jetpack_dont_email_post_to_subs":false,"_jetpack_newsletter_tier_id":0,"_jetpack_memberships_contains_paywalled_content":false,"_jetpack_memberships_contains_paid_content":false,"footnotes":"","jetpack_publicize_message":"","jetpack_publicize_feature_enabled":true,"jetpack_social_post_already_shared":true,"jetpack_social_options":{"image_generator_settings":{"template":"highway","default_image_id":0,"font":"","enabled":false},"version":2}},"categories":[241],"tags":[224],"class_list":["post-22644","post","type-post","status-publish","format-standard","hentry","category-previdencia-social","tag-3b"],"jetpack_publicize_connections":[],"jetpack_featured_media_url":"","jetpack_shortlink":"https:\/\/wp.me\/p659gw-5Te","jetpack-related-posts":[],"jetpack_likes_enabled":true,"jetpack_sharing_enabled":true,"_links":{"self":[{"href":"https:\/\/pcb.org.br\/portal2\/wp-json\/wp\/v2\/posts\/22644","targetHints":{"allow":["GET"]}}],"collection":[{"href":"https:\/\/pcb.org.br\/portal2\/wp-json\/wp\/v2\/posts"}],"about":[{"href":"https:\/\/pcb.org.br\/portal2\/wp-json\/wp\/v2\/types\/post"}],"author":[{"embeddable":true,"href":"https:\/\/pcb.org.br\/portal2\/wp-json\/wp\/v2\/users\/1"}],"replies":[{"embeddable":true,"href":"https:\/\/pcb.org.br\/portal2\/wp-json\/wp\/v2\/comments?post=22644"}],"version-history":[{"count":0,"href":"https:\/\/pcb.org.br\/portal2\/wp-json\/wp\/v2\/posts\/22644\/revisions"}],"wp:attachment":[{"href":"https:\/\/pcb.org.br\/portal2\/wp-json\/wp\/v2\/media?parent=22644"}],"wp:term":[{"taxonomy":"category","embeddable":true,"href":"https:\/\/pcb.org.br\/portal2\/wp-json\/wp\/v2\/categories?post=22644"},{"taxonomy":"post_tag","embeddable":true,"href":"https:\/\/pcb.org.br\/portal2\/wp-json\/wp\/v2\/tags?post=22644"}],"curies":[{"name":"wp","href":"https:\/\/api.w.org\/{rel}","templated":true}]}}