{"id":22658,"date":"2019-03-26T20:48:08","date_gmt":"2019-03-26T23:48:08","guid":{"rendered":"https:\/\/pcb.org.br\/portal2\/?p=22658"},"modified":"2019-03-26T20:48:14","modified_gmt":"2019-03-26T23:48:14","slug":"mais-um-exemplo-da-solidariedade-internacionalista-de-cuba","status":"publish","type":"post","link":"https:\/\/pcb.org.br\/portal2\/22658","title":{"rendered":"Mais um exemplo da solidariedade internacionalista de Cuba"},"content":{"rendered":"\n<img decoding=\"async\" class=\"imagem\" title=\"imagem\"  alt=\"imagem\"  src=\"https:\/\/i0.wp.com\/4.bp.blogspot.com\/-p-ERcHJjNtM\/XJl8PtJZoVI\/AAAAAAABMdY\/ff7yGYaF71UohUfAtD9ZWwkrbnIgqDIBwCLcBGAs\/s1600\/anayansi-cuba-.jpg\"\/><!--more-->Anayansi Rodr\u00edguez Camejo, vice-ministra cubana de Rela\u00e7\u00f5es Exteriores. Foto: Ismael Francisco\/ Cubadebate.\n<\/p><p>\nCuba enviar\u00e1 um hospital de campanha e mais pessoal m\u00e9dico para Mo\u00e7ambique\n<\/p><p>\nComit\u00ea Carioca de Solidariedade a Cuba\n<\/p><p>\nUm hospital de campanha com todo seu pessoal e equipes imprescind\u00edveis viaja amanh\u00e3 para Mo\u00e7ambique para contribuir e combater  o impacto do devastador ciclone Idai, anunciou nesta segunda-feira a vice-ministra de Cuba, Anayansi Rodr\u00edguez Camejo.\n<\/p><p>\nA nova brigada m\u00e9dica se somar\u00e1 aos 372 colaboradores da Ilha que prestam servi\u00e7o no pa\u00eds africano, dos quais 36 cooperam desde o primeiro momento em que o fen\u00f4meno meteorol\u00f3gico tocou a terra em 14 de mar\u00e7o passado, comentou a vice-ministra do Minist\u00e9rio de Rela\u00e7\u00f5es Exteriores (MINREX).\n<\/p><p>\nAcrescentou que sua presen\u00e7a responde aos hist\u00f3ricos v\u00ednculos solid\u00e1rios cubano-africanos e em particular aos catastr\u00f3ficos danos provocados pelo furac\u00e3o, com cerca de 500 mortos, segundo estat\u00edsticas do Instituto Nacional de Gerenciamento de Emerg\u00eancias, do governo dessa Rep\u00fablica.\n<\/p><p>\nDiversas regi\u00f5es de Mo\u00e7ambique foram a\u00e7oitadas pelo ciclone Idai, que com ventos de 170 quil\u00f4metros por hora deixou ainda 110 mil pessoas sem casa  e muitos danos materiais.\n<\/p><p>\nA vice-titular do MINREX acompanhou Gladys Bejerano Portela, vice-presidenta do Conselho de Estado e Controladora Geral da Rep\u00fablica, na assinatura do livro de condol\u00eancias aberto na embaixada de Mo\u00e7ambique em Havana.\n<\/p><p>\n&#8220;Em nome do Estado, do Governo e do povo cubanos, expressamos nossas mais sentidas condol\u00eancias, pesar e solidariedade com o governo e o povo da irm\u00e3 Rep\u00fablica de Mo\u00e7ambique ante as lament\u00e1veis perdas humanas e econ\u00f4micas causados por Idai&#8221;, escreveu Bejerano Portela.\n<\/p><p>\n&#8220;Com a lembran\u00e7a de nossos l\u00edderes e a hist\u00f3ria que nos une&#8221;, assegurou, &#8220;Cuba estar\u00e1 sempre ao lado de Mo\u00e7ambique&#8221;.\n<\/p><p>\nMaputo \u00e9 a capital dessa na\u00e7\u00e3o africana, com quase 25 milh\u00f5es de habitantes e um territ\u00f3rio de 799 mil 380 quil\u00f4metros quadrados, que foi o mais danificado por Idai , que atingiu a categoria quatro, de um m\u00e1ximo de cinco da escala Saffir-Simpson.\n<\/p><p>\nhttps:\/\/solidariedadecubarj.blogspot.com\/2019\/03\/cuba-enviara-um-hospital-de-campanha-e.html\n","protected":false},"excerpt":{"rendered":"<a class=\"moretag\" href=\"https:\/\/pcb.org.br\/portal2\/22658\"> <\/a>","protected":false},"author":1,"featured_media":0,"comment_status":"closed","ping_status":"closed","sticky":false,"template":"","format":"standard","meta":{"jetpack_post_was_ever_published":false,"_jetpack_newsletter_access":"","_jetpack_dont_email_post_to_subs":false,"_jetpack_newsletter_tier_id":0,"_jetpack_memberships_contains_paywalled_content":false,"_jetpack_memberships_contains_paid_content":false,"footnotes":"","jetpack_publicize_message":"","jetpack_publicize_feature_enabled":true,"jetpack_social_post_already_shared":true,"jetpack_social_options":{"image_generator_settings":{"template":"highway","default_image_id":0,"font":"","enabled":false},"version":2}},"categories":[47],"tags":[234],"class_list":["post-22658","post","type-post","status-publish","format-standard","hentry","category-c57-revolucao-cubana","tag-6b"],"jetpack_publicize_connections":[],"jetpack_featured_media_url":"","jetpack_shortlink":"https:\/\/wp.me\/p659gw-5Ts","jetpack-related-posts":[],"jetpack_likes_enabled":true,"jetpack_sharing_enabled":true,"_links":{"self":[{"href":"https:\/\/pcb.org.br\/portal2\/wp-json\/wp\/v2\/posts\/22658","targetHints":{"allow":["GET"]}}],"collection":[{"href":"https:\/\/pcb.org.br\/portal2\/wp-json\/wp\/v2\/posts"}],"about":[{"href":"https:\/\/pcb.org.br\/portal2\/wp-json\/wp\/v2\/types\/post"}],"author":[{"embeddable":true,"href":"https:\/\/pcb.org.br\/portal2\/wp-json\/wp\/v2\/users\/1"}],"replies":[{"embeddable":true,"href":"https:\/\/pcb.org.br\/portal2\/wp-json\/wp\/v2\/comments?post=22658"}],"version-history":[{"count":0,"href":"https:\/\/pcb.org.br\/portal2\/wp-json\/wp\/v2\/posts\/22658\/revisions"}],"wp:attachment":[{"href":"https:\/\/pcb.org.br\/portal2\/wp-json\/wp\/v2\/media?parent=22658"}],"wp:term":[{"taxonomy":"category","embeddable":true,"href":"https:\/\/pcb.org.br\/portal2\/wp-json\/wp\/v2\/categories?post=22658"},{"taxonomy":"post_tag","embeddable":true,"href":"https:\/\/pcb.org.br\/portal2\/wp-json\/wp\/v2\/tags?post=22658"}],"curies":[{"name":"wp","href":"https:\/\/api.w.org\/{rel}","templated":true}]}}