{"id":22742,"date":"2019-04-05T21:18:18","date_gmt":"2019-04-06T00:18:18","guid":{"rendered":"https:\/\/pcb.org.br\/portal2\/?p=22742"},"modified":"2019-04-05T21:18:23","modified_gmt":"2019-04-06T00:18:23","slug":"bolsonaro-e-o-nazismo-mais-uma-cortina-de-fumaca","status":"publish","type":"post","link":"https:\/\/pcb.org.br\/portal2\/22742","title":{"rendered":"Bolsonaro e o Nazismo: mais uma cortina de fuma\u00e7a"},"content":{"rendered":"\n<img decoding=\"async\" class=\"imagem\" title=\"imagem\"  alt=\"imagem\"  src=\"https:\/\/i0.wp.com\/lh3.googleusercontent.com\/AX1ikWxWKMGldqkjzeqgyysLSLiy1fvz2PcQDgWJDTx47_cW3YNXzw1PlcGo10BWMWhEZy68Cs1fqvdllJP7ns9F9qeT_ihX7nJx3_Aa2vZLXHvpYt3xKIfIUd9QO13bvttcMwUMwjkWAsb_38oa4z9s8GfLzGobMOEqRX7YeJFtS8SwgYor6afmaHovf_WAQGz739KPrUrh052jfSv8kR8ApsThOQzTiT28CL2S2Pq-28sZfD45MKg2ZbxFVnxI22JDX-81unlzWVpTcHuKiXVmpje_YJMqEnOogY47bFHRCeufslbB2BGFPw2UAqg5ZkiSel77KfaUbM5ferrtisVEq3pGeCRDYq6evWESIZvH9jTIvF5Mn2PYrrsrkPFy4EzwrKlhhaPdwhrUy_FBFQiJ6KHJxwcKlNTyItuFmAZKM5-j6hJ2PwApys1L_NdoBd6Wcvms3tEpwwX6QfoatCYMV4mvFTZM0nl2HBeP8ZkQdPVbfEfXuQ-M4dH3w76uqEv6mL5GSXWLz3bpsRsM5YS5UyzqYHyWcV8nJp0EQcVJGwctCfeNX6Zp3XVvVeoP_kiCfxIThK031BDUvfFoa7xApBeryZe64ZReYwN-S4o7eF0f1dy0dgTk9qU_utIhizbk7722siwOytqhxKpEGP7u1kgY6vo_=w660-h371-no\"\/><!--more-->OLHAR COMUNISTA\n<\/p><p>\nA declara\u00e7\u00e3o de Bolsonaro, que reafirma a coloca\u00e7\u00e3o do ministro das Rela\u00e7\u00f5es Exteriores, Ernesto Ara\u00fajo, de que o Nazismo, na Alemanha de Hitler, foi um movimento de esquerda \u00e9 prova de profunda ignor\u00e2ncia, hipocrisia e m\u00e1-f\u00e9. \n<\/p><p>\nA ignor\u00e2ncia \u00e9 clara. N\u00e3o h\u00e1 nenhuma d\u00favida quanto ao car\u00e1ter de direita do Nazismo e do Fascismo. O Museu do Holocausto, em Jerusal\u00e9m, define o Nazismo, claramente, como um movimento de extrema direita, citando, al\u00e9m do elemento racista \u2013 a alegada superioridade da ra\u00e7a ariana que \u201cjustificava\u201d a persegui\u00e7\u00e3o a minorias como os ciganos e os homossexuais \u2013  e o exterm\u00ednio, em escala industrial, de seis milh\u00f5es de judeus, o fato de que foram tamb\u00e9m perseguidos e mortos milhares de militantes socialistas e comunistas. \n<\/p><p>\nA expans\u00e3o militar da Alemanha, antes e durante os primeiros anos da Segunda Guerra Mundial, foi organizada para subjugar, escravizar e exterminar outros povos, fazendo parte da estrat\u00e9gia de conquista do chamado &#8220;espa\u00e7o vital&#8221; alem\u00e3o, forma encontrada pelos nazistas para tirar, por meio da guerra imperialista e anexa\u00e7\u00e3o de territ\u00f3rios, a Alemanha da grande crise em que vivia, como consequ\u00eancia da crise geral do sistema capitalista que explodiu em 1929. Naquele per\u00edodo foram abolidas todas as liberdades democr\u00e1ticas naquele pa\u00eds, dando in\u00edcio a um regime ditatorial e sanguin\u00e1rio. \n<\/p><p>\nTodas as universidades importantes do mundo e todo o sistema cient\u00edfico definem o Nazismo como de extrema direita. O Nazismo que vigorou na Alemanha nos anos 1930 e levou \u00e0 guerra, de 1939 a 1945, teve claro apoio das grandes empresas alem\u00e3es, com destaque para o grupo Krupp. O Nazismo era apoiado por e se voltava para a atender os interesses da grande burguesia, que usufruiu das benesses e riquezas geradas pelo esfor\u00e7o de guerra, o qual inclu\u00eda jornadas estendidas dos oper\u00e1rios e trabalho escravo dos prisioneiros judeus. Todo o esfor\u00e7o de guerra foi contratado junto \u00e0s empresas capitalistas, que, ao final do conflito, tinham fortunas depositadas em bancos su\u00ed\u00e7os, muitas das quais se mant\u00eam at\u00e9 hoje. Seus donos mantiveram-se milion\u00e1rios. \n<\/p><p>\nA hipocrisia \u00e9 o desconhecimento ou a n\u00e3o alus\u00e3o intencional aos movimentos de hoje que se reivindicam nazistas. Os supremacistas brancos dos Estados Unidos, os neonazistas europeus e grupos assemelhados que atuam em diversos pa\u00edses, como o Brasil, tamb\u00e9m t\u00eam, como seus alvos preferenciais, as minorias \u00e9ticas, os negros, os homossexuais, as mulheres, os pobres em geral, assim como os comunistas e socialistas. No caso europeu e nos EUA, os alvos principais s\u00e3o os imigrantes. S\u00e3o movimentos que hoje se identificam com o ultraliberalismo \u2013 que favorece a classe dominante, os grandes empres\u00e1rios \u2013 e se utilizam de m\u00e9todos violentos de a\u00e7\u00e3o. Muitos grupos com essa caracteriza\u00e7\u00e3o apoiam o atual governo brasileiro e se comportam dessa forma.\n<\/p><p>\nA m\u00e1-f\u00e9 \u00e9 a inten\u00e7\u00e3o de tentar livrar do governo e de movimentos e grupos que o apoiam a caracteriza\u00e7\u00e3o de nazistas, mesmo com todos os elementos comuns que apresentam, em seus pronunciamentos e a\u00e7\u00f5es, com essa ideologia. A defesa da ditadura empresarial militar no Brasil, da pr\u00e1tica da tortura, do exterm\u00ednio de \u00edndios e quilombolas, da homofobia e os ataques \u00e0s liberdades democr\u00e1ticas s\u00e3o alguns desse elementos. E \u00e9 clara a inten\u00e7\u00e3o de gerar confus\u00e3o, descaracterizar e atacar as esquerdas em geral e, em particular, os socialistas e comunistas, os ideais de fraternidade, justi\u00e7a social e igualdade, o que de melhor a humanidade j\u00e1 produziu como proposta para o seu porvir.\n<\/p><p>\nFoto: AFP\n","protected":false},"excerpt":{"rendered":"<a class=\"moretag\" href=\"https:\/\/pcb.org.br\/portal2\/22742\"> <\/a>","protected":false},"author":1,"featured_media":0,"comment_status":"closed","ping_status":"closed","sticky":false,"template":"","format":"standard","meta":{"jetpack_post_was_ever_published":false,"_jetpack_newsletter_access":"","_jetpack_dont_email_post_to_subs":false,"_jetpack_newsletter_tier_id":0,"_jetpack_memberships_contains_paywalled_content":false,"_jetpack_memberships_contains_paid_content":false,"footnotes":"","jetpack_publicize_message":"","jetpack_publicize_feature_enabled":true,"jetpack_social_post_already_shared":true,"jetpack_social_options":{"image_generator_settings":{"template":"highway","default_image_id":0,"font":"","enabled":false},"version":2}},"categories":[7],"tags":[224],"class_list":["post-22742","post","type-post","status-publish","format-standard","hentry","category-s8-brasil","tag-3b"],"jetpack_publicize_connections":[],"jetpack_featured_media_url":"","jetpack_shortlink":"https:\/\/wp.me\/p659gw-5UO","jetpack-related-posts":[],"jetpack_likes_enabled":true,"jetpack_sharing_enabled":true,"_links":{"self":[{"href":"https:\/\/pcb.org.br\/portal2\/wp-json\/wp\/v2\/posts\/22742","targetHints":{"allow":["GET"]}}],"collection":[{"href":"https:\/\/pcb.org.br\/portal2\/wp-json\/wp\/v2\/posts"}],"about":[{"href":"https:\/\/pcb.org.br\/portal2\/wp-json\/wp\/v2\/types\/post"}],"author":[{"embeddable":true,"href":"https:\/\/pcb.org.br\/portal2\/wp-json\/wp\/v2\/users\/1"}],"replies":[{"embeddable":true,"href":"https:\/\/pcb.org.br\/portal2\/wp-json\/wp\/v2\/comments?post=22742"}],"version-history":[{"count":0,"href":"https:\/\/pcb.org.br\/portal2\/wp-json\/wp\/v2\/posts\/22742\/revisions"}],"wp:attachment":[{"href":"https:\/\/pcb.org.br\/portal2\/wp-json\/wp\/v2\/media?parent=22742"}],"wp:term":[{"taxonomy":"category","embeddable":true,"href":"https:\/\/pcb.org.br\/portal2\/wp-json\/wp\/v2\/categories?post=22742"},{"taxonomy":"post_tag","embeddable":true,"href":"https:\/\/pcb.org.br\/portal2\/wp-json\/wp\/v2\/tags?post=22742"}],"curies":[{"name":"wp","href":"https:\/\/api.w.org\/{rel}","templated":true}]}}