{"id":22796,"date":"2019-04-10T22:02:48","date_gmt":"2019-04-11T01:02:48","guid":{"rendered":"https:\/\/pcb.org.br\/portal2\/?p=22796"},"modified":"2019-04-10T22:02:53","modified_gmt":"2019-04-11T01:02:53","slug":"nota-politica-coletivo-negro-minervino-de-oliveira","status":"publish","type":"post","link":"https:\/\/pcb.org.br\/portal2\/22796","title":{"rendered":"Nota pol\u00edtica &#8211; Coletivo Negro Minervino de Oliveira"},"content":{"rendered":"\n<img decoding=\"async\" class=\"imagem\" title=\"imagem\"  alt=\"imagem\"  src=\"https:\/\/i0.wp.com\/lh3.googleusercontent.com\/T-JRDV57qj4OR4D4UJJfrfgQv0IKm34vssOouzHWw17hThXij-bNFY8yFW7FaQGsSHyccRJJLAPfCNM4kPergDS9lcdW_BITRPIv2Cm_NoAtbjHA3nfXImyYEAoL1gy9pTXX39pxY-YFtH1E4E_8v0DmVG_Wq7oS4k0zllff8GN5ZXaH_8b0YQdXalek_bS1wvCFHJoHkAxuugow8dMQSrGCAWGqDkKUbMf1Mnl4VrtfmGE2nujZ44lPDkZNctT2bVQMOk2OfUVoI1J3L_2sqe_5269kTMV4n4R2WV-m6QtuubnLPcnRVXbwmPzwOwKduy66cUyf8xR2lcqGgdPqVq3QXtXjvi-F9wVk2RXN4e3bn4iegWl9wyzdGu5EGRkFct_glMeQN5ZQIbdwK6LdDmJDFLu_WOunzZ2cRtpoBJaclMYfRfRnE-pF6IGBLiZarVNh5vkys7cLd0z2122xxKZ7ML4sLTrWst0juLrkyc6vrBn9MmPhP_BUEWl4bkR9pfuLRLeRcs2sg6jfWALqrkr08brzKsP9a0AG0Q5pvu3W0WghYxWShrlgMPxjrYZnnDyY8teGcIO5sC6aRqRRrL-5p-vA6ABtcf89bwO_C_v8zSJCLa7O3CN3HdPWUvO5H1lJSR5QAo_aedklOu1hDZQ9J5ALlfSZ=w720-h654-no\"\/><!--more-->Coordena\u00e7\u00e3o Nacional do Coletivo Negro Minervino de Oliveira\n<\/p><p>\nNo dia 7 de Abril, Evaldo dos Santos Rosa se deslocava com sua fam\u00edlia em dire\u00e7\u00e3o a um ch\u00e1 de beb\u00ea, pelas vias do bairro Guadalupe, conhecido pela predomin\u00e2ncia de quart\u00e9is do Ex\u00e9rcito e setores administrativos das For\u00e7as Armadas, al\u00e9m de violentas incurs\u00f5es policiais e das FAs em comunidades ao redor do bairro.\n<\/p><p>\nEvaldo teve sua vida interrompida e sua fam\u00edlia inteira posta em risco, al\u00e9m de ferida, devido aos 80 tiros disparados por uma guarni\u00e7\u00e3o do Ex\u00e9rcito Brasileiro, que fazia uma incurs\u00e3o no local \u00e0 procura de um suspeito que estava em suposta fuga. Os oitenta tiros disparados de uma vez s\u00f3, sem nenhuma ordem de parada ou tiros de aviso &#8211; procedimentos ditos padr\u00f5es em interven\u00e7\u00f5es realizadas pelos agentes de seguran\u00e7a p\u00fablica &#8211; explicitam uma intensifica\u00e7\u00e3o do projeto [pol\u00edtico] que j\u00e1 vigora, com o aux\u00edlio das superestruturas capitaneadas pelos setores do capital, para uma fase onde este projeto, o genoc\u00eddio da popula\u00e7\u00e3o negra e perif\u00e9rica, \u00e9 posto a olhos nus, com t\u00e1ticas cada vez mais brutas de execu\u00e7\u00e3o sum\u00e1ria de seus alvos.\n<\/p><p>\nO saldo de a\u00e7\u00f5es realizadas tanto quanto incurs\u00f5es em comunidades, quanto rondas ostensivas realizadas pelas For\u00e7as Armadas durante o per\u00edodo da Interven\u00e7\u00e3o Federal, decretado pelo ex-presidente Michel Temer, n\u00e3o nos deixa nenhuma d\u00favida: um n\u00famero de aproximadamente mil mortos, nos oito meses, somente no Rio de Janeiro. As declara\u00e7\u00f5es do presidente Bolsonaro a respeito da ind\u00fastria b\u00e9lica e o desejo de fortalecimento da mesma no pa\u00eds tamb\u00e9m n\u00e3o deixam d\u00favidas do interesse dos setores armamentistas neste projeto [pol\u00edtico] e explicitam o despreparo do mesmo quanto \u00e0s quest\u00f5es de Seguran\u00e7a P\u00fablica,al\u00e9m de colocar em cheque a seguinte contradi\u00e7\u00e3o: ao reduzirmos o problema da viol\u00eancia p\u00fablica de forma generalizada \u00e0 posse irrestrita de armas, encontraremos dados relacionados ao porte e a posse de armas sejam eles legais ou ilegais, que mostram uma realidade completamente diferente daquela que o ministro da justi\u00e7a S\u00e9rgio Moro e o presidente Bolsonaro tentam pautar.\n<\/p><p>\nO crescimento nas apreens\u00f5es de armas de fogo, assim como a marca de 7 mil tiroteios ap\u00f3s o t\u00e9rmino da interven\u00e7\u00e3o federal e o aumento da letalidade nos disparos efetuados pelos agentes de seguran\u00e7a p\u00fablica, resultando em mais v\u00edtimas fatais, n\u00e3o \u00e9 espont\u00e2neo nem aleat\u00f3rio: eles fazem parte das contradi\u00e7\u00f5es supracitadas que o Judici\u00e1rio insiste em pautar como solu\u00e7\u00e3o, como o enrijecimento das incurs\u00f5es policiais e das execu\u00e7\u00f5es penais, assim como a facilita\u00e7\u00e3o do posse de armas.\n<\/p><p>\nA promessa de quebra do monop\u00f3lio da Taurus, uma das principais fabricantes de armas no Brasil, realizada pelo presidente e seus apoiadores de bancada legislativa &#8211; a bancada da bala &#8211; n\u00e3o beneficia a popula\u00e7\u00e3o, tampouco oferecem seguranca ao trabalhador. \u00c9 somente mais uma das fal\u00e1cias que foram disseminadas no per\u00edodo eleitoral na forma de solu\u00e7\u00e3o concreta para um problema que tem origem estrutural.\n<\/p><p>\nFaz-se necess\u00e1rio destacar aqui o principal investidor direto deste setor: a Imbel, pe\u00e7a chave do setor armamentista nacional enquanto fornecedora direta e por demanda do Estado de armas de fogo, cujo rendimento cresceu exponencialmente nos \u00faltimos 4 anos. O investimento direto do Estado nas pol\u00edticas armamentistas internas faz com que o retorno da guerra \u00e0s drogas, outro desdobramento das pol\u00edticas de exterm\u00ednio, e das demais [pol\u00edticas] se mantenham em forma de lucro. \n<\/p><p>\nA subservi\u00eancia aos EUA encabe\u00e7ada pela gest\u00e3o Bolsonaro somada a uma maior aproxima\u00e7\u00e3o comercial com Israel, um dos maiores exportadores de armamento e treinamento militar do mundo &#8211; conhecido por sua pol\u00edtica de exterm\u00ednio do povo palestino &#8211; nos coloca diante de um alinhamento geopol\u00edtico, com potencial para o crescimento desenfreado de mecanismos de repress\u00e3o \u00e0s camadas populares. A importa\u00e7\u00e3o de novas tecnologias como drones em incurs\u00f5es policiais e a cria\u00e7\u00e3o de calibres ultraperfurantes s\u00e3o colocadas a prova diariamente.\n<\/p><p>\nO avan\u00e7o do poder paramilitar em n\u00edvel nacional e dos grupos de exterm\u00ednio, cujo tr\u00e1fico de armas lucra ostensivamente com as atividades do poder paralelo, evidencia a aus\u00eancia de controle do Estado quanto \u00e0s armas de fogo e ao mesmo tempo o seu interesse nelas.\n<\/p><p>\nO Estado burgu\u00eas na sua forma mais expl\u00edcita aqui deve ser responsabilizado por cada uma destas mortes, em consequ\u00eancia das pol\u00edticas p\u00fablicas e jur\u00eddicas que alavancam o genoc\u00eddio da popula\u00e7\u00e3o negra e perif\u00e9rica, tanto em n\u00edvel regional &#8211; como \u00e9 o caso do Rio de Janeiro, onde seu governador (Wilson Witzel &#8211; PSC\/RJ) publicamente admitiu a exist\u00eancia de atiradores de elite em incurs\u00f5es dentro das comunidades, pr\u00e1tica esta terminantemente assustadora e com o intuito somente de matar com mais precis\u00e3o &#8211; tanto em n\u00edvel nacional.\n<\/p><p>\nA exist\u00eancia das mais cru\u00e9is t\u00e1ticas de execu\u00e7\u00e3o sum\u00e1ria, utilizando-se dos aparelhos repressivos do Estado a fim de coibir a viol\u00eancia urbana e resultando em cada vez mais mortes \u00e9 uma pr\u00e1tica e um problema comum aos estados da Federa\u00e7\u00e3o. Na Bahia de Rui Costa (PT\/BA) os homic\u00eddios causados pela Pol\u00edcia Militar baiana cresceram durante sua gest\u00e3o, enquanto seu gestor se diz apoiador do dito pacote anticriminalidade proposto pelo ministro da justi\u00e7a.\n<\/p><p>\nO dito pacote anticriminalidade endossado por S\u00e9rgio Moro e apoiado pelo presidente da Rep\u00fablica, Jair Bolsonaro, \u00e9 mais uma pe\u00e7a neste processo, que ora opera nas inst\u00e2ncias mais extremas (as opera\u00e7\u00f5es em favelas, por exemplo) ora opera nas inst\u00e2ncias jur\u00eddicas e pol\u00edticas, corroborando a exist\u00eancia de um judici\u00e1rio e um legislativo mais punitivistas e, em consequ\u00eancia, se valendo do racismo estrutural, mais genocidas e encarceradores.\n<\/p><p>\nEntendemos enquanto coletivo negro e marxista que estas inst\u00e2ncias n\u00e3o podem ser dissociadas do \u00e2mbito de classe pois quem mais lucra com as mortes em favelas e nas ruas \u00e9 o Estado burgu\u00eas, como gerente e administrador desta crise que deixa consequ\u00eancias t\u00e3o tristes, como a morte de Evaldo. \n<\/p><p>\nA supera\u00e7\u00e3o plena dessas condi\u00e7\u00f5es materiais s\u00f3 ser\u00e1 alcan\u00e7ada atrav\u00e9s do processo revolucion\u00e1rio de quebra de todas as superestruturas respons\u00e1veis pela manuten\u00e7\u00e3o do racismo estrutural, com a destrui\u00e7\u00e3o do capitalismo e o proletariado no poder.\n<\/p><p>\nO Coletivo Negro Minervino de Oliveira, atrav\u00e9s desta nota, expressa profundo pesar \u00e0 fam\u00edlia de Evaldo dos Santos Rosa e extremo rep\u00fadio \u00e0s mais cru\u00e9is t\u00e1ticas de execu\u00e7\u00e3o, engendradas pelo racismo estrutural e pelo genoc\u00eddio da popula\u00e7\u00e3o preta e perif\u00e9rica. \n<\/p><p>\nBasta de guerra aos pretos e pobres!\nOrganizar a popula\u00e7\u00e3o preta e perif\u00e9rica no enfrentamento ao racismo estrutural!\n<\/p><p>\nColetivo Negro Minervino de Oliveira &#8211; Nacional\n<\/p><p>\n09\/04\/2019\n","protected":false},"excerpt":{"rendered":"<a class=\"moretag\" href=\"https:\/\/pcb.org.br\/portal2\/22796\"> <\/a>","protected":false},"author":1,"featured_media":0,"comment_status":"closed","ping_status":"closed","sticky":false,"template":"","format":"standard","meta":{"jetpack_post_was_ever_published":false,"_jetpack_newsletter_access":"","_jetpack_dont_email_post_to_subs":false,"_jetpack_newsletter_tier_id":0,"_jetpack_memberships_contains_paywalled_content":false,"_jetpack_memberships_contains_paid_content":false,"footnotes":"","jetpack_publicize_message":"","jetpack_publicize_feature_enabled":true,"jetpack_social_post_already_shared":true,"jetpack_social_options":{"image_generator_settings":{"template":"highway","default_image_id":0,"font":"","enabled":false},"version":2}},"categories":[124],"tags":[223],"class_list":["post-22796","post","type-post","status-publish","format-standard","hentry","category-c137-coletivo-minervino-de-oliveira","tag-3a"],"jetpack_publicize_connections":[],"jetpack_featured_media_url":"","jetpack_shortlink":"https:\/\/wp.me\/p659gw-5VG","jetpack-related-posts":[],"jetpack_likes_enabled":true,"jetpack_sharing_enabled":true,"_links":{"self":[{"href":"https:\/\/pcb.org.br\/portal2\/wp-json\/wp\/v2\/posts\/22796","targetHints":{"allow":["GET"]}}],"collection":[{"href":"https:\/\/pcb.org.br\/portal2\/wp-json\/wp\/v2\/posts"}],"about":[{"href":"https:\/\/pcb.org.br\/portal2\/wp-json\/wp\/v2\/types\/post"}],"author":[{"embeddable":true,"href":"https:\/\/pcb.org.br\/portal2\/wp-json\/wp\/v2\/users\/1"}],"replies":[{"embeddable":true,"href":"https:\/\/pcb.org.br\/portal2\/wp-json\/wp\/v2\/comments?post=22796"}],"version-history":[{"count":0,"href":"https:\/\/pcb.org.br\/portal2\/wp-json\/wp\/v2\/posts\/22796\/revisions"}],"wp:attachment":[{"href":"https:\/\/pcb.org.br\/portal2\/wp-json\/wp\/v2\/media?parent=22796"}],"wp:term":[{"taxonomy":"category","embeddable":true,"href":"https:\/\/pcb.org.br\/portal2\/wp-json\/wp\/v2\/categories?post=22796"},{"taxonomy":"post_tag","embeddable":true,"href":"https:\/\/pcb.org.br\/portal2\/wp-json\/wp\/v2\/tags?post=22796"}],"curies":[{"name":"wp","href":"https:\/\/api.w.org\/{rel}","templated":true}]}}