{"id":22798,"date":"2019-04-11T21:38:47","date_gmt":"2019-04-12T00:38:47","guid":{"rendered":"https:\/\/pcb.org.br\/portal2\/?p=22798"},"modified":"2019-04-11T21:38:53","modified_gmt":"2019-04-12T00:38:53","slug":"santrich-um-ano-na-prisao-condenado-sem-provas","status":"publish","type":"post","link":"https:\/\/pcb.org.br\/portal2\/22798","title":{"rendered":"Santrich: um ano na pris\u00e3o, condenado sem provas"},"content":{"rendered":"\n<img decoding=\"async\" class=\"imagem\" title=\"imagem\"  alt=\"imagem\"  src=\"https:\/\/i0.wp.com\/www.resumenlatinoamericano.org\/wp-content\/uploads\/2019\/04\/9-de-ab-Jesus-Santrich-620x400.jpg\"\/><!--more-->Resumen Latinoamericano\n<\/p><p>\nO dirigente das FARC Jes\u00fas Santrich cumpre um ano na pris\u00e3o, sem que os Estados Unidos, que pediram sua reclus\u00e3o e extradi\u00e7\u00e3o, tenham apresentado provas do delito de narcotr\u00e1fico que lhe \u00e9 imputado.\n<\/p><p>\n&#8220;Eu n\u00e3o sou um narcotraficante, sou um revolucion\u00e1rio. Jamais em minha vida tive qualquer tipo de vincula\u00e7\u00e3o com a droga, nem antes nem depois de pertencer \u00e0 guerrilha&#8221;, destacou Santrich em entrevista concedida \u00e0 Blu Radio da Col\u00f4mbia.\n<\/p><p>\nO ex-comandante da antiga guerrilha For\u00e7as Armadas Revolucion\u00e1rias da Col\u00f4mbia-Ex\u00e9rcito do Povo enfatizou ter passado um ano injustamente encarcerado.\n<\/p><p>\n&#8220;Este foi um ano de um processo em que ningu\u00e9m conseguiu apresentar uma \u00fanica prova de que eu tenha algum tipo de v\u00ednculo com o narcotr\u00e1fico. E essa prova n\u00e3o v\u00e3o conseguir nem aqui nem nos EUA, simplesmente porque n\u00e3o existe tal v\u00ednculo&#8221;, afirmou.\n<\/p><p>\nReiterou Santrich, como fez o atual partido For\u00e7a Alternativa Revolucion\u00e1ria do Comum (FARC), que seu caso corresponde a uma montagem da Procuradoria local e da DEA para torpedear o processo de paz.\n<\/p><p>\n&#8220;Eu n\u00e3o tenho nenhum tipo de rela\u00e7\u00e3o com cartel algum. O promotor, desde o primeiro momento en que me capturou, disse que tinha provas irrefut\u00e1veis dessa conex\u00e3o (\u2026) \u00c9 uma fic\u00e7\u00e3o que passaram como not\u00edcia verdadeira e \u00e9 o que pretendem seguir afian\u00e7ando&#8221;, completou.\n<\/p><p>\nComentou, ainda, que em seu prolongado confinamento sempre se sentiu respaldado pela milit\u00e2ncia e pela dire\u00e7\u00e3o de seu partido e, em especial, pela base de ex-combatentes, de companheiros e companheiras que estiveram na outrora for\u00e7a insurgente.\n<\/p><p>\nAs FARC t\u00eam denunciado insistentemente a deten\u00e7\u00e3o de Santrich, que permanece na pris\u00e3o La Picota de Bogot\u00e1.\n<\/p><p>\n\u00c9 evidente a montagem contra Santrich com a finalidade de desestabilizar o processo de paz, semear a inseguran\u00e7a jur\u00eddica nos ex-guerrilheiros e debilitar a Justi\u00e7a Especial de Paz. \n<\/p><p>\nConforme assinalou uma recente declara\u00e7\u00e3o do Conselho Pol\u00edtico Nacional das FARC:\n<\/p><p>\nLiberdade imediata para Santrich! \n<\/p><p>\nagp\/tpa\/cvl\n<\/p><p>\nTradu\u00e7\u00e3o: Partido Comunista Brasileiro PCB\n<\/p><p>\nFonte: http:\/\/www.resumenlatinoamericano.org\/2019\/04\/09\/colombia-lider-de-las-farc-jesus-santrich-cumple-un-ano-en-prision\/\n","protected":false},"excerpt":{"rendered":"<a class=\"moretag\" href=\"https:\/\/pcb.org.br\/portal2\/22798\"> <\/a>","protected":false},"author":1,"featured_media":0,"comment_status":"closed","ping_status":"closed","sticky":false,"template":"","format":"standard","meta":{"jetpack_post_was_ever_published":false,"_jetpack_newsletter_access":"","_jetpack_dont_email_post_to_subs":false,"_jetpack_newsletter_tier_id":0,"_jetpack_memberships_contains_paywalled_content":false,"_jetpack_memberships_contains_paid_content":false,"footnotes":"","jetpack_publicize_message":"","jetpack_publicize_feature_enabled":true,"jetpack_social_post_already_shared":true,"jetpack_social_options":{"image_generator_settings":{"template":"highway","default_image_id":0,"font":"","enabled":false},"version":2}},"categories":[34],"tags":[234],"class_list":["post-22798","post","type-post","status-publish","format-standard","hentry","category-c39-colombia","tag-6b"],"jetpack_publicize_connections":[],"jetpack_featured_media_url":"","jetpack_shortlink":"https:\/\/wp.me\/p659gw-5VI","jetpack-related-posts":[],"jetpack_likes_enabled":true,"jetpack_sharing_enabled":true,"_links":{"self":[{"href":"https:\/\/pcb.org.br\/portal2\/wp-json\/wp\/v2\/posts\/22798","targetHints":{"allow":["GET"]}}],"collection":[{"href":"https:\/\/pcb.org.br\/portal2\/wp-json\/wp\/v2\/posts"}],"about":[{"href":"https:\/\/pcb.org.br\/portal2\/wp-json\/wp\/v2\/types\/post"}],"author":[{"embeddable":true,"href":"https:\/\/pcb.org.br\/portal2\/wp-json\/wp\/v2\/users\/1"}],"replies":[{"embeddable":true,"href":"https:\/\/pcb.org.br\/portal2\/wp-json\/wp\/v2\/comments?post=22798"}],"version-history":[{"count":0,"href":"https:\/\/pcb.org.br\/portal2\/wp-json\/wp\/v2\/posts\/22798\/revisions"}],"wp:attachment":[{"href":"https:\/\/pcb.org.br\/portal2\/wp-json\/wp\/v2\/media?parent=22798"}],"wp:term":[{"taxonomy":"category","embeddable":true,"href":"https:\/\/pcb.org.br\/portal2\/wp-json\/wp\/v2\/categories?post=22798"},{"taxonomy":"post_tag","embeddable":true,"href":"https:\/\/pcb.org.br\/portal2\/wp-json\/wp\/v2\/tags?post=22798"}],"curies":[{"name":"wp","href":"https:\/\/api.w.org\/{rel}","templated":true}]}}