{"id":228,"date":"2009-01-24T09:52:36","date_gmt":"2009-01-24T09:52:36","guid":{"rendered":"http:\/\/pcb.org.br\/portal2\/?p=228"},"modified":"2009-01-24T09:52:36","modified_gmt":"2009-01-24T09:52:36","slug":"a-une-ja-voltou-pra-casa-volta-pra-luta-quando","status":"publish","type":"post","link":"https:\/\/pcb.org.br\/portal2\/228","title":{"rendered":"A UNE j\u00e1 voltou pra casa, volta pra luta quando?"},"content":{"rendered":"\n<p>A UNE n\u00e3o pode se pautar pelos compromissos assumidos pelo PCdoB \/ UJS na base do Governo Federal. Postura como a vergonhosa passeata estudantil apoiando Eduardo Paes do PMDB no segundo turno das elei\u00e7\u00f5es cariocas, nem mesmo diante das justificativas mais sem fundamentos que argumentavam que tal apoio teria sido apenas da presidente da UNE, como se a pr\u00f3pria defesa de presidencialismo e suas atribui\u00e7\u00f5es para a UNE feita pela UJS fossem ignoradas, isso sem levar em considera\u00e7\u00e3o o fato de que Lucia Stumpf n\u00e3o \u00e9 carioca, e n\u00e3o tem seu domicilio eleitoral no Rio de Janeiro, tendo como proje\u00e7\u00e3o pol\u00edtica seu nome enquanto presidente da entidade.<\/p>\n<p>A UJC possui a compreens\u00e3o de que a entidade UNE \u00e9 maior que as for\u00e7as que a comp\u00f5em, e, portanto, n\u00e3o devendo ser pautada pelas necessidades das organiza\u00e7\u00f5es que a dirigem. Devemos fortalecer o dialogo da UNE diretamente com a base do movimento, com os estudantes, nos cursos, nas faculdades e universidades do Brasil. A UNE deve voltar suas aten\u00e7\u00f5es a um projeto de educa\u00e7\u00e3o que de fato revolucione a educa\u00e7\u00e3o superior brasileira, devemos debater em todo o lugar, onde houver estudantes a Universidade Popular, a possibilidade e a necessidade de se construir uma proposta de Universidade diferente, qualitativamente nova.<\/p>\n<p>Queremos uma UNE independente de governos e partidos, que n\u00e3o se receie de criticar, mobilizar e organizar a luta dos estudantes e al\u00e9m, se integrar a todas as lutas justas e necess\u00e1rias, mesmo contra o a presid\u00eancia de Lula, com seus ataques aos direitos dos trabalhadores e sua pol\u00edtica em defesa do interesse do grande capital.<\/p>\n<p>A UJC reafirma seu compromisso com a UNE, desde sua funda\u00e7\u00e3o, passando pelos anos onde a UNE era dirigida pela direita, ca\u00e7ada pela ditadura, reorganizada pela base at\u00e9 os dias de hoje, mas nosso compromisso \u00e9 pol\u00edtico, n\u00e3o somente com o s\u00edmbolo da UNE, nem com sua bandeira, mas com a sua luta, com sua trajet\u00f3ria, com o movimento estudantil representado e dirigido pela UNE. Defendemos a Unicidade do movimento estudantil, pois em momentos como esses a divis\u00e3o e o pluralismo de organiza\u00e7\u00f5es prejudica e divide o movimento, num momento de fragilidade, de ofensiva a coopta\u00e7\u00e3o pela elite dos movimentos sociais. A UJC defende uma UNE mais democr\u00e1tica, mais participativa, mais presente nas lutas estudantis.<\/p>\n<p>Defendemos hoje, mais do que por possibilidade, mas por necessidade a tarefa de trazer a UNE de volta para as Lutas e para os estudantes.<\/p>\n<p>Coordena\u00e7\u00e3o Nacional da UJC<\/p>\n","protected":false},"excerpt":{"rendered":"A UNE j\u00e1 retornou pra sua casa (terreno na Praia do Flamengo, Rio de Janeiro, onde se localizava a sede nacional da UNE, incendiada nos primeiros momentos do golpe de 1964) em uma repara\u00e7\u00e3o hist\u00f3rica fruto de uma intensa agenda de mobiliza\u00e7\u00e3o durante a Bienal de Cultura da UNE em principio 2007. Tal mobiliza\u00e7\u00e3o contou com a presen\u00e7a n\u00e3o apenas dos diretores da UNE como do conjunto do movimento estudantil.\nA UNE est\u00e1 de volta a casa, por\u00e9m segue longe, muito longe das lutas.\nRecentemente durante as mobiliza\u00e7\u00f5es da campanha \u201cO Petr\u00f3leo Tem Que Ser Nosso\u201d a aus\u00eancia da UNE foi, al\u00e9m de evidente, preocupante. A UNE n\u00e3o pode sofrer tanta influ\u00eancia direta em seus posicionamentos do seu campo majorit\u00e1rio (UJS \/ PCdoB). O fato do Presidente da ANP (Agencia Nacional do Petr\u00f3leo), que \u00e9 quem organiza os leil\u00f5es das bacias de petr\u00f3leo, ser o vice presidente do PCdoB Haroldo Lima n\u00e3o pode impedir que a UNE, com todo o seu peso hist\u00f3rico e de mobiliza\u00e7\u00f5es fique passiva diante dos acordos na base do Governo Luis In\u00e1cio, o Lula.\n<a class=\"moretag\" href=\"https:\/\/pcb.org.br\/portal2\/228\"> <\/a>","protected":false},"author":1,"featured_media":0,"comment_status":"open","ping_status":"open","sticky":false,"template":"","format":"standard","meta":{"jetpack_post_was_ever_published":false,"_jetpack_newsletter_access":"","_jetpack_dont_email_post_to_subs":false,"_jetpack_newsletter_tier_id":0,"_jetpack_memberships_contains_paywalled_content":false,"_jetpack_memberships_contains_paid_content":false,"footnotes":"","jetpack_publicize_message":"","jetpack_publicize_feature_enabled":true,"jetpack_social_post_already_shared":false,"jetpack_social_options":{"image_generator_settings":{"template":"highway","default_image_id":0,"font":"","enabled":false},"version":2}},"categories":[27],"tags":[],"class_list":["post-228","post","type-post","status-publish","format-standard","hentry","category-c27-ujc"],"jetpack_publicize_connections":[],"jetpack_featured_media_url":"","jetpack_shortlink":"https:\/\/wp.me\/p659gw-3G","jetpack-related-posts":[],"jetpack_likes_enabled":true,"jetpack_sharing_enabled":true,"_links":{"self":[{"href":"https:\/\/pcb.org.br\/portal2\/wp-json\/wp\/v2\/posts\/228","targetHints":{"allow":["GET"]}}],"collection":[{"href":"https:\/\/pcb.org.br\/portal2\/wp-json\/wp\/v2\/posts"}],"about":[{"href":"https:\/\/pcb.org.br\/portal2\/wp-json\/wp\/v2\/types\/post"}],"author":[{"embeddable":true,"href":"https:\/\/pcb.org.br\/portal2\/wp-json\/wp\/v2\/users\/1"}],"replies":[{"embeddable":true,"href":"https:\/\/pcb.org.br\/portal2\/wp-json\/wp\/v2\/comments?post=228"}],"version-history":[{"count":0,"href":"https:\/\/pcb.org.br\/portal2\/wp-json\/wp\/v2\/posts\/228\/revisions"}],"wp:attachment":[{"href":"https:\/\/pcb.org.br\/portal2\/wp-json\/wp\/v2\/media?parent=228"}],"wp:term":[{"taxonomy":"category","embeddable":true,"href":"https:\/\/pcb.org.br\/portal2\/wp-json\/wp\/v2\/categories?post=228"},{"taxonomy":"post_tag","embeddable":true,"href":"https:\/\/pcb.org.br\/portal2\/wp-json\/wp\/v2\/tags?post=228"}],"curies":[{"name":"wp","href":"https:\/\/api.w.org\/{rel}","templated":true}]}}