{"id":22800,"date":"2019-04-11T21:41:24","date_gmt":"2019-04-12T00:41:24","guid":{"rendered":"https:\/\/pcb.org.br\/portal2\/?p=22800"},"modified":"2019-04-11T21:41:34","modified_gmt":"2019-04-12T00:41:34","slug":"eleicoes-em-israel-nao-a-paz-e-sim-a-ocupacao","status":"publish","type":"post","link":"https:\/\/pcb.org.br\/portal2\/22800","title":{"rendered":"Elei\u00e7\u00f5es em Israel: &#8220;n\u00e3o \u00e0 paz e sim \u00e0 ocupa\u00e7\u00e3o&#8221;"},"content":{"rendered":"\n<img decoding=\"async\" class=\"imagem\" title=\"imagem\"  alt=\"imagem\"  src=\"https:\/\/i0.wp.com\/maki.org.il\/en\/wp-content\/uploads\/2019\/04\/2019-04-10.jpg\"\/><!--more-->Partido Comunista de Israel\n<\/p><p>\nO presidente palestino, Mahmoud Abbas (Abu Mazen) disse, nesta quarta-feira, 10 de abril, que ele est\u00e1 acompanhando os resultados das elei\u00e7\u00f5es parlamentares de Israel, que ocorreram na ter\u00e7a-feira. Abbas falou na inaugura\u00e7\u00e3o de um novo departamento de oncologia do Hospital Istishari, perto da cidade de Ramallah, na Cisjord\u00e2nia.\n<\/p><p>\nAbbas enfatizou: \u201cEles (Israel) devem entender que a paz \u00e9 do nosso interesse tanto quanto deles e de todo o mundo. Por essa raz\u00e3o, eles precisam ir \u00e0 mesa de negocia\u00e7\u00f5es. Nossa m\u00e3o \u00e9 sempre estendida para negocia\u00e7\u00f5es, mas n\u00e3o vamos abandonar nossos direitos. Abbas reiterou que n\u00e3o aceitar\u00e1 o chamado para o \u201cDeal of the Century\u201d (Acordo do S\u00e9culo) dos Estados Unidos, dizendo: \u201cSeja o que for, n\u00f3s o rejeitamos porque ele ignora nossos direitos legitimados pela comunidade internacional\u201d.\n<\/p><p>\nO l\u00edder palestino acrescentou: \u201cse eles concordarem em seguir a legitimidade internacional, ent\u00e3o nossas m\u00e3os ser\u00e3o estendidas para alcan\u00e7ar a paz. Se n\u00e3o o fizerem, ent\u00e3o permaneceremos firmes aqui&#8221;. Em refer\u00eancia \u00e0 inaugura\u00e7\u00e3o do novo departamento hospitalar, Abbas disse que \u201co que vimos aqui hoje neste grande hospital nos deixa muito orgulhosos e promete um futuro melhor\u201d. Concluiu: &#8220;Se tivermos a oportunidade, estaremos em p\u00e9 de igualdade com o restante dos povos do mundo, se n\u00e3o melhores, porque temos o potencial e as capacidades que oferecemos para o nosso grande povo&#8221;.\n<\/p><p>\nSaeb Erekat, secret\u00e1rio geral do Comit\u00ea Executivo da OLP, disse em um tweet na noite de ter\u00e7a-feira que os israelenses votaram n\u00e3o \u00e0 paz. \u201cO que os resultados sugerem \u00e9 que os israelenses votaram para preservar o status quo. Eles disseram n\u00e3o \u00e0 paz e sim \u00e0 ocupa\u00e7\u00e3o. \u201dEle acrescentou:\u201c Apenas 14 dos 120 membros eleitos do parlamento israelense ap\u00f3iam a solu\u00e7\u00e3o de dois estados nas fronteiras de 1967. \u201d\n<\/p><p>\nUma declara\u00e7\u00e3o do membro do Comit\u00ea Executivo da OLP (Organiza\u00e7\u00e3o para Liberta\u00e7\u00e3o da Palestina), Hanan Ashrawi, apontou: \u201cLamentavelmente, os israelenses votaram esmagadoramente em candidatos que est\u00e3o inequivocamente comprometidos em consolidar o status quo da opress\u00e3o, ocupa\u00e7\u00e3o, anexa\u00e7\u00e3o e espolia\u00e7\u00e3o da Palestina e da escalada de ataques aos direitos humanos e nacionais dos palestinos. Eles escolheram um parlamento predominantemente de direita, xen\u00f3fobo e antipalestino para represent\u00e1-los. Os israelenses decidiram consolidar e expandir o apartheid\u201d.\n<\/p><p>\nA declara\u00e7\u00e3o de Ashrawi acrescentou: &#8220;A agenda extremista e militarista, liderada por Benjamin Netanyahu, foi encorajada pelas pol\u00edticas imprudentes e apoio cego do governo Trump &#8230; O povo palestino vai superar este cap\u00edtulo obscuro e altamente perigoso e permanecer profundamente enraizado em nossa terra natal&#8221;.\n<\/p><p>\nTradu\u00e7\u00e3o: Partido Comunista Brasileiro (PCB)\n<\/p><p>\n<blockquote class=\"wp-embedded-content\" data-secret=\"Wmt1N6of36\"><a href=\"http:\/\/maki.org.il\/en\/?p=18198\">Israel\u2019s Elections: Hadash-Ta&#8217;al Wins 6 Seats in 21st Knesset<\/a><\/blockquote><iframe loading=\"lazy\" class=\"wp-embedded-content\" sandbox=\"allow-scripts\" security=\"restricted\" style=\"position: absolute; clip: rect(1px, 1px, 1px, 1px);\" src=\"http:\/\/maki.org.il\/en\/?p=18198&#038;embed=true#?secret=Wmt1N6of36\" data-secret=\"Wmt1N6of36\" width=\"600\" height=\"338\" title=\"&#8220;Israel\u2019s Elections: Hadash-Ta&#8217;al Wins 6 Seats in 21st Knesset&#8221; &#8212; Communist Party of Israel\" frameborder=\"0\" marginwidth=\"0\" marginheight=\"0\" scrolling=\"no\"><\/iframe>\n","protected":false},"excerpt":{"rendered":"<a class=\"moretag\" href=\"https:\/\/pcb.org.br\/portal2\/22800\"> <\/a>","protected":false},"author":1,"featured_media":0,"comment_status":"closed","ping_status":"closed","sticky":false,"template":"","format":"standard","meta":{"jetpack_post_was_ever_published":false,"_jetpack_newsletter_access":"","_jetpack_dont_email_post_to_subs":false,"_jetpack_newsletter_tier_id":0,"_jetpack_memberships_contains_paywalled_content":false,"_jetpack_memberships_contains_paid_content":false,"footnotes":"","jetpack_publicize_message":"","jetpack_publicize_feature_enabled":true,"jetpack_social_post_already_shared":true,"jetpack_social_options":{"image_generator_settings":{"template":"highway","default_image_id":0,"font":"","enabled":false},"version":2}},"categories":[255],"tags":[228],"class_list":["post-22800","post","type-post","status-publish","format-standard","hentry","category-israel","tag-5b"],"jetpack_publicize_connections":[],"jetpack_featured_media_url":"","jetpack_shortlink":"https:\/\/wp.me\/p659gw-5VK","jetpack-related-posts":[],"jetpack_likes_enabled":true,"jetpack_sharing_enabled":true,"_links":{"self":[{"href":"https:\/\/pcb.org.br\/portal2\/wp-json\/wp\/v2\/posts\/22800","targetHints":{"allow":["GET"]}}],"collection":[{"href":"https:\/\/pcb.org.br\/portal2\/wp-json\/wp\/v2\/posts"}],"about":[{"href":"https:\/\/pcb.org.br\/portal2\/wp-json\/wp\/v2\/types\/post"}],"author":[{"embeddable":true,"href":"https:\/\/pcb.org.br\/portal2\/wp-json\/wp\/v2\/users\/1"}],"replies":[{"embeddable":true,"href":"https:\/\/pcb.org.br\/portal2\/wp-json\/wp\/v2\/comments?post=22800"}],"version-history":[{"count":0,"href":"https:\/\/pcb.org.br\/portal2\/wp-json\/wp\/v2\/posts\/22800\/revisions"}],"wp:attachment":[{"href":"https:\/\/pcb.org.br\/portal2\/wp-json\/wp\/v2\/media?parent=22800"}],"wp:term":[{"taxonomy":"category","embeddable":true,"href":"https:\/\/pcb.org.br\/portal2\/wp-json\/wp\/v2\/categories?post=22800"},{"taxonomy":"post_tag","embeddable":true,"href":"https:\/\/pcb.org.br\/portal2\/wp-json\/wp\/v2\/tags?post=22800"}],"curies":[{"name":"wp","href":"https:\/\/api.w.org\/{rel}","templated":true}]}}