{"id":2281,"date":"2012-01-19T21:01:01","date_gmt":"2012-01-19T21:01:01","guid":{"rendered":"http:\/\/pcb.org.br\/portal2\/?p=2281"},"modified":"2012-01-19T21:01:01","modified_gmt":"2012-01-19T21:01:01","slug":"uruguai-pedira-perdao-por-crimes-da-ditadura","status":"publish","type":"post","link":"https:\/\/pcb.org.br\/portal2\/2281","title":{"rendered":"Uruguai pedir\u00e1 perd\u00e3o por crimes da ditadura"},"content":{"rendered":"\n<p>Governo de Jos\u00e9 Mujica cumpre condena\u00e7\u00e3o imposta pela Corte Interamericana de Direitos Humanos e assume responsabilidade por excessos do Estado.<\/p>\n<p>O Estado uruguaio assumir\u00e1 sua responsabilidade nas viola\u00e7\u00f5es aos direitos humanos cometidas durante a ditadura militar (1973-1985) durante um ato de repara\u00e7\u00e3o a Macarena Gelman, filha de desaparecidos, anunciou nesta segunda-feira (16\/01) o chanceler Luis Almagro.<\/p>\n<p>De acordo com Almagro, \u201cser\u00e1 um ato simb\u00f3lico de repara\u00e7\u00e3o \u00e0s v\u00edtimas\u201d. O chanceler tamb\u00e9m informou que os detalhes sobre o ato ainda ser\u00e3o definidos, mas deve acontecer em 21 de mar\u00e7o no Pal\u00e1cio Legislativo, com a presen\u00e7a do presidente do pa\u00eds, Jos\u00e9 Mujica.<\/p>\n<p>O ministro das Rela\u00e7\u00f5es Exteriores sustentou que os detalhes ser\u00e3o conversados com Gelman no decorrer da semana e definidos posteriormente pelo Conselho de Ministros, quando as sess\u00f5es forem retomadas em 23 de janeiro.<\/p>\n<p>Almagro disse que tamb\u00e9m est\u00e1 previsto o pagamento de uma indeniza\u00e7\u00e3o de cerca de 500 mil d\u00f3lares (cerca de 893 mil reais) fixado pela CIDH (Corte Interamericana de Direitos Humanos).<\/p>\n<p>Na senten\u00e7a, emitida em 24 de mar\u00e7o de 2011, o organismo tamb\u00e9m pediu que o Estado uruguaio remova os obst\u00e1culos que impedem a investiga\u00e7\u00e3o e julgamento do caso Gelman, o que levou o Congresso a aprovar em outubro uma lei que torna imprescrit\u00edveis os crimes de lesa humanidade.<\/p>\n<p>Mar\u00eda Claudia Garc\u00eda, nora do poeta argentino Juan Gelman, foi sequestrada junto com o marido, Marcelo Gelman, em agosto de 1976 e levada a Montevid\u00e9u, onde foi assassinada quatro meses depois, ap\u00f3s dar a luz a Macarena. Seu corpo, no entanto, nunca foi encontrado.<\/p>\n<p>Fonte: <a href=\"http:\/\/operamundi.uol.com.br\/conteudo\/noticias\/19218\/estado+uruguaio+vai+assumir+responsabilidade+por+crimes+da+ditudura.shtml\">Opera Mundi<\/a><\/p>\n","protected":false},"excerpt":{"rendered":"\n\n\nCr\u00e9dito: PSol\n\n\n\n\n\n\n\n\nOpera Mundi\n<a class=\"moretag\" href=\"https:\/\/pcb.org.br\/portal2\/2281\"> <\/a>","protected":false},"author":1,"featured_media":0,"comment_status":"open","ping_status":"open","sticky":false,"template":"","format":"standard","meta":{"jetpack_post_was_ever_published":false,"_jetpack_newsletter_access":"","_jetpack_dont_email_post_to_subs":false,"_jetpack_newsletter_tier_id":0,"_jetpack_memberships_contains_paywalled_content":false,"_jetpack_memberships_contains_paid_content":false,"footnotes":"","jetpack_publicize_message":"","jetpack_publicize_feature_enabled":true,"jetpack_social_post_already_shared":false,"jetpack_social_options":{"image_generator_settings":{"template":"highway","default_image_id":0,"font":"","enabled":false},"version":2}},"categories":[76],"tags":[],"class_list":["post-2281","post","type-post","status-publish","format-standard","hentry","category-c89-uruguai"],"jetpack_publicize_connections":[],"jetpack_featured_media_url":"","jetpack_shortlink":"https:\/\/wp.me\/p659gw-AN","jetpack-related-posts":[],"jetpack_likes_enabled":true,"jetpack_sharing_enabled":true,"_links":{"self":[{"href":"https:\/\/pcb.org.br\/portal2\/wp-json\/wp\/v2\/posts\/2281","targetHints":{"allow":["GET"]}}],"collection":[{"href":"https:\/\/pcb.org.br\/portal2\/wp-json\/wp\/v2\/posts"}],"about":[{"href":"https:\/\/pcb.org.br\/portal2\/wp-json\/wp\/v2\/types\/post"}],"author":[{"embeddable":true,"href":"https:\/\/pcb.org.br\/portal2\/wp-json\/wp\/v2\/users\/1"}],"replies":[{"embeddable":true,"href":"https:\/\/pcb.org.br\/portal2\/wp-json\/wp\/v2\/comments?post=2281"}],"version-history":[{"count":0,"href":"https:\/\/pcb.org.br\/portal2\/wp-json\/wp\/v2\/posts\/2281\/revisions"}],"wp:attachment":[{"href":"https:\/\/pcb.org.br\/portal2\/wp-json\/wp\/v2\/media?parent=2281"}],"wp:term":[{"taxonomy":"category","embeddable":true,"href":"https:\/\/pcb.org.br\/portal2\/wp-json\/wp\/v2\/categories?post=2281"},{"taxonomy":"post_tag","embeddable":true,"href":"https:\/\/pcb.org.br\/portal2\/wp-json\/wp\/v2\/tags?post=2281"}],"curies":[{"name":"wp","href":"https:\/\/api.w.org\/{rel}","templated":true}]}}