{"id":22911,"date":"2019-04-25T23:00:18","date_gmt":"2019-04-26T02:00:18","guid":{"rendered":"https:\/\/pcb.org.br\/portal2\/?p=22911"},"modified":"2019-05-02T09:31:02","modified_gmt":"2019-05-02T12:31:02","slug":"construir-o-1o-de-maio-de-luta-e-resistencia","status":"publish","type":"post","link":"https:\/\/pcb.org.br\/portal2\/22911","title":{"rendered":"Construir o 1\u00ba de Maio de luta e resist\u00eancia"},"content":{"rendered":"\n<img decoding=\"async\" class=\"imagem\" title=\"imagem\"  alt=\"imagem\"  src=\"https:\/\/i0.wp.com\/lh3.googleusercontent.com\/gp-Ny_cDlko8bIPfJkCCj0QwZmqHLj9mq3o5E_MGMKa9YIeB7T28DbzLFrR7EGNmqibNwJeQjswQ8QLKXuShvCyvhMMwSKT6lV_JBiyZYxXQ9ceVELlixM_ORqyIX5s1AFbFckRPtYmMyy0YkZw86XV2UO7yen6IAG8VkHj124GRLbW9hHZCZbnAj4qIgHroc5Jfco3r0fYnfxbpDNPKp7_uqo5Y3cIBuGUeHrvg136R79Y1noF87mIrSbSWWMRyl_qUNuewOzbkLRL0q34PuIU_9IgzizAjC3Spjp0bUH-l3QIh1WMAKeUQ0GVAFZvu_vxT8xBLt3SCR0DH5l3aJAedZLeN52yvKr8haiYREHP58JHsCzgElIUNGz-ewAg52GUntkiU0B27RRKujigU5sR0FWTAt58a2cyua6c6dyLK_coah1nG_rWnsVe0xcKRjE7IxpVU0_DcvGZfU8Ntj9vZ1P7NsSocd7uaz5QQ-TgIKYybPkMHQx-VZtU_3a0xsdi-XR85pRJpqgXMYX4hOqXxqGKa3X39epES-w5kovtNQ70oXLcwfw8mtdpM-Eo99hv-6CEQ_g4D5odSqhHcsiHn7RGF4Zbywv02W79yEbINu238tAyjDRHIKBarZx0Gnc0UTMOW9RjUx6oMNIplDxoghavmvV19=w252-h346-no\"\/><!--more-->Contra os retrocessos e os ataques aos direitos da classe trabalhadora e do povo!\n<\/p><p>\nO governo Bolsonaro, ap\u00f3s pouco mais de cem dias, apresenta uma imagem bastante desgastada junto \u00e0 opini\u00e3o p\u00fablica brasileira e tamb\u00e9m no \u00e2mbito internacional. Nunca houve, desde o chamado processo de redemocratiza\u00e7\u00e3o, ap\u00f3s a derrocada da ditadura imposta pelo golpe de 1964, um governo t\u00e3o desgastado em t\u00e3o pouco tempo. \n<\/p><p>\nMas isto n\u00e3o significa al\u00edvio algum para a classe trabalhadora e os setores populares. Muito pelo contr\u00e1rio: pressionado pelos grupos empresariais que apoiaram sua candidatura e pelos meios de comunica\u00e7\u00e3o burgueses a apresentar solu\u00e7\u00f5es imediatas para tirar o Brasil da crise econ\u00f4mica mantendo os ganhos do capital, o governo, sob o comando do n\u00facleo ultraliberal dirigido pelo Ministro Paulo Guedes, avan\u00e7a com a agenda de privatiza\u00e7\u00f5es, aliena\u00e7\u00e3o do patrim\u00f4nio p\u00fablico brasileiro, entrega das nossas riquezas naturais e destrui\u00e7\u00e3o dos direitos sociais e pol\u00edticos duramente conquistados ao longo de d\u00e9cadas de lutas.\n<\/p><p>\nEm quase quatro meses, o governo detonou a pol\u00edtica de valoriza\u00e7\u00e3o do sal\u00e1rio m\u00ednimo, atacou diretamente a fonte de recursos dos sindicatos de trabalhadores, ampliou os cortes na educa\u00e7\u00e3o e na sa\u00fade, liberou agrot\u00f3xicos e tornou ainda mais raqu\u00edtica a farm\u00e1cia popular, tudo isso para favorecer apenas os patr\u00f5es e os monop\u00f3lios capitalistas. Legitima a persegui\u00e7\u00e3o aos ativistas sociais, incentiva a a\u00e7\u00e3o policial repressiva e a execu\u00e7\u00e3o sum\u00e1ria de &#8220;suspeitos&#8221;, detona a fiscaliza\u00e7\u00e3o contra os agressores do meio ambiente e estimula a invas\u00e3o de territ\u00f3rios ind\u00edgenas e quilombolas por fazendeiros e grandes empresas. Anuncia a entrega de reservas do pr\u00e9-sal e outras riquezas nacionais, assim como faz avan\u00e7ar as privatiza\u00e7\u00f5es das nossas estatais. Enquanto isso, cresce o desemprego e pioram as condi\u00e7\u00f5es de vida e trabalho da imensa maioria da popula\u00e7\u00e3o.\n<\/p><p>\nCada vez mais, apesar das contradi\u00e7\u00f5es e conflitos internos que afloram entre os diferentes grupamentos que levaram Bolsonaro ao poder, o governo consolida sua face reacion\u00e1ria e de extrema direita. O pensamento ultraconservador, expresso no campo social e pol\u00edtico principalmente atrav\u00e9s do cl\u00e3 Bolsonaro, dos seguidores do astr\u00f3logo Olavo de Carvalho e dos ministros da Educa\u00e7\u00e3o, Direitos Humanos e Rela\u00e7\u00f5es Exteriores, \u00e9 funcional para justificar a retirada de direitos dos trabalhadores, das mulheres, juventude, negros e negras, povos origin\u00e1rios e popula\u00e7\u00e3o LGBTI, favorecendo as condi\u00e7\u00f5es para intensificar a explora\u00e7\u00e3o da classe trabalhadora e dos setores populares, com o prop\u00f3sito maior de elevar a taxa de lucro dos empres\u00e1rios. \n<\/p><p>\nSomado a isso, o ministro S\u00e9rgio Moro cumpre o papel de aprofundar a criminaliza\u00e7\u00e3o dos movimentos sociais e do ativismo pol\u00edtico e de aumentar a repress\u00e3o policial, para tentar conter as rea\u00e7\u00f5es populares ao projeto capitalista. A agenda reacion\u00e1ria visa a facilitar a aplica\u00e7\u00e3o das medidas econ\u00f4micas ultraliberais, pauta que unifica as fra\u00e7\u00f5es hegem\u00f4nicas da burguesia monopolista brasileira associada ao capital internacional, mesmo que possa haver, em seu interior, discord\u00e2ncias em rela\u00e7\u00e3o a determinadas a\u00e7\u00f5es do governo Bolsonaro.\n<\/p><p>\nN\u00f3s, trabalhadores, n\u00e3o podemos depositar nossas esperan\u00e7as na derrubada do governo pela a\u00e7\u00e3o dos setores das classes dominantes, pois h\u00e1 mais sintonia do que discord\u00e2ncia entre eles. O objetivo principal das cr\u00edticas a Bolsonaro por parte da burguesia e de seus ve\u00edculos de comunica\u00e7\u00e3o \u00e9 de orientar seus passos para melhor atender a seus interesses. \u00c9 fundamental que n\u00f3s, trabalhadores, fortale\u00e7amos a luta contra o presidente neofascista e seu governo, aproveitando dessas contradi\u00e7\u00f5es no interior da burguesia, por\u00e9m, sem nos confundirmos e nos misturarmos com as pautas burguesas.\n<\/p><p>\nA press\u00e3o da burguesia e a concess\u00e3o de benesses aos deputados &#8211; no velho estilo do &#8220;toma l\u00e1 d\u00e1 c\u00e1&#8221; t\u00e3o criticado na campanha eleitoral e um dos motivos para a demoniza\u00e7\u00e3o do PT, o impeachment de Dilma e a pris\u00e3o de Lula -, conseguiram fazer com que o projeto de Bolsonaro e Guedes de privatiza\u00e7\u00e3o da Previd\u00eancia P\u00fablica fosse aprovado na Comiss\u00e3o de Constitui\u00e7\u00e3o e Justi\u00e7a na C\u00e2mara dos Deputados.\n<\/p><p>\nNeste momento, \u00e9 urgente a organiza\u00e7\u00e3o das for\u00e7as populares na resist\u00eancia aos ataques do capital. Para al\u00e9m das manifesta\u00e7\u00f5es unit\u00e1rias contra a reforma da previd\u00eancia e todos os retrocessos impostos pelo governo Bolsonaro, \u00e9 preciso desenvolver um s\u00f3lido trabalho de base nos locais de trabalho, estudo e moradia, com vistas a desenvolver as lutas em defesa dos direitos, das liberdades democr\u00e1ticas e de melhores condi\u00e7\u00f5es de vida. Vamos preparar a Greve Geral, unificando o conjunto da classe trabalhadora, da juventude e do povo, para derrotar a reforma da previd\u00eancia e enfrentar os ataques dos governos e dos patr\u00f5es. S\u00f3 assim as organiza\u00e7\u00f5es combativas e classistas poder\u00e3o influir nos rumos das lutas sociais, dirigir politicamente a oposi\u00e7\u00e3o ao governo e reverter a atual correla\u00e7\u00e3o de for\u00e7as, pavimentando o caminho para uma alternativa popular e socialista para o Brasil. \n<\/p><p>\nO caminho para tirar o pa\u00eds do atoleiro em que se encontra n\u00e3o \u00e9 jogar a crise nas costas dos mais pobres; \u00e9 cobrar a conta dos banqueiros, grandes empres\u00e1rios e latifundi\u00e1rios, que representam apenas 1% da popula\u00e7\u00e3o e concentram em suas m\u00e3os a maior parte da riqueza produzida pelos trabalhadores.\n<\/p><p>\nA sa\u00edda para a seguran\u00e7a p\u00fablica n\u00e3o \u00e9 executar mais inocentes nas periferias e liberar o porte de armas; \u00e9 fortalecer a seguran\u00e7a preventiva, enquanto se garante o acesso universal \u00e0 educa\u00e7\u00e3o e \u00e0 sa\u00fade p\u00fablicas, com mais empregos e oportunidades para a juventude. Basta de genoc\u00eddio da popula\u00e7\u00e3o pobre, negra, dos lutadores do campo e dos povos ind\u00edgenas! N\u00e3o \u00e0 &#8220;lei do abate&#8221;, que j\u00e1 vigora nas grandes metr\u00f3poles brasileiras!\n<\/p><p>\nO caminho para o Brasil n\u00e3o \u00e9 o alinhamento servil ao imperialismo, n\u00e3o \u00e9 agredir a Venezuela, nem entregar a Amaz\u00f4nia e a base de Alc\u00e2ntara aos Estados Unidos; \u00e9 adotar uma pol\u00edtica externa independente e anti-imperialista, em defesa da paz, da solidariedade e da coopera\u00e7\u00e3o entre povos. A sa\u00edda n\u00e3o \u00e9 favorecer ainda mais os lucros e a explora\u00e7\u00e3o capitalista; \u00e9, pelo contr\u00e1rio, criar os meios que possibilitem construir o Poder Popular no rumo do Socialismo, \u00fanico modo de combater de vez o desemprego, a mis\u00e9ria e a fome e de resolver os graves problemas e infort\u00fanios vividos pelo povo brasileiro.\n<\/p><p>\nPOR UM 1\u00ba DE MAIO DE LUTA, RUMO \u00c0 GREVE GERAL!\n<\/p><p>\nA hora \u00e9 de refor\u00e7ar as lutas contra o projeto de destrui\u00e7\u00e3o da previd\u00eancia p\u00fablica e mobilizar a popula\u00e7\u00e3o contra todas as medidas adotadas pelo governo de Bolsonaro, que representam retrocessos pol\u00edticos e sociais e ataques aos direitos historicamente conquistados pela classe trabalhadora e pelos setores populares. \n<\/p><p>\nVamos refor\u00e7ar a constru\u00e7\u00e3o, nos estados e munic\u00edpios, do F\u00f3rum Sindical, Popular e de Juventude por direitos e pelas liberdades democr\u00e1ticas, fundado em 19 de fevereiro, reunindo entidades, movimentos e organiza\u00e7\u00f5es pol\u00edticas da cidade e do campo para, de forma unit\u00e1ria e organizada, combater as a\u00e7\u00f5es reacion\u00e1rias em curso. Juntamente com as centrais sindicais e frentes de massa nacionais devemos participar ativamente do 1\u00ba de Maio de Luta e Resist\u00eancia em todas as cidades do Brasil, preparando a Greve Geral para barrar os ataques e defender nossos direitos! \n<\/p><p>\nBASTA DE RETROCESSOS! \nCONTRA A REFORMA TRABALHISTA E O FIM DA PREVID\u00caNCIA P\u00daBLICA! \nEM DEFESA DOS DIREITOS E DAS LIBERDADES DEMOCR\u00c1TICAS! \nPOR UM 1\u00ba DE MAIO DE LUTA E RESIST\u00caNCIA, RUMO \u00c0 GREVE GERAL!\n<\/p><p>\nPartido Comunista Brasileiro &#8211; PCB\nComiss\u00e3o Pol\u00edtica Nacional\n","protected":false},"excerpt":{"rendered":"<a class=\"moretag\" href=\"https:\/\/pcb.org.br\/portal2\/22911\"> <\/a>","protected":false},"author":1,"featured_media":0,"comment_status":"closed","ping_status":"closed","sticky":false,"template":"","format":"standard","meta":{"jetpack_post_was_ever_published":false,"_jetpack_newsletter_access":"","_jetpack_dont_email_post_to_subs":false,"_jetpack_newsletter_tier_id":0,"_jetpack_memberships_contains_paywalled_content":false,"_jetpack_memberships_contains_paid_content":false,"footnotes":"","jetpack_publicize_message":"","jetpack_publicize_feature_enabled":true,"jetpack_social_post_already_shared":true,"jetpack_social_options":{"image_generator_settings":{"template":"highway","default_image_id":0,"font":"","enabled":false},"version":2}},"categories":[15],"tags":[219,246],"class_list":["post-22911","post","type-post","status-publish","format-standard","hentry","category-s18-sindical","tag-manchete","tag-np"],"jetpack_publicize_connections":[],"jetpack_featured_media_url":"","jetpack_shortlink":"https:\/\/wp.me\/p659gw-5Xx","jetpack-related-posts":[],"jetpack_likes_enabled":true,"jetpack_sharing_enabled":true,"_links":{"self":[{"href":"https:\/\/pcb.org.br\/portal2\/wp-json\/wp\/v2\/posts\/22911","targetHints":{"allow":["GET"]}}],"collection":[{"href":"https:\/\/pcb.org.br\/portal2\/wp-json\/wp\/v2\/posts"}],"about":[{"href":"https:\/\/pcb.org.br\/portal2\/wp-json\/wp\/v2\/types\/post"}],"author":[{"embeddable":true,"href":"https:\/\/pcb.org.br\/portal2\/wp-json\/wp\/v2\/users\/1"}],"replies":[{"embeddable":true,"href":"https:\/\/pcb.org.br\/portal2\/wp-json\/wp\/v2\/comments?post=22911"}],"version-history":[{"count":0,"href":"https:\/\/pcb.org.br\/portal2\/wp-json\/wp\/v2\/posts\/22911\/revisions"}],"wp:attachment":[{"href":"https:\/\/pcb.org.br\/portal2\/wp-json\/wp\/v2\/media?parent=22911"}],"wp:term":[{"taxonomy":"category","embeddable":true,"href":"https:\/\/pcb.org.br\/portal2\/wp-json\/wp\/v2\/categories?post=22911"},{"taxonomy":"post_tag","embeddable":true,"href":"https:\/\/pcb.org.br\/portal2\/wp-json\/wp\/v2\/tags?post=22911"}],"curies":[{"name":"wp","href":"https:\/\/api.w.org\/{rel}","templated":true}]}}