{"id":22946,"date":"2019-05-01T00:55:45","date_gmt":"2019-05-01T03:55:45","guid":{"rendered":"https:\/\/pcb.org.br\/portal2\/?p=22946"},"modified":"2019-05-01T00:56:25","modified_gmt":"2019-05-01T03:56:25","slug":"repudio-aos-ataques-do-governo-a-educacao-superior-publica","status":"publish","type":"post","link":"https:\/\/pcb.org.br\/portal2\/22946","title":{"rendered":"Rep\u00fadio aos ataques do Governo \u00e0 Educa\u00e7\u00e3o Superior P\u00fablica"},"content":{"rendered":"\n<img decoding=\"async\" class=\"imagem\" title=\"imagem\"  alt=\"imagem\"  src=\"https:\/\/i0.wp.com\/www.andes.org.br\/img\/midias\/0970342ca3f144e312b6f033c97b3e74_1556311576.jpg\"\/><!--more-->ANDES &#8211; SINDICATO NACIONAL DOS DOCENTES DAS INSTITUI\u00c7\u00d5ES DE ENSINO SUPERIOR\n<\/p><p>\nNOTA DE REP\u00daDIO \u00c0S DECLARA\u00c7\u00d5ES DO MINISTRO DA EDUCA\u00c7\u00c3O ABRAHAM WEINTRAUB SOBRE O CONTINGENCIAMENTO DE VERBAS PARA UFBA, UNB E UFF.\n<\/p><p>\nGREVE DA EDUCA\u00c7\u00c3O EM 15 DE MAIO!\n<\/p><p>\nOs ataques \u00e0s universidades, institutos federais e CEFET v\u00eam se intensificando no \u00faltimo per\u00edodo a partir da aplica\u00e7\u00e3o do projeto pol\u00edtico-ideol\u00f3gico desenvolvido pelo governo de extrema direita que chegou ao Planalto Central. O chefe de Estado, o\npresidente Jair Bolsonaro e o seu ministro da educa\u00e7\u00e3o Abraham Weintraub, ambos defensores dos projetos denominados \u201cescola sem partido\u201d, t\u00eam se empenhado para que o \u00fanico partido e o \u00fanico projeto de educa\u00e7\u00e3o presentes sejam os de seu dom\u00ednio ideol\u00f3gico, que esbanja conservadorismo e falta de conhecimento sobre processos educativos, propagando \u00f3dio e terror sobre o patrim\u00f4nio da sociedade que \u00e9 a educa\u00e7\u00e3o p\u00fablica, gratuita, laica, de qualidade e socialmente referenciada.\n<\/p><p>\nS\u00e3o in\u00fameras as situa\u00e7\u00f5es de ataques. Amea\u00e7a de acabar com cursos da \u00e1rea de humanas como filosofia e sociologia; incentivo \u00e0 grava\u00e7\u00e3o de professore(a)s em sala de aula, sem autoriza\u00e7\u00e3o, para posterior \u201clinchamento\u201d em redes sociais; a inconstitucional MP 783\/2019 que impede o desconto da mensalidade sindical no contracheque do(a)s docentes, tentando fragilizar o sindicato; persegui\u00e7\u00e3o a professore(a)s em pleno exerc\u00edcio de sua fun\u00e7\u00e3o; interven\u00e7\u00e3o nos processos de consulta \u00e0 comunidade acad\u00eamica para escolha do(a)s reitore(a)s; sucessivos cortes de verbas para as institui\u00e7\u00f5es de ensino,  contabilizando cerca de 5,3 bilh\u00f5es e intensificando a precariedade; corte de verbas na ci\u00eancia e tecnologia de cerca de 2,158 bilh\u00f5es, subalternizando a pesquisa e a autonomia da produ\u00e7\u00e3o do conhecimento; suspens\u00e3o de novas vagas para concursos p\u00fablicos, entre outras medidas que buscam destruir a educa\u00e7\u00e3o superior p\u00fablica.\n<\/p><p>\nDentre os ataques \u00e0s institui\u00e7\u00f5es de ensino e \u00e0s entidades que financiam e produzem ci\u00eancia no pa\u00eds, o governo de extrema direita tenta aprovar uma Reforma da Previd\u00eancia inconstitucional e com medidas cru\u00e9is para toda a classe trabalhadora, que\nconsegue ser ainda pior para o(a)s professore(a)s, demonstrando o perfil desse governo: conservador, perverso e antici\u00eancia.\n<\/p><p>\nDiante das j\u00e1 desastrosas a\u00e7\u00f5es, na manh\u00e3 do dia 30 de abril, foi anunciado por meios de comunica\u00e7\u00e3o que o ministro da educa\u00e7\u00e3o estaria utilizando como crit\u00e9rio para o contingenciamento das verbas para UFBA, UnB e UFF uma suposta \u201cbalb\u00fardia\u201d e queda na qualidade dessas institui\u00e7\u00f5es de ensino. O ministro caracteriza como \u201cbalb\u00fardia\u201d, a presen\u00e7a de \u201csem terra\u201d e a realiza\u00e7\u00e3o de festas nas universidades. S\u00f3 para um governo de extrema direita com caracter\u00edsticas protofascistas, a presen\u00e7a de trabalhadore(a)s pobres pode ser estranhada. As festas, que devem sim ser regulamentadas pela gest\u00e3o universit\u00e1ria, fazem parte da vida e da alegria da juventude. De uma juventude que teima em crer na esperan\u00e7a e no amor e se recusa a disseminar o \u00f3dio, a mentira e a persegui\u00e7\u00e3o, como incentiva o atual governo.\n<\/p><p>\nPortanto, n\u00e3o se apresenta razo\u00e1vel que, sob argumentos falaciosos e que n\u00e3o se coadunam com os princ\u00edpios que informam a administra\u00e7\u00e3o p\u00fablica, bem como \u00e0 pr\u00f3pria autonomia universit\u00e1ria, venha a se promover de forma dirigida cortes\nor\u00e7ament\u00e1rios vultosos que podem inclusive inviabilizar a continuidade das atividades acad\u00eamicas nessas institui\u00e7\u00f5es de ensino superior. Nossas universidades continuam primando pela qualidade e isso \u00e9 comprovado em in\u00fameras pesquisas nacionais e internacionais.\n<\/p><p>\nA educa\u00e7\u00e3o p\u00fablica n\u00e3o precisa de imposi\u00e7\u00e3o do pensamento \u00fanico, n\u00e3o precisa de \u00f3dio, de persegui\u00e7\u00e3o e difama\u00e7\u00f5es infundadas. A educa\u00e7\u00e3o p\u00fablica precisa de investimento p\u00fablico, de possibilidades para difundir a diversidade de pensamento, o pensamento cr\u00edtico, a produ\u00e7\u00e3o do conhecimento e da ci\u00eancia e tecnologia. Repudiamos mais esse ataque \u00e0s institui\u00e7\u00f5es p\u00fablicas de ensino e conclamamos a categoria a construir a GREVE NACIONAL DA EDUCA\u00c7\u00c3O dia 15 de maio.\n<\/p><p>\nRumo \u00e0 GREVE GERAL!\nN\u00e3o nos calar\u00e3o!\nFascistas n\u00e3o passar\u00e3o!\nLiberdade de ensinar e aprender: por educa\u00e7\u00e3o, ci\u00eancia e tecnologia p\u00fablicas!\nLutar n\u00e3o \u00e9 crime!\n<\/p><p>\nBras\u00edlia (DF), 30 de abril de 2019\nDiretoria do ANDES \u2013 Sindicato Nacional\n","protected":false},"excerpt":{"rendered":"<a class=\"moretag\" href=\"https:\/\/pcb.org.br\/portal2\/22946\"> <\/a>","protected":false},"author":1,"featured_media":0,"comment_status":"closed","ping_status":"closed","sticky":false,"template":"","format":"standard","meta":{"jetpack_post_was_ever_published":false,"_jetpack_newsletter_access":"","_jetpack_dont_email_post_to_subs":false,"_jetpack_newsletter_tier_id":0,"_jetpack_memberships_contains_paywalled_content":false,"_jetpack_memberships_contains_paid_content":false,"footnotes":"","jetpack_publicize_message":"","jetpack_publicize_feature_enabled":true,"jetpack_social_post_already_shared":true,"jetpack_social_options":{"image_generator_settings":{"template":"highway","default_image_id":0,"font":"","enabled":false},"version":2}},"categories":[60],"tags":[222],"class_list":["post-22946","post","type-post","status-publish","format-standard","hentry","category-c71-educacao","tag-2b"],"jetpack_publicize_connections":[],"jetpack_featured_media_url":"","jetpack_shortlink":"https:\/\/wp.me\/p659gw-5Y6","jetpack-related-posts":[],"jetpack_likes_enabled":true,"jetpack_sharing_enabled":true,"_links":{"self":[{"href":"https:\/\/pcb.org.br\/portal2\/wp-json\/wp\/v2\/posts\/22946","targetHints":{"allow":["GET"]}}],"collection":[{"href":"https:\/\/pcb.org.br\/portal2\/wp-json\/wp\/v2\/posts"}],"about":[{"href":"https:\/\/pcb.org.br\/portal2\/wp-json\/wp\/v2\/types\/post"}],"author":[{"embeddable":true,"href":"https:\/\/pcb.org.br\/portal2\/wp-json\/wp\/v2\/users\/1"}],"replies":[{"embeddable":true,"href":"https:\/\/pcb.org.br\/portal2\/wp-json\/wp\/v2\/comments?post=22946"}],"version-history":[{"count":0,"href":"https:\/\/pcb.org.br\/portal2\/wp-json\/wp\/v2\/posts\/22946\/revisions"}],"wp:attachment":[{"href":"https:\/\/pcb.org.br\/portal2\/wp-json\/wp\/v2\/media?parent=22946"}],"wp:term":[{"taxonomy":"category","embeddable":true,"href":"https:\/\/pcb.org.br\/portal2\/wp-json\/wp\/v2\/categories?post=22946"},{"taxonomy":"post_tag","embeddable":true,"href":"https:\/\/pcb.org.br\/portal2\/wp-json\/wp\/v2\/tags?post=22946"}],"curies":[{"name":"wp","href":"https:\/\/api.w.org\/{rel}","templated":true}]}}