{"id":22962,"date":"2019-05-02T13:19:32","date_gmt":"2019-05-02T16:19:32","guid":{"rendered":"https:\/\/pcb.org.br\/portal2\/?p=22962"},"modified":"2019-05-08T07:13:06","modified_gmt":"2019-05-08T10:13:06","slug":"ce-operarios-da-construcao-civil-mobilizados-para-15-de-maio-e-greve-geral","status":"publish","type":"post","link":"https:\/\/pcb.org.br\/portal2\/22962","title":{"rendered":"CE: Oper\u00e1rios da constru\u00e7\u00e3o civil mobilizados para 15 de Maio e Greve Geral"},"content":{"rendered":"\n<img decoding=\"async\" class=\"imagem\" title=\"imagem\"  alt=\"imagem\"  src=\"https:\/\/i0.wp.com\/lh3.googleusercontent.com\/nUF1JQxvkh9EhPbSuNxrcMZljRERPMJkYn9AQhAD37nUTFhgIbhSB7s-VgNT9Tg71RLwq4b32_mICPjHRA2EhHyfR_6PteDgBIE4cX-GqfMzsJcSdvhZjjGkmNBSLJ1vXGEAiy4hYaj0h632WNVXdArFUTEAXwML_u15HBQ9FoSJFXIqdXLia1_aAjQkuqCGI2Nds9az2nJDBsyDVcotmaYRjlybEVVaruvW1vcFUkv8eClE-_foDcyQfjoLtNfRBcO4_E77KgAZE0Df5hwGryRwpF4eXqPf7dm9IMwSCpgbRnnyAJjTyM8-FdDeWvTlfejBEvntmD8Tpw83zMqBk1LVYg3ydJLqLSA0xog5NLa16mvH60TWXBjd6Hlx-GliGTAn18fiWBAXVUdzAhgvVC7ZEKXFCgraVMWlOkHYNeLe57ZZco5g85jRkWAuGHJ-lzSxCRikEb6RWhZ741wZ3vwFS0w7AZ9QVq7UfgcQ1WeEjMgmYnPO9qcmsMvS9QQVVzB6bDtkT-hIxiQEr0NsJatkELDwp-lAYc5ZeQugJVLTmMfeCzmOJqOCETfPFP3wGKT3N4QdOjuKXf41WWOn_tk65LB324JgHfmJjXAaEY_WJEre3CdrofNrni9c_20I7ceG4LsDPORWScMTYq1qDZqw7Op9no4m=w1040-h780-no\"\/><!--more-->Diretoria do Sindicato dos Trabalhadores da Constru\u00e7\u00e3o Civil de Fortaleza e Regi\u00e3o Metropolitana\n<\/p><p>\nEm assembleia realizada no dia 25 de abril, os oper\u00e1rios da constru\u00e7\u00e3o civil de Fortaleza aprovaram fortalecer a luta contra a Contrarreforma da Previd\u00eancia e incorporaram o dia 15 de maio e todas as paralisa\u00e7\u00f5es contra o fim da aposentadoria no calend\u00e1rio de mobiliza\u00e7\u00e3o da categoria. O Sindicato tem realizado visitas aos canteiros de obra diariamente, de duas at\u00e9 tr\u00eas vezes ao dia, debatendo o conte\u00fado da terr\u00edvel proposta de reforma do governo Bolsonaro e passando o abaixo-assinado. J\u00e1 s\u00e3o milhares de assinaturas coletadas.\n<\/p><p>\nOs oper\u00e1rios v\u00eam de uma forte campanha contra a Contrarreforma da Previd\u00eancia. Dia 22 de mar\u00e7o paralisaram suas atividades durante duas horas e se somaram \u00e0 mobiliza\u00e7\u00e3o nacional e agora est\u00e3o construindo o 15 de maio e reivindicando das centrais sindicais uma Greve Geral. A constru\u00e7\u00e3o civil sempre foi uma das categorias mais importantes na economia cearense e, no auge do PAC, chegou a possuir cerca de 72 mil trabalhadores. Os oper\u00e1rios carregam em seus ombros uma grande tradi\u00e7\u00e3o de luta no estado, greves heroicas contra as construtoras e o Grupo empresarial Jereissati. \n<\/p><p>\nEntretanto, desde a crise econ\u00f4mica e a ofensiva pol\u00edtica dos setores mais reacion\u00e1rios da burguesia brasileira com o golpe que dep\u00f4s a ex-presidente Dilma, as construtoras t\u00eam realizado demiss\u00f5es em massa. Apesar do cen\u00e1rio dif\u00edcil, os bravos oper\u00e1rios enfrentaram, com seu sindicato, a tentativa da patronal de impor o banco de horas na Campanha Salarial do ano passado. Numa greve de sete dias, sem dinheiro, mas com a doa\u00e7\u00e3o de p\u00e3o, \u00e1gua e rapadura de sindicatos apoiadores, os oper\u00e1rios sustentaram uma greve com passeatas di\u00e1rias e realiza\u00e7\u00e3o de assembleias. A Campanha Salarial terminou em diss\u00eddio, mas o banco de horas n\u00e3o foi imposto aos trabalhadores. Agora novamente os patr\u00f5es voltam a condicionar o fechamento de uma Conven\u00e7\u00e3o Coletiva \u00e0 ado\u00e7\u00e3o do banco de horas.\n<\/p><p>\nA assembleia do dia 25 de abril, al\u00e9m da luta contra os ataques do neofascista Bolsonaro e sua terr\u00edvel Contrarreforma da Previd\u00eancia, recha\u00e7ou a proposta da patronal de banco de horas e aprovou um calend\u00e1rio de paralisa\u00e7\u00f5es parciais por canteiros de obra, incluindo a paralisa\u00e7\u00e3o no dia 15 de maio, tudo isso a servi\u00e7o de construir desde a base a participa\u00e7\u00e3o dos oper\u00e1rios em uma greve geral.\n<\/p><p>\nUni\u00e3o e Luta para derrotar o patr\u00e3o e o governo Bolsonaro\n<\/p><p>\nNesse contexto, \u00e9 lament\u00e1vel o papel que os companheiros da dire\u00e7\u00e3o majorit\u00e1ria da Central Sindical CSP-Conlutas, ligados ao PSTU, t\u00eam cumprido. Os camaradas seguem com uma pol\u00edtica vergonhosa que termina fazendo o jogo do patr\u00e3o na constru\u00e7\u00e3o civil. \n<\/p><p>\nNas elei\u00e7\u00f5es, o que a maioria dos trabalhadores derrotaram e seguem recha\u00e7ando \u00e9 uma pol\u00edtica que nega a necessidade imperiosa da unidade dos trabalhadores nesta contraofensiva reacion\u00e1ria dos patr\u00f5es, dos militares e da extrema-direita. Ap\u00f3s terem rejeitado a proposta de uma chapa unificada, esses companheiros defenderam, na categoria, o impeachment da presidente Dilma e at\u00e9 hoje seguem dizendo que n\u00e3o houve golpe; apoiaram a pris\u00e3o do Lula e vivem de criticar o Sindicato por incluir a bandeira da defesa das liberdades democr\u00e1ticas e o #LulaLivre, sem esquecer que em MG fizeram chapa sindical com um vereador de direita apoiador de Bolsonaro. Esses companheiros, frente aos duros ataques de Bolsonaro e dos patr\u00f5es aos sindicatos, hierarquizam sua atua\u00e7\u00e3o por fazer oposi\u00e7\u00e3o \u00e0 atual dire\u00e7\u00e3o do Sindicatos dos Trabalhadores da Constru\u00e7\u00e3o Civil. A pe\u00e3ozada, com a faca no pesco\u00e7o, luta heroicamente pelo direito ao sal\u00e1rio, ao emprego, pela aposentadoria e contra a fome. \n<\/p><p>\nOs companheiros da oposi\u00e7\u00e3o lan\u00e7aram uma nota reclamando n\u00e3o haver democracia oper\u00e1ria e denunciando o Sindicato. \u00c9 lament\u00e1vel que, num contexto reacion\u00e1rio como o que vivemos, haja uma organiza\u00e7\u00e3o que, por adotar uma pol\u00edtica equivocada, termine degenerando para mentiras e at\u00e9 acusa\u00e7\u00f5es morais. J\u00e1 disseram que o Sindicato entregou direitos aos patr\u00f5es, que por baixo dos panos est\u00e1 aceitando o banco de horas, que o coordenador geral do sindicato se vendeu aos patr\u00f5es, etc, basta! T\u00e1 feio! N\u00e3o \u00e9 verdade que os companheiros est\u00e3o sendo impedidos de falar.\n<\/p><p>\nA atual diretoria \u00e9 composta por companheiros que s\u00e3o da Resist\u00eancia\/PSOL e do PCB e atuam no Bloco Somos Todos CSP e na Unidade Classista respectivamente, e estamos construindo uma frente \u00fanica com v\u00e1rias centrais sindicais e sindicatos na cidade de Fortaleza que teve participa\u00e7\u00e3o no 1\u00ba de maio e organiza o Dia nacional de Luta em 15 de maio, rumo \u00e0 Greve Geral.\n","protected":false},"excerpt":{"rendered":"<a class=\"moretag\" href=\"https:\/\/pcb.org.br\/portal2\/22962\"> <\/a>","protected":false},"author":1,"featured_media":0,"comment_status":"closed","ping_status":"closed","sticky":false,"template":"","format":"standard","meta":{"jetpack_post_was_ever_published":false,"_jetpack_newsletter_access":"","_jetpack_dont_email_post_to_subs":false,"_jetpack_newsletter_tier_id":0,"_jetpack_memberships_contains_paywalled_content":false,"_jetpack_memberships_contains_paid_content":false,"footnotes":"","jetpack_publicize_message":"","jetpack_publicize_feature_enabled":true,"jetpack_social_post_already_shared":true,"jetpack_social_options":{"image_generator_settings":{"template":"highway","default_image_id":0,"font":"","enabled":false},"version":2}},"categories":[15,31],"tags":[226],"class_list":["post-22962","post","type-post","status-publish","format-standard","hentry","category-s18-sindical","category-c31-unidade-classista","tag-4b"],"jetpack_publicize_connections":[],"jetpack_featured_media_url":"","jetpack_shortlink":"https:\/\/wp.me\/p659gw-5Ym","jetpack-related-posts":[],"jetpack_likes_enabled":true,"jetpack_sharing_enabled":true,"_links":{"self":[{"href":"https:\/\/pcb.org.br\/portal2\/wp-json\/wp\/v2\/posts\/22962","targetHints":{"allow":["GET"]}}],"collection":[{"href":"https:\/\/pcb.org.br\/portal2\/wp-json\/wp\/v2\/posts"}],"about":[{"href":"https:\/\/pcb.org.br\/portal2\/wp-json\/wp\/v2\/types\/post"}],"author":[{"embeddable":true,"href":"https:\/\/pcb.org.br\/portal2\/wp-json\/wp\/v2\/users\/1"}],"replies":[{"embeddable":true,"href":"https:\/\/pcb.org.br\/portal2\/wp-json\/wp\/v2\/comments?post=22962"}],"version-history":[{"count":0,"href":"https:\/\/pcb.org.br\/portal2\/wp-json\/wp\/v2\/posts\/22962\/revisions"}],"wp:attachment":[{"href":"https:\/\/pcb.org.br\/portal2\/wp-json\/wp\/v2\/media?parent=22962"}],"wp:term":[{"taxonomy":"category","embeddable":true,"href":"https:\/\/pcb.org.br\/portal2\/wp-json\/wp\/v2\/categories?post=22962"},{"taxonomy":"post_tag","embeddable":true,"href":"https:\/\/pcb.org.br\/portal2\/wp-json\/wp\/v2\/tags?post=22962"}],"curies":[{"name":"wp","href":"https:\/\/api.w.org\/{rel}","templated":true}]}}