{"id":2301,"date":"2012-01-23T01:18:32","date_gmt":"2012-01-23T01:18:32","guid":{"rendered":"http:\/\/pcb.org.br\/portal2\/?p=2301"},"modified":"2012-01-23T01:18:32","modified_gmt":"2012-01-23T01:18:32","slug":"secretario-geral-do-partido-comunista-dos-trabalhadores-hungaros-munkaspart-tem-reuniao-com-dirigentes-do-pcb-em-budapeste","status":"publish","type":"post","link":"https:\/\/pcb.org.br\/portal2\/2301","title":{"rendered":"Secret\u00e1rio-Geral do Partido Comunista dos Trabalhadores H\u00fangaros (MUNK\u00c1SP\u00c1RT) tem reuni\u00e3o com dirigentes do PCB, em Budapeste"},"content":{"rendered":"\n<p>Em recente visita de trabalho (miss\u00e3o de pesquisa e apresenta\u00e7\u00e3o de trabalho acad\u00eamico) \u00e0 Hungria, os camaradas da CPN\/CC do PCB, Milton Pinheiro e Sofia Manzano, mantiveram contato com o Partido H\u00fangaro e foram recebidos em reuni\u00e3o pelo Secret\u00e1rio-Geral do MUNK\u00c1SP\u00c1RT, Gyula Th\u00fcmer, quando tiveram uma proveitosa reuni\u00e3o.<\/p>\n<p align=\"justify\">A Hungria \u00e9\u00a0 um hist\u00f3rico pa\u00eds\u00a0das lutas revolucion\u00e1rias pelo socialismo desde o s\u00e9culo XIX. Foi na terra Magyar que, com a lideran\u00e7a de B\u00e9la Kun, ocorreu a segunda revolu\u00e7\u00e3o socialista da Europa, em mar\u00e7o de 1919. Essa revolu\u00e7\u00e3o levou ao poder os trabalhadores sob a vanguarda dos comunistas, criando a Rep\u00fablica Sovi\u00e9tica da Hungria, tendo como comiss\u00e1rio da cultura, o mais importante fil\u00f3sofo marxista do s\u00e9culo XX, Giorg Luk\u00e1cs.<\/p>\n<p align=\"justify\">Todavia, o poder dos sovietes h\u00fangaros foi derrotado pelas tropas do obscurantismo e a revolu\u00e7\u00e3o teve vida curta no seu primeiro momento.<\/p>\n<p align=\"justify\">Mas, ap\u00f3s a segunda guerra mundial, com o apoio do Ex\u00e9rcito Vermelho, os trabalhadores h\u00fangaros e a sua vanguarda, os comunistas (herdeiros das lutas de B\u00e9la Kun), voltaram ao poder. Tivemos a partir da\u00ed, a consolida\u00e7\u00e3o de uma nova perspectiva socialista, que governou a Hungria por mais de 40 anos, quando foram constru\u00eddas a socializa\u00e7\u00e3o do poder pol\u00edtico e da economia, atrav\u00e9s da vanguarda comunista e da lideran\u00e7a de J\u00e1nos K\u00e1d\u00e1r.<\/p>\n<p align=\"justify\">No entanto, ao romper da d\u00e9cada de 90 do s\u00e9culo passado, a Hungria passou por um processo de contrarrevolu\u00e7\u00e3o capitalista, quando os trabalhadores e a sua vanguarda foram derrotados. Hoje, o pa\u00eds de Giorg Luk\u00e1cs e Estev\u00e3o M\u00e9sz\u00e1ros, est\u00e1 empobrecido e com graves problemas sociais, onde os trabalhadores vivem o pior momento da sua hist\u00f3ria recente.<\/p>\n<p align=\"justify\">A reuni\u00e3o entre os dirigentes do PCB (Milton Pinheiro e Sofia Manzano) e o Secret\u00e1rio-geral, Gyula Th\u00fcmer (que foi conselheiro do hist\u00f3rico revolucion\u00e1rio J\u00e1nos K\u00e1d\u00e1r e que est\u00e1 nessa fun\u00e7\u00e3o h\u00e1 20 anos), discorreu sobre a conjuntura h\u00fangara, a quest\u00e3o da Uni\u00e3o Europ\u00e9ia, as lutas dos trabalhadores, e sobre a organiza\u00e7\u00e3o e as a\u00e7\u00f5es do Partido.<\/p>\n<p align=\"justify\">Ele ouviu dos nossos camaradas, uma an\u00e1lise da crise e das lutas sociais, a partir das formula\u00e7\u00f5es do PCB, e uma breve exposi\u00e7\u00e3o sobre o Partido na sua reconstru\u00e7\u00e3o revolucion\u00e1ria.<\/p>\n<p align=\"justify\">Gyula Th\u00fcmer \u00e9\u00a0um destacado l\u00edder e intelectual na Hungria e na Europa, seu recente livro\u00a0<em>\u201cAz elsikkasztott orsz\u00e1g\u201d<\/em>, sem tradu\u00e7\u00e3o entre n\u00f3s, trata-se de um acurado estudo sobre seu pa\u00eds ap\u00f3s a contrarrevolu\u00e7\u00e3o capitalista, obteve grande repercuss\u00e3o e j\u00e1 se encontra numa segunda edi\u00e7\u00e3o, com grande tiragem.<\/p>\n<p align=\"justify\">O MUNSK\u00c1P\u00c1RT \u00e9 herdeiro do Partido que fez a revolu\u00e7\u00e3o socialista e que governou juntamente com os trabalhadores esse pa\u00eds. \u00c9 um operador pol\u00edtico organizado, sem presen\u00e7a no parlamento, com inser\u00e7\u00e3o entre os trabalhadores organizados, que tem uma publica\u00e7\u00e3o semanal (<em>A Szabads\u00e1g<\/em>) de expressiva tiragem, e um Partido com uma boa estrutura para o seu funcionamento. Neste ano, o MUNSK\u00c1P\u00c1RT est\u00e1 comemorando o centen\u00e1rio do legend\u00e1rio comunista J\u00e1nos K\u00e1d\u00e1r, com uma s\u00e9rie de atividades por todo o pa\u00eds.<\/p>\n<p align=\"justify\">As formula\u00e7\u00f5es do Partido Comunista dos Trabalhadores H\u00fangaros se aproximam das nossas, pois eles entendem que a luta \u00e9 anticapitalista, que \u00e9 preciso unidade do campo revolucion\u00e1rio, defendem uma pr\u00e1tica internacionalista de solidariedade, que \u00e9 necess\u00e1rio combater o reformismo, pois n\u00e3o h\u00e1 sa\u00edda poss\u00edvel no capitalismo. Esse bravo e hist\u00f3rico Partido afirma que a Hungria, neste momento, n\u00e3o est\u00e1 vivendo uma situa\u00e7\u00e3o revolucion\u00e1ria, mas que \u00e9 preciso se preparar para o acirramento das lutas de classes.<\/p>\n<p align=\"justify\">Ao final da reuni\u00e3o, ficou acertado que precisamos aprofundar as nossas rela\u00e7\u00f5es e a\u00e7\u00f5es.<\/p>\n","protected":false},"excerpt":{"rendered":"\n\n\nCr\u00e9dito: PCB\n\n\n\n\n\n\n\n\n<a class=\"moretag\" href=\"https:\/\/pcb.org.br\/portal2\/2301\"> <\/a>","protected":false},"author":1,"featured_media":0,"comment_status":"open","ping_status":"open","sticky":false,"template":"","format":"standard","meta":{"jetpack_post_was_ever_published":false,"_jetpack_newsletter_access":"","_jetpack_dont_email_post_to_subs":false,"_jetpack_newsletter_tier_id":0,"_jetpack_memberships_contains_paywalled_content":false,"_jetpack_memberships_contains_paid_content":false,"footnotes":"","jetpack_publicize_message":"","jetpack_publicize_feature_enabled":true,"jetpack_social_post_already_shared":false,"jetpack_social_options":{"image_generator_settings":{"template":"highway","default_image_id":0,"font":"","enabled":false},"version":2}},"categories":[36],"tags":[],"class_list":["post-2301","post","type-post","status-publish","format-standard","hentry","category-c41-unidade-comunista"],"jetpack_publicize_connections":[],"jetpack_featured_media_url":"","jetpack_shortlink":"https:\/\/wp.me\/p659gw-B7","jetpack-related-posts":[],"jetpack_likes_enabled":true,"jetpack_sharing_enabled":true,"_links":{"self":[{"href":"https:\/\/pcb.org.br\/portal2\/wp-json\/wp\/v2\/posts\/2301","targetHints":{"allow":["GET"]}}],"collection":[{"href":"https:\/\/pcb.org.br\/portal2\/wp-json\/wp\/v2\/posts"}],"about":[{"href":"https:\/\/pcb.org.br\/portal2\/wp-json\/wp\/v2\/types\/post"}],"author":[{"embeddable":true,"href":"https:\/\/pcb.org.br\/portal2\/wp-json\/wp\/v2\/users\/1"}],"replies":[{"embeddable":true,"href":"https:\/\/pcb.org.br\/portal2\/wp-json\/wp\/v2\/comments?post=2301"}],"version-history":[{"count":0,"href":"https:\/\/pcb.org.br\/portal2\/wp-json\/wp\/v2\/posts\/2301\/revisions"}],"wp:attachment":[{"href":"https:\/\/pcb.org.br\/portal2\/wp-json\/wp\/v2\/media?parent=2301"}],"wp:term":[{"taxonomy":"category","embeddable":true,"href":"https:\/\/pcb.org.br\/portal2\/wp-json\/wp\/v2\/categories?post=2301"},{"taxonomy":"post_tag","embeddable":true,"href":"https:\/\/pcb.org.br\/portal2\/wp-json\/wp\/v2\/tags?post=2301"}],"curies":[{"name":"wp","href":"https:\/\/api.w.org\/{rel}","templated":true}]}}