{"id":23058,"date":"2019-05-13T10:03:21","date_gmt":"2019-05-13T13:03:21","guid":{"rendered":"https:\/\/pcb.org.br\/portal2\/?p=23058"},"modified":"2019-05-13T11:09:16","modified_gmt":"2019-05-13T14:09:16","slug":"siria-israel-cria-colonato-com-nome-de-donald-trump","status":"publish","type":"post","link":"https:\/\/pcb.org.br\/portal2\/23058","title":{"rendered":"S\u00edria: Israel cria colonato com nome de Donald Trump"},"content":{"rendered":"\n<img decoding=\"async\" class=\"imagem\" title=\"imagem\"  alt=\"imagem\"  src=\"https:\/\/i0.wp.com\/www.abrilabril.pt\/sites\/default\/files\/styles\/node_aberto_vp768\/public\/assets\/img\/3307.jpg?itok=CShKYpQk\"\/><!--more-->Donald Trump recebeu Benjamin Netanyahu na Casa Branca, em 15 de fevereiro \n<\/p><p>\nCr\u00e9ditos: Michael Reynolds\/EPA \/ Ag\u00eancia Lusa\n<\/p><p>\nAbrilAbril\n<\/p><p>\nO primeiro-ministro israelense anunciou neste domingo o in\u00edcio do processo para criar um novo colonato judaico com o nome do Presidente dos EUA no territ\u00f3rio s\u00edrio ilegalmente ocupado dos Montes Gol\u00e3.\n<\/p><p>\n\u00abPrometi que ir\u00edamos estabelecer uma comunidade com o nome e em honra do Presidente [Donald] Trump. Quero informar que j\u00e1 selecionamos um lugar nas colinas dos [Montes] Gol\u00e3, no qual ser\u00e1 estabelecida esta nova comunidade e j\u00e1 inici\u00e1mos o processo\u00bb, afirmou Bejamin Netanyahu \u00e0 imprensa pela manh\u00e3, antes da reuni\u00e3o semanal com o seu gabinete.\n<\/p><p>\n\u00abEnviarei uma decis\u00e3o para aprova\u00e7\u00e3o oficial pelo novo Governo, assim que este seja formado\u00bb, disse Netanyahu, citado pela ag\u00eancia de not\u00edcias espanhola EFE. A atribui\u00e7\u00e3o do nome de Donald Trump ao colonato nos Montes Gol\u00e3 foi justificada como sendo um sinal de apre\u00e7o pela sua decis\u00e3o de reconhecer a soberania de Israel sobre o territ\u00f3rio ocupado.\n<\/p><p>\nO primeiro-ministro assinalou ainda que Israel comemorar\u00e1 esta semana o primeiro anivers\u00e1rio da abertura da embaixada dos EUA em Jerusal\u00e9m, que ser\u00e1 conclu\u00edda em breve com a transfer\u00eancia da resid\u00eancia oficial do embaixador, David Friedman, mostrando novamente a sua gratid\u00e3o para com Donald Trump \u00abpor esta decis\u00e3o hist\u00f3rica\u00bb.\n<\/p><p>\nOs Montes Gol\u00e3 s\u00edrios foram ocupados na quase totalidade e anexados por Israel em 1967, juntamente com o territ\u00f3rio da Palestina, na sequ\u00eancia da Guerra dos Seis Dias, desencadeada pelo Estado sionista, numa anexa\u00e7\u00e3o que nunca foi reconhecida pela comunidade internacional.\n<\/p><p>\nEm 21 de mar\u00e7o de 2019, o presidente dos EUA anunciou pelo Twitter que chegou a hora de reconhecer a soberania de Israel sobre os Montes Gol\u00e3, real\u00e7ando que, \u00abap\u00f3s 52 anos, \u00e9 importante que os Estados Unidos reconhe\u00e7am, em pleno, o controle\u00bb sobre uma \u00e1rea definida como \u00abde crucial import\u00e2ncia estrat\u00e9gica e de seguran\u00e7a para Israel\u00bb.\n<\/p><p>\n\u00c0 altura, a decis\u00e3o de Donald Trump, contr\u00e1ria ao consenso internacional, e as suas declara\u00e7\u00f5es foram amplamente criticadas pela ONU, S\u00edria e a restante comunidade internacional, que as classificaram como \u00abirrespons\u00e1veis\u00bb, num ato sem qualquer legitimidade ou efeito legal e que apenas inflamou ainda mais as tens\u00f5es na regi\u00e3o.\n<\/p><p>https:\/\/www.abrilabril.pt\/internacional\/israel-inicia-processo-para-criacao-de-colonato-com-nome-de-donald-trump\n<\/p><p>\nCom ag\u00eancia Lusa\n","protected":false},"excerpt":{"rendered":"<a class=\"moretag\" href=\"https:\/\/pcb.org.br\/portal2\/23058\"> <\/a>","protected":false},"author":1,"featured_media":0,"comment_status":"closed","ping_status":"closed","sticky":false,"template":"","format":"standard","meta":{"jetpack_post_was_ever_published":false,"_jetpack_newsletter_access":"","_jetpack_dont_email_post_to_subs":false,"_jetpack_newsletter_tier_id":0,"_jetpack_memberships_contains_paywalled_content":false,"_jetpack_memberships_contains_paid_content":false,"footnotes":"","jetpack_publicize_message":"","jetpack_publicize_feature_enabled":true,"jetpack_social_post_already_shared":true,"jetpack_social_options":{"image_generator_settings":{"template":"highway","default_image_id":0,"font":"","enabled":false},"version":2}},"categories":[38,255,217],"tags":[225],"class_list":["post-23058","post","type-post","status-publish","format-standard","hentry","category-c43-imperialismo","category-israel","category-siria","tag-4a"],"jetpack_publicize_connections":[],"jetpack_featured_media_url":"","jetpack_shortlink":"https:\/\/wp.me\/p659gw-5ZU","jetpack-related-posts":[],"jetpack_likes_enabled":true,"jetpack_sharing_enabled":true,"_links":{"self":[{"href":"https:\/\/pcb.org.br\/portal2\/wp-json\/wp\/v2\/posts\/23058","targetHints":{"allow":["GET"]}}],"collection":[{"href":"https:\/\/pcb.org.br\/portal2\/wp-json\/wp\/v2\/posts"}],"about":[{"href":"https:\/\/pcb.org.br\/portal2\/wp-json\/wp\/v2\/types\/post"}],"author":[{"embeddable":true,"href":"https:\/\/pcb.org.br\/portal2\/wp-json\/wp\/v2\/users\/1"}],"replies":[{"embeddable":true,"href":"https:\/\/pcb.org.br\/portal2\/wp-json\/wp\/v2\/comments?post=23058"}],"version-history":[{"count":0,"href":"https:\/\/pcb.org.br\/portal2\/wp-json\/wp\/v2\/posts\/23058\/revisions"}],"wp:attachment":[{"href":"https:\/\/pcb.org.br\/portal2\/wp-json\/wp\/v2\/media?parent=23058"}],"wp:term":[{"taxonomy":"category","embeddable":true,"href":"https:\/\/pcb.org.br\/portal2\/wp-json\/wp\/v2\/categories?post=23058"},{"taxonomy":"post_tag","embeddable":true,"href":"https:\/\/pcb.org.br\/portal2\/wp-json\/wp\/v2\/tags?post=23058"}],"curies":[{"name":"wp","href":"https:\/\/api.w.org\/{rel}","templated":true}]}}