{"id":23068,"date":"2019-05-13T22:27:56","date_gmt":"2019-05-14T01:27:56","guid":{"rendered":"https:\/\/pcb.org.br\/portal2\/?p=23068"},"modified":"2019-05-13T22:28:05","modified_gmt":"2019-05-14T01:28:05","slug":"20-anos-depois-do-euro-portugueses-estao-mais-pobres","status":"publish","type":"post","link":"https:\/\/pcb.org.br\/portal2\/23068","title":{"rendered":"20 anos depois do euro, portugueses est\u00e3o mais pobres"},"content":{"rendered":"\n<img decoding=\"async\" class=\"imagem\" title=\"imagem\"  alt=\"imagem\"  src=\"https:\/\/i0.wp.com\/www.abrilabril.pt\/sites\/default\/files\/styles\/node_aberto_vp768\/public\/assets\/img\/9768.jpg?itok=PDReJ8Td\"\/><!--more-->AbrilAbril\n<\/p><p>\nPortugal aderiu ao euro h\u00e1 20 anos. No in\u00edcio da campanha eleitoral para o Parlamento Europeu, o debate em torno do euro joga na argumenta\u00e7\u00e3o das diferen\u00e7as for\u00e7as. O que nos diz a realidade?\n<\/p><p>\nA discuss\u00e3o em torno do euro e dos alegados benef\u00edcios ou preju\u00edzos para a nossa economia, tem estado presente na sociedade portuguesa desde a ades\u00e3o do nosso Pa\u00eds \u00e0 moeda \u00fanica.\n<\/p><p>\nOs partidos com eleitos no Parlamento Europeu t\u00eam referido j\u00e1 na pr\u00e9-campanha as suas posi\u00e7\u00f5es sobre esta mat\u00e9ria.\n<\/p><p>\nJo\u00e3o Ferreira, cabe\u00e7a de lista pela CDU, apresenta uma cr\u00edtica consistente \u00e0 perman\u00eancia de Portugal na moeda \u00fanica. O candidato tem afirmado que, depois de duas d\u00e9cadas com a moeda \u00fanica, h\u00e1 duas op\u00e7\u00f5es para o Pa\u00eds: ou insistir no mesmo caminho ou olhar para este \u00abconstrangimento\u00bb e perceber que \u00e9 preciso remov\u00ea-lo para Portugal se poder desenvolver. O parlamentar ao PE vai mais longe dizendo que \u00abn\u00e3o h\u00e1 debate s\u00e9rio sobre o futuro do Pa\u00eds que possa ignorar este obst\u00e1culo\u00bb e que tal s\u00f3 acontecer\u00e1 atrav\u00e9s de \u00abum processo cuidadosamente preparado\u00bb, com a ades\u00e3o da maioria da popula\u00e7\u00e3o e garantindo os direitos, rendimentos e poupan\u00e7as dos cidad\u00e3os.\n<\/p><p>\nPor seu turno, para o cabe\u00e7a de lista do PS ao PE, Pedro Marques, se o Pa\u00eds procurasse sair do euro, \u00abum pa\u00eds do nosso tamanho\u00bb correria um grande o risco \u00abcomo est\u00e1, ali\u00e1s, acontecendo no Reino Unido\u00bb. Argumenta\u00e7\u00e3o que parece querer fazer esquecer que o Reino Unido nunca aderiu ao euro.\n<\/p><p>\nMarisa Matias, primeira candidata pelo BE, tem afirmado que a moeda \u00fanica \u00e9 boa para a Alemanha e que carece de \u00abreformas profundas\u00bb, sem clarificar no que se possam traduzir essas transforma\u00e7\u00f5es.\n<\/p><p>\nDa parte da direita, Nuno Melo, candidato do CDS-PP, assume que \u00e9 necess\u00e1rio um \u00abaperfei\u00e7oamento da zona euro\u00bb, tamb\u00e9m sem concretizar qual o caminho a fazer.\n<\/p><p>\nPara Paulo Rangel, do PSD, o Pa\u00eds ganhou muito com a ades\u00e3o \u00e0 moeda \u00fanica, pois Portugal ter\u00e1 aumentado \u00aba sua import\u00e2ncia em termos globais\u00bb. O problema residir\u00e1 no fato de o Pa\u00eds n\u00e3o ter \u00absabido aproveitar a oportunidade dada\u00bb pela moeda \u00fanica.\n<\/p><p>\n20 anos de euro, que balan\u00e7o?\nTendo por base o Boletim Econ\u00f3mico de Maio do Banco de Portugal (BdP) e as previs\u00f5es de Primavera da Comiss\u00e3o Europeia (CE), na passada semana, o Jornal de Neg\u00f3cios noticiava que, \u00abapesar de Portugal estar convergindo com a \u00e1rea do euro, os portugueses est\u00e3o hoje mais pobres face aos pa\u00edses da moeda \u00fanica do que h\u00e1 20 anos \u2013 quando o pa\u00eds estava prestes a trocar o escudo pelo euro\u00bb.\n<\/p><p>\nAs estimativas de que Portugal possa prolongar pelo corrente ano e pelos pr\u00f3ximos dois alguma converg\u00eancia que se tem vindo a verificar nos \u00faltimos anos com a m\u00e9dia da Uni\u00e3o Europeia (UE), est\u00e3o ainda longe de permitir que os portugueses tenham um n\u00edvel de rendimento igual ou superior ao que tinham quando Portugal aderiu ao euro.\n<\/p><p>\nComo de resto confirmam aquelas entidades quando dizem que, mesmo que se mantivesse um crescimento do n\u00edvel do verificado nos \u00faltimos anos, ser\u00e1 dific\u00edl ao Pa\u00eds recuperar o atraso, acrescentando que estamos longe de apagar os danos provocados tanto pela crise econ\u00f4mica como pelo nosso percurso hist\u00f3rico de crescimentos an\u00e9micos.\n<\/p><p>\nAo contr\u00e1rio do que foi prometido aquando da ades\u00e3o, e que foi repetido por governantes de PS, PSD e CDS-PP, os \u00faltimos 20 anos demonstram que Portugal, em vez de se aproximar do \u00abpelot\u00e3o da frente\u00bb convergindo com economias mais desenvolvidas, na verdade aumentou o fosso que j\u00e1 ent\u00e3o existia, nomeadamente com a Alemanha, B\u00e9lgica, Holanda.\n<\/p><p>\nA ades\u00e3o ao euro foi acompanhada por pol\u00edticas que destru\u00edram grande parte do aparelho produtivo, que permitiram a aliena\u00e7\u00e3o de grupos econ\u00f4micos nacionais a interesses estrangeiros, que destru\u00edram emprego e aumentaram o desemprego, que conduziram a recess\u00e3o e estagna\u00e7\u00e3o econ\u00f3mica, assim como \u00e0 sa\u00edda do Pa\u00eds de grande parte da m\u00e3o-de-obra qualificada nacional, e que tiveram como consequ\u00eancia o avolumar do endividamento externo portugu\u00eas, o acentuar do desequil\u00edbrio da nossa balan\u00e7a corrente, e estreitaram, de forma acentuada, a soberania nacional.\n<\/p><p>\nAs diferentes for\u00e7as pol\u00edticas em jogo para as pr\u00f3ximas elei\u00e7\u00f5es europeias e legislativas n\u00e3o podem ignorar que a realidade econ\u00f4mica e social nacional est\u00e1 profundamente marcada pela ades\u00e3o e manuten\u00e7\u00e3o do Pa\u00eds na moeda \u00fanica.\n<\/p><p>\nPaulo Rangel e Nuno Melo em campanha da coliga\u00e7\u00e3o Alian\u00e7a Portugal (PSD\/CDS-PP) \u00e0s elei\u00e7\u00f5es europeias, 19 de Maio de 2014, Viseu. PAULO CUNHA\/LUSACr\u00e9ditos\n<\/p><p>\nhttps:\/\/www.abrilabril.pt\/euro-20-anos-depois-o-pais-esta-mais-atrasado\n\n","protected":false},"excerpt":{"rendered":"<a class=\"moretag\" href=\"https:\/\/pcb.org.br\/portal2\/23068\"> <\/a>","protected":false},"author":1,"featured_media":0,"comment_status":"closed","ping_status":"closed","sticky":false,"template":"","format":"standard","meta":{"jetpack_post_was_ever_published":false,"_jetpack_newsletter_access":"","_jetpack_dont_email_post_to_subs":false,"_jetpack_newsletter_tier_id":0,"_jetpack_memberships_contains_paywalled_content":false,"_jetpack_memberships_contains_paid_content":false,"footnotes":"","jetpack_publicize_message":"","jetpack_publicize_feature_enabled":true,"jetpack_social_post_already_shared":true,"jetpack_social_options":{"image_generator_settings":{"template":"highway","default_image_id":0,"font":"","enabled":false},"version":2}},"categories":[98],"tags":[233],"class_list":["post-23068","post","type-post","status-publish","format-standard","hentry","category-c111-portugal","tag-6a"],"jetpack_publicize_connections":[],"jetpack_featured_media_url":"","jetpack_shortlink":"https:\/\/wp.me\/p659gw-604","jetpack-related-posts":[],"jetpack_likes_enabled":true,"jetpack_sharing_enabled":true,"_links":{"self":[{"href":"https:\/\/pcb.org.br\/portal2\/wp-json\/wp\/v2\/posts\/23068","targetHints":{"allow":["GET"]}}],"collection":[{"href":"https:\/\/pcb.org.br\/portal2\/wp-json\/wp\/v2\/posts"}],"about":[{"href":"https:\/\/pcb.org.br\/portal2\/wp-json\/wp\/v2\/types\/post"}],"author":[{"embeddable":true,"href":"https:\/\/pcb.org.br\/portal2\/wp-json\/wp\/v2\/users\/1"}],"replies":[{"embeddable":true,"href":"https:\/\/pcb.org.br\/portal2\/wp-json\/wp\/v2\/comments?post=23068"}],"version-history":[{"count":0,"href":"https:\/\/pcb.org.br\/portal2\/wp-json\/wp\/v2\/posts\/23068\/revisions"}],"wp:attachment":[{"href":"https:\/\/pcb.org.br\/portal2\/wp-json\/wp\/v2\/media?parent=23068"}],"wp:term":[{"taxonomy":"category","embeddable":true,"href":"https:\/\/pcb.org.br\/portal2\/wp-json\/wp\/v2\/categories?post=23068"},{"taxonomy":"post_tag","embeddable":true,"href":"https:\/\/pcb.org.br\/portal2\/wp-json\/wp\/v2\/tags?post=23068"}],"curies":[{"name":"wp","href":"https:\/\/api.w.org\/{rel}","templated":true}]}}