{"id":23070,"date":"2019-05-13T22:31:37","date_gmt":"2019-05-14T01:31:37","guid":{"rendered":"https:\/\/pcb.org.br\/portal2\/?p=23070"},"modified":"2019-05-13T22:31:42","modified_gmt":"2019-05-14T01:31:42","slug":"a-farsa-da-abolicao-teve-rebeldia-na-luta-pela-liberdade","status":"publish","type":"post","link":"https:\/\/pcb.org.br\/portal2\/23070","title":{"rendered":"A farsa da Aboli\u00e7\u00e3o: teve rebeldia na luta pela liberdade"},"content":{"rendered":"\n<img decoding=\"async\" class=\"imagem\" title=\"imagem\"  alt=\"imagem\"  src=\"https:\/\/i0.wp.com\/lh3.googleusercontent.com\/d8vJ_MMx0orfQSWimdcrKpzie9ZrZ0XSf41heOvVWe_MzkIV_EEDNXOf_jYkBlqVAI0Z2k25to7xAy5IhXVth3-WanommDkDJFfyyp01UNJlGvpmtos7MUKRD83Yv9hvCICxd5AlxDEV02aIy8__AF55KfrI5UNpzbQjQNGBgOszALEZng08eoHaVlzFz7qHRLmhFZhFT6-vy64rRVyiA9PPJP_4y5a1HpPpB9TlTVVPBk5U0f5bklQ-GUA93MdWJzIkhcFE6B0USQMkzJLTfWF6KojPVnpHOiNJDL5ekGEHJ841unqjzThPj0S9vSYu8W95FAkKf7VeQ7zEjzPSompQPiy5fy9LzpDOIykiz1vz7kvg-i7wptIivFAgEu8uKLNVmO2lCljsw8CzxTdNc9tA8d-HTF63-r_fcMhopk4hDEbEPk-aR7lF2bJEFmacdCKe0zdT6tOwErzxoDM5OLV6fEvd93CXGRX8jMAKXY-CsxisJ4Kdw_dDEqJZ5aJl7C6ZclGO8vCqbn7pA76GhdZfe372PI--P1UJWEU_mnKDOARK77myc226pGc2IJYeEGxWLBV6-5U1UhvjaxzTB9rXOPmfRwKbJLU-MwqBAJDlD5N-Sk_mfIGMXclZ5_ymReNR4TD52HgcBr5gvS9_hoVPFPtuWV5k=s872-no\"\/><!--more-->Coletivo Feminista Classista Ana Montenegro &#8211; Alagoas\n<\/p><p>\nH\u00e1 131 anos uma carta era assinada para formalizar o t\u00e9rmino de um per\u00edodo infernal que marcou a explora\u00e7\u00e3o e desumaniza\u00e7\u00e3o de trabalhadores pelo com\u00e9rcio negreiro e hoje, demarcando o anivers\u00e1rio da assinatura da Lei \u00c1urea, amanhecemos com a not\u00edcia de que o barrac\u00e3o Abass\u00e1 de Angola Oya Igbale, da Ialorix\u00e1 M\u00e3e Vera, localizado no bairro Eust\u00e1quio Gomes, foi brutalmente atacado. O 13 de maio comprova diariamente que foi uma condena\u00e7\u00e3o a segrega\u00e7\u00e3o, a mis\u00e9ria, uma farsa forjada por um decreto que legalizaria o exterm\u00ednio \u00e9tnico.\n<\/p><p>\nO Brasil possui particularidades fruto do colonialismo, da forma\u00e7\u00e3o sociohist\u00f3rica e econ\u00f4mica nas Am\u00e9ricas. Por ter sido o \u00faltimo pa\u00eds do mundo a abolir a escravid\u00e3o, n\u00e3o por bondade da princesa branca que servia ao imperialismo &#8211; como comumente somos induzidas a aprender nas institui\u00e7\u00f5es escolares &#8211; mas sim pela press\u00e3o imposta pela maior pot\u00eancia pol\u00edtica, econ\u00f4mica e militar da \u00e9poca, que j\u00e1 tinha feito sua Revolu\u00e7\u00e3o Industrial com quase um s\u00e9culo de anteced\u00eancia, e precisava expandir seu mercado em regi\u00f5es onde o meio de produ\u00e7\u00e3o capitalista se dava pelo trabalho assalariado. Al\u00e9m das tens\u00f5es causadas pela subvers\u00e3o da popula\u00e7\u00e3o negra, como as fugas, a forma\u00e7\u00e3o de quilombos, a cria\u00e7\u00e3o de lutas de defesa pessoal e coletiva, os assassinatos de senhores de engenho, a resist\u00eancia ao ass\u00e9dio sexual e as torturas que caracterizaram mais de tr\u00eas s\u00e9culos de luta daqueles que compuseram a primeira classe trabalhadora brasileira. Al\u00e9m de tudo, n\u00e3o houve pol\u00edtica extensiva do Estado para integra\u00e7\u00e3o dessa popula\u00e7\u00e3o na sociedade ap\u00f3s 1888.\n<\/p><p>\n\u00c9 necess\u00e1rio enfatizar que a segrega\u00e7\u00e3o racial e social se deu em varias nuances. As pr\u00e1ticas de religiosidade, por exemplo, emergiram em um contexto de escraviza\u00e7\u00e3o do povo que a praticava e se manteve fortemente viva nos morros, grotas e periferias. A religiosidade sempre se mostrou essencial na cultura africana e afrobrasileira. A cren\u00e7a em algo maior do que podemos explicar materialmente e que se fez fundamental em dar sentido na luta pela sobreviv\u00eancia da popula\u00e7\u00e3o negra que era sistematicamente exterminada. A demoniza\u00e7\u00e3o social ao culto aos orix\u00e1s ainda hoje carrega as marcas da intoler\u00e2ncia \u00e9tnico racial.\n<\/p><p>\nN\u00f3s, do Partido Comunista Brasileiro e do Coletivo Feminista Classista Ana Montenegro Alagoas, em respeito e mem\u00f3ria ao nosso povo negro que bravamente lutou e que at\u00e9 hoje colhe as consequ\u00eancias da sociedade de classes, repudia os atos de racismo e intoler\u00e2ncia religiosa.\n<\/p><p>\nRelembramos que a luta anticapitalista, por uma sociedade humanamente igualit\u00e1ria, \u00e9 essencialmente anticolonial e antirracista.\n","protected":false},"excerpt":{"rendered":"<a class=\"moretag\" href=\"https:\/\/pcb.org.br\/portal2\/23070\"> <\/a>","protected":false},"author":1,"featured_media":0,"comment_status":"closed","ping_status":"closed","sticky":false,"template":"","format":"standard","meta":{"jetpack_post_was_ever_published":false,"_jetpack_newsletter_access":"","_jetpack_dont_email_post_to_subs":false,"_jetpack_newsletter_tier_id":0,"_jetpack_memberships_contains_paywalled_content":false,"_jetpack_memberships_contains_paid_content":false,"footnotes":"","jetpack_publicize_message":"","jetpack_publicize_feature_enabled":true,"jetpack_social_post_already_shared":true,"jetpack_social_options":{"image_generator_settings":{"template":"highway","default_image_id":0,"font":"","enabled":false},"version":2}},"categories":[22],"tags":[222],"class_list":["post-23070","post","type-post","status-publish","format-standard","hentry","category-c3-coletivo-ana-montenegro","tag-2b"],"jetpack_publicize_connections":[],"jetpack_featured_media_url":"","jetpack_shortlink":"https:\/\/wp.me\/p659gw-606","jetpack-related-posts":[],"jetpack_likes_enabled":true,"jetpack_sharing_enabled":true,"_links":{"self":[{"href":"https:\/\/pcb.org.br\/portal2\/wp-json\/wp\/v2\/posts\/23070","targetHints":{"allow":["GET"]}}],"collection":[{"href":"https:\/\/pcb.org.br\/portal2\/wp-json\/wp\/v2\/posts"}],"about":[{"href":"https:\/\/pcb.org.br\/portal2\/wp-json\/wp\/v2\/types\/post"}],"author":[{"embeddable":true,"href":"https:\/\/pcb.org.br\/portal2\/wp-json\/wp\/v2\/users\/1"}],"replies":[{"embeddable":true,"href":"https:\/\/pcb.org.br\/portal2\/wp-json\/wp\/v2\/comments?post=23070"}],"version-history":[{"count":0,"href":"https:\/\/pcb.org.br\/portal2\/wp-json\/wp\/v2\/posts\/23070\/revisions"}],"wp:attachment":[{"href":"https:\/\/pcb.org.br\/portal2\/wp-json\/wp\/v2\/media?parent=23070"}],"wp:term":[{"taxonomy":"category","embeddable":true,"href":"https:\/\/pcb.org.br\/portal2\/wp-json\/wp\/v2\/categories?post=23070"},{"taxonomy":"post_tag","embeddable":true,"href":"https:\/\/pcb.org.br\/portal2\/wp-json\/wp\/v2\/tags?post=23070"}],"curies":[{"name":"wp","href":"https:\/\/api.w.org\/{rel}","templated":true}]}}