{"id":23075,"date":"2019-05-14T21:29:27","date_gmt":"2019-05-15T00:29:27","guid":{"rendered":"https:\/\/pcb.org.br\/portal2\/?p=23075"},"modified":"2019-05-14T21:29:33","modified_gmt":"2019-05-15T00:29:33","slug":"15-05-greve-nacional-da-educacao-contra-os-ataques-de-bolsonaro","status":"publish","type":"post","link":"https:\/\/pcb.org.br\/portal2\/23075","title":{"rendered":"15\/05: Greve Nacional da Educa\u00e7\u00e3o contra os ataques de Bolsonaro"},"content":{"rendered":"\n<img decoding=\"async\" class=\"imagem\" title=\"imagem\"  alt=\"imagem\"  src=\"https:\/\/i0.wp.com\/farm66.staticflickr.com\/65535\/47844055261_3518899143_z.jpg\"\/><!--more-->&#8220;Povo na rua vai reverter esse quadro&#8221;, diz presidente da CNTE sobre cortes no ensino\n<\/p><p>\n<\/p><p>\nParalisa\u00e7\u00e3o nacional acontece nesta quarta (15) em todo o pa\u00eds contra o desmonte das universidades no governo Bolsonaro\n<\/p><p>\nLuciana Console\n<\/p><p>\nBrasil de Fato | S\u00e3o Paulo (SP)\n<\/p><p>\nImagem:\nGreve dos professores estaduais em S\u00e3o Paulo &#8211; Cr\u00e9ditos: Romerito Pontes\nGreve dos professores estaduais em S\u00e3o Paulo \/ Romerito Pontes\n<\/p><p>\nA Greve Nacional da Educa\u00e7\u00e3o, marcada para a pr\u00f3xima quarta-feira (15), pode reverter o quadro de desmonte das universidades federais no governo Bolsonaro (PSL). \u00c9 o que afirma o presidente da Confedera\u00e7\u00e3o Nacional dos Trabalhadores em Educa\u00e7\u00e3o (CNTE), Heleno Manoel Gomes de Ara\u00fajo Filho.\n<\/p><p>\nA CNTE, que engloba diversas entidades sindicais em todo o Brasil, participa da organiza\u00e7\u00e3o da greve, que tem como bandeira principal o rep\u00fadio ao recente corte or\u00e7ament\u00e1rio de 30% nas universidades. Segundo Heleno, a paralisa\u00e7\u00e3o ser\u00e1 em toda a rede p\u00fablica de ensino, e os atos ocorrer\u00e3o no dia 15 em todas as capitais brasileiras.\n<\/p><p>\nEm entrevista ao Brasil de Fato, Heleno Ara\u00fajo explica como vai ser a mobiliza\u00e7\u00e3o nacional dos professores, estudantes e trabalhadores da educa\u00e7\u00e3o e o que ela pode representar na atual conjuntura.\n<\/p><p>\nConfira os melhores momentos:\n<\/p><p>\nBrasil de Fato: Em linhas gerais, como ser\u00e1 a Greve Nacional da Educa\u00e7\u00e3o no dia 15 de maio? \n<\/p><p>\nHeleno Ara\u00fajo: A mobiliza\u00e7\u00e3o est\u00e1 intensa. N\u00f3s temos a participa\u00e7\u00e3o de todas as entidades filiadas \u00e0 CNTE em todo o Brasil. S\u00e3o 50 entidades, sindicatos, associa\u00e7\u00f5es e federa\u00e7\u00f5es ligadas \u00e0 CNTE.\n<\/p><p>\nTemos paralisa\u00e7\u00e3o marcada em toda rede p\u00fablica, de modo que vamos ter atos p\u00fablicos em todas as capitais brasileiras. Pela manh\u00e3, pela tarde, em todas as capitais t\u00eam atos. J\u00e1 temos confirmados em 21 capitais atos conjuntos entre trabalhadores da educa\u00e7\u00e3o b\u00e1sica, do ensino superior, dos institutos federais, do setor privado, com apoio de petroleiros, da Frente Brasil Popular, Frente Povo Sem Medo, das centrais sindicais\u2026\n<\/p><p>\nEnt\u00e3o, existem outras categorias que est\u00e3o apoiando a greve e chamando tamb\u00e9m esse dia de mobiliza\u00e7\u00e3o em defesa dos servi\u00e7os p\u00fablicos e em defesa da educa\u00e7\u00e3o p\u00fablica. Vai ser um dia intenso de muita mobiliza\u00e7\u00e3o em todo o Brasil.\n<\/p><p>\nA greve \u00e9 dos professores, mas envolve outras quest\u00f5es e demandas da classe trabalhadora. Qual a mensagem que se pretende passar?\n<\/p><p>\nEla inicialmente foi convocada para chamar a aten\u00e7\u00e3o de toda a sociedade com rela\u00e7\u00e3o \u00e0 destrui\u00e7\u00e3o da aposentadoria do conjunto dos trabalhadores e das trabalhadoras em educa\u00e7\u00e3o do povo brasileiro. A inten\u00e7\u00e3o inicial era mostrar que a nossa categoria \u00e9 que vai ser a mais penalizada. Porque ela \u00e9 formada 80% por mulheres, e as mulheres v\u00e3o trabalhar mais tempo se essas medidas forem aprovadas. Quando conseguirem o crit\u00e9rio de aposentadoria ter\u00e3o seu sal\u00e1rios reduzidos.\n<\/p><p>\nDurante a prepara\u00e7\u00e3o, n\u00f3s tivemos as medidas do governo Bolsonaro, de fazer cortes na educa\u00e7\u00e3o p\u00fablica em nosso pa\u00eds \u2013 cortes de investimento na universidade p\u00fablica, nos institutos federais, nas escolas de educa\u00e7\u00e3o b\u00e1sica que s\u00e3o ligadas \u00e0 Uni\u00e3o. Esses cortes t\u00eam tamb\u00e9m repercuss\u00e3o na educa\u00e7\u00e3o b\u00e1sica como um todo. Ataca os munic\u00edpios, ataca os estados, ao atingir a quest\u00e3o da merenda escolar  e o transporte escolar dos nossos estudantes. Ent\u00e3o, \u00e9 uma medida que agravou o cen\u00e1rio educacional.\n<\/p><p>\nA greve tem sua incid\u00eancia sobre a destrui\u00e7\u00e3o da aposentadoria e contra os cortes de investimentos em educa\u00e7\u00e3o em todas as esferas e em todos os n\u00edveis em nosso pa\u00eds, anunciados pelo governo Bolsonaro. \n<\/p><p>\nEst\u00e1 marcada para o dia 14 de junho uma greve geral dos trabalhadores. A Greve Nacional da Educa\u00e7\u00e3o faz parte do chamamento para a paralisa\u00e7\u00e3o de junho?\n<\/p><p>\nEla foi chamada desde o princ\u00edpio como Greve Nacional da Educa\u00e7\u00e3o rumo \u00e0 greve geral da classe trabalhadora, que vai acontecer no dia 14 de junho. N\u00e3o temos s\u00f3 o compromisso de toda a educa\u00e7\u00e3o b\u00e1sica e superior de participar da greve geral, mas de parar o pa\u00eds contra as medidas de destrui\u00e7\u00e3o do governo Bolsonaro.\n<\/p><p>\nQuais as expectativas para a Greve Nacional da Educa\u00e7\u00e3o?\n<\/p><p>\nNo mundo todo e aqui no Brasil n\u00f3s conseguimos avan\u00e7ar sobre direitos, sobre aquilo que alcan\u00e7a a maioria da popula\u00e7\u00e3o, s\u00f3 com muitos protestos, muita mobiliza\u00e7\u00e3o e muita gente nas ruas. A nossa expectativa \u00e9 que tenhamos muita gente nas ruas agora no dia 15 de maio, e que isso toque os parlamentares que est\u00e3o na Comiss\u00e3o Especial que vai discutir as mudan\u00e7as na Seguridade Social, na Previd\u00eancia do conjunto da popula\u00e7\u00e3o. Se tivermos muita gente nas ruas, com o povo dizendo que n\u00e3o aceita essa medidas, \u00e9 tarefa do parlamentar, \u00e9 papel do parlamentar votar contra essas medidas. Por isso, essa expectativa de que tenha muitas gente nas ruas para pressionar os parlamentares sobre a Previd\u00eancia que est\u00e1 no Congresso Nacional.\n<\/p><p>\nEssa multid\u00e3o na rua com certeza vai pressionar o governo federal a repensar essa sua medida de fazer o bloqueio de recursos j\u00e1 destinados no or\u00e7amento da Educa\u00e7\u00e3o para 2019. Esse or\u00e7amento foi aprovado em 2018 no Congresso Nacional, j\u00e1 estava em pleno andamento, e o governo anuncia agora fazer o bloqueio desses recursos.\n<\/p><p>\nEnt\u00e3o, a expectativa \u00e9 de que com muita gente nas ruas a gente fa\u00e7a com que o governo retome a posi\u00e7\u00e3o e cancele a medida de fazer o bloqueio desses recursos. Se n\u00e3o conseguirmos isso no dia 15 de maio com mobiliza\u00e7\u00e3o nas ruas, vamos continuar fortalecendo a mobiliza\u00e7\u00e3o para que na greve geral do dia 14 de junho possamos alcan\u00e7ar esses objetivos.\n<\/p><p>\nGostaria de acrescentar algum coment\u00e1rio?\n<\/p><p>\n\u00c9 importante que cada trabalhadora e trabalhador em educa\u00e7\u00e3o busque informa\u00e7\u00f5es. Muitos acreditam na mobiliza\u00e7\u00e3o do sindicato, muitos participam da chamada pelo sindicato, mas para aqueles ainda que n\u00e3o acreditam na chamada do sindicato, n\u00f3s indicamos que fa\u00e7am a leitura do que est\u00e1 acontecendo.\n<\/p><p>\n\u00c9 importante pensar na situa\u00e7\u00e3o dos trabalhadores da educa\u00e7\u00e3o, mas \u00e9 importante tamb\u00e9m ser solid\u00e1rio com os demais membros da sociedade que ser\u00e3o altamente prejudicados com as medidas de Bolsonaro.\n<\/p><p>\nPara a educa\u00e7\u00e3o, os cortes s\u00e3o prejudiciais de imediato e trazem um preju\u00edzo enorme \u00e0quilo que n\u00f3s conquistamos no Plano Nacional de Educa\u00e7\u00e3o, que tinha recursos da educa\u00e7\u00e3o at\u00e9 2024. Com essas medidas, n\u00f3s temos os poucos recursos destinados \u00e0 educa\u00e7\u00e3o ainda mais sendo reduzidos. N\u00f3s n\u00e3o podemos aceitar que isso aconte\u00e7a, que essas medidas entrem em a\u00e7\u00e3o. S\u00f3 o protesto, a manifesta\u00e7\u00e3o e o povo na rua \u00e9 que v\u00e3o reverter esse quadro. \n<\/p><p>\nEdi\u00e7\u00e3o: Rodrigo Chagas\n<\/p><p>\nhttps:\/\/www.brasildefato.com.br\/especiais\/levante-da-educacao\/\n","protected":false},"excerpt":{"rendered":"<a class=\"moretag\" href=\"https:\/\/pcb.org.br\/portal2\/23075\"> <\/a>","protected":false},"author":1,"featured_media":0,"comment_status":"closed","ping_status":"closed","sticky":false,"template":"","format":"standard","meta":{"jetpack_post_was_ever_published":false,"_jetpack_newsletter_access":"","_jetpack_dont_email_post_to_subs":false,"_jetpack_newsletter_tier_id":0,"_jetpack_memberships_contains_paywalled_content":false,"_jetpack_memberships_contains_paid_content":false,"footnotes":"","jetpack_publicize_message":"","jetpack_publicize_feature_enabled":true,"jetpack_social_post_already_shared":true,"jetpack_social_options":{"image_generator_settings":{"template":"highway","default_image_id":0,"font":"","enabled":false},"version":2}},"categories":[56],"tags":[224],"class_list":["post-23075","post","type-post","status-publish","format-standard","hentry","category-c67-greve","tag-3b"],"jetpack_publicize_connections":[],"jetpack_featured_media_url":"","jetpack_shortlink":"https:\/\/wp.me\/p659gw-60b","jetpack-related-posts":[],"jetpack_likes_enabled":true,"jetpack_sharing_enabled":true,"_links":{"self":[{"href":"https:\/\/pcb.org.br\/portal2\/wp-json\/wp\/v2\/posts\/23075","targetHints":{"allow":["GET"]}}],"collection":[{"href":"https:\/\/pcb.org.br\/portal2\/wp-json\/wp\/v2\/posts"}],"about":[{"href":"https:\/\/pcb.org.br\/portal2\/wp-json\/wp\/v2\/types\/post"}],"author":[{"embeddable":true,"href":"https:\/\/pcb.org.br\/portal2\/wp-json\/wp\/v2\/users\/1"}],"replies":[{"embeddable":true,"href":"https:\/\/pcb.org.br\/portal2\/wp-json\/wp\/v2\/comments?post=23075"}],"version-history":[{"count":0,"href":"https:\/\/pcb.org.br\/portal2\/wp-json\/wp\/v2\/posts\/23075\/revisions"}],"wp:attachment":[{"href":"https:\/\/pcb.org.br\/portal2\/wp-json\/wp\/v2\/media?parent=23075"}],"wp:term":[{"taxonomy":"category","embeddable":true,"href":"https:\/\/pcb.org.br\/portal2\/wp-json\/wp\/v2\/categories?post=23075"},{"taxonomy":"post_tag","embeddable":true,"href":"https:\/\/pcb.org.br\/portal2\/wp-json\/wp\/v2\/tags?post=23075"}],"curies":[{"name":"wp","href":"https:\/\/api.w.org\/{rel}","templated":true}]}}