{"id":23093,"date":"2019-05-15T21:43:18","date_gmt":"2019-05-16T00:43:18","guid":{"rendered":"https:\/\/pcb.org.br\/portal2\/?p=23093"},"modified":"2019-05-15T21:43:24","modified_gmt":"2019-05-16T00:43:24","slug":"burguesia-cavalga-o-movimento-fascista","status":"publish","type":"post","link":"https:\/\/pcb.org.br\/portal2\/23093","title":{"rendered":"\u2018Burguesia cavalga o movimento fascista\u2019"},"content":{"rendered":"\n<img decoding=\"async\" class=\"imagem\" title=\"imagem\"  alt=\"imagem\"  src=\"https:\/\/i0.wp.com\/www.abrilabril.pt\/sites\/default\/files\/styles\/node_aberto_vp768\/public\/assets\/img\/6731.jpg?itok=dzh2h7D5\"\/><!--more-->PORTAL TUTAM\u00c9IA\n<\/p><p>\npor Eleonora de Lucena e Rodolfo Lucena\nO governo Bolsonaro representa os interesses do capital internacional, do Estado estadunidense. \u00c9 entreguista de ponta a ponta. Resulta de uma converg\u00eancia do capital imperialista, que age por interm\u00e9dio do Departamento de Justi\u00e7a dos EUA, e a classe m\u00e9dia que quer destruir a esquerda.\n<\/p><p>\nAs defini\u00e7\u00f5es s\u00e3o do cientista pol\u00edtico Armando Boito Jr. em entrevista ao TUTAM\u00c9IA (acompanhe no v\u00eddeo https:\/\/youtu.be\/SEqlbPzw8G0). Professor da Unicamp, ele compara o nazismo e o fascismo com o movimento neofascista no Brasil de hoje. Lembra que nos dois momentos houve uma crise na representa\u00e7\u00e3o partid\u00e1ria da burguesia, que decide, como nos anos 1920\/1930, na Alemanha e na It\u00e1lia, \u201ccooptar, confiscar, cavalgar, dirigir o movimento fascista, se apropriar politicamente dele\u201d.\n<\/p><p>\nNa an\u00e1lise do cientista pol\u00edtico, a classe m\u00e9dia conservadora foi a principal for\u00e7a para a deposi\u00e7\u00e3o de Dilma, mas n\u00e3o foi a for\u00e7a dirigente. \u201cO movimento foi dirigido politicamente pela burguesia e pelo capital internacional\u201d, um processo iniciado em 2013, contra as diretrizes econ\u00f4micas do governo petista, contra os Brics e pela internacionaliza\u00e7\u00e3o do pr\u00e9-sal.\n<\/p><p>\nPara ele, a mudan\u00e7a de cen\u00e1rio ocorreu com a descoberta do pr\u00e9-sal e com a legisla\u00e7\u00e3o que estabeleceu a primazia da Petrobras na explora\u00e7\u00e3o da reserva. A emerg\u00eancia dos Brics foi outro fator. \u201cN\u00e3o foi \u00e0 toa que Obama mandou espionar a Dilma e a Petrobras. Houve a m\u00e3o do imperialismo estadunidense no golpe. \u00c9 um erro imaginar que o imperialismo \u00e9 algo externo e que age de fora. Existem segmentos da burguesia associada e da alta classe m\u00e9dia cujos interesse convergem com os do imperialismo. O golpe n\u00e3o foi exclusivamente interno\u201d.\n<\/p><p>\nSegundo ele, j\u00e1 no in\u00edcio de 2013, a desacelera\u00e7\u00e3o da economia fez com que a \u201cburguesia associada e o capital internacional percebessem a oportunidade de retomar ofensiva pol\u00edtica\u201d.\n<\/p><p>\nE ressalta:\n<\/p><p>\n\u201cA Lava Jato foi estimulada pelo capital internacional para destruir a engenharia brasileira\u201d.\n<\/p><p>\nO professor da Unicamp afirma que os governos petistas n\u00e3o souberam travar o combate ideol\u00f3gico imposto pela opera\u00e7\u00e3o:\n<\/p><p>\n\u201cImaginavam que era progressista lutar contra a corrup\u00e7\u00e3o. N\u00e3o viram que aquela luta contra a corrup\u00e7\u00e3o n\u00e3o era uma luta contra a corrup\u00e7\u00e3o; era um movimento que instrumentalizava a luta contra a corrup\u00e7\u00e3o para destruir a engenharia nacional. Imaginaram que as institui\u00e7\u00f5es de Estado s\u00e3o neutras, que n\u00e3o t\u00eam natureza de classe\u201d.\n<\/p><p>\nNa entrevista, Boito fala dos atritos nos grupos do poder, entre o movimento fascista a dire\u00e7\u00e3o data pelo grande capital \u2013o internacional e o interno, associado a ele.\n<\/p><p>\n\u201cN\u00e3o existe meia d\u00fazia de loucos fazendo pol\u00edtica. Bolsonaro quer atender a base dele tamb\u00e9m. Ele \u00e9 domado, mas n\u00e3o \u00e9 passivo. O capital internacional n\u00e3o conseguiu converter o movimento neofascista num instrumento passivo\u201d.\n<\/p><p>\nE segue:\n<\/p><p>\n\u201cA base principal do neofascismo \u00e9 a classe m\u00e9dia, especialmente a alta classe m\u00e9dia. O voto popular que o Bolsonaro teve foi uma ades\u00e3o nas \u00faltimas semanas de campanha. Essa ades\u00e3o teve a ver com as igrejas evang\u00e9licas e tamb\u00e9m com a cr\u00edtica que ele fazia \u00e0 corrup\u00e7\u00e3o, \u00e0 criminalidade. Se apresentou como antissistema, como foi caracter\u00edstica do fascismo e \u00e9 caracter\u00edstica do neofascismo. O antissistema dele quer dizer antidemocr\u00e1tico. Ele \u00e9 contra o jogo parlamentar\u201d.\n<\/p><p>\nFalando do projeto sobre a previd\u00eancia, diz:\n<\/p><p>\n\u201cO projeto \u00e9 da grande burguesia interna quanto da associada e do imperialismo. Mas n\u00e3o \u00e9 exatamente o projeto do movimento fascista. Eles v\u00e3o ter que puxar a r\u00e9dea e enquadrar o cara. Porque o neg\u00f3cio dele \u00e9 destruir a democracia. Ele quer governar por decreto. Ele n\u00e3o negocia porque ele n\u00e3o quer que o Congresso funcione\u201d.\n<\/p><p>\nAo comentar os conflitos entre militares e os seguidores de Olavo de Carvalho, Boito diz:\n<\/p><p>\n\u201cA linha olavete \u00e9 a que vislumbra no horizonte uma ditadura fascista. A linha dos militares \u00e9 de um grupo autorit\u00e1rio. O Villas Boas est\u00e1 sendo humilhado pelo Olavo de Carvalho\u201d.\n<\/p><p>\nLembrando do famoso tu\u00edte do general Villas Boas na v\u00e9spera do julgamento do habeas corpus do presidente Lula, diz:\n<\/p><p>\n\u201cEle cantou de galo enquadrando o STF. Ele \u00e9 um candidato a ditador. O que eles querem \u00e9 tutelar. Implantaram uma tutela sobre o processo pol\u00edtico. As For\u00e7as Armadas enquadraram o STF. Dias Toffoli \u00e9 um subordinado dos militares, est\u00e1 sob a tutela dos militares. Cantavam de galo e est\u00e3o sendo humilhados pelo Olavo de Carvalho\u201d.\n<\/p><p>\n\u201c\u00c9 uma disputa entre autorit\u00e1rios fascistas e autorit\u00e1rios militares. As duas linhas est\u00e3o subordinadas ao capital internacional e \u00e0 burguesia associada\u201d.\n<\/p><p>\nNesta entrevista, Boito fala dos erros e dos desafios das for\u00e7as de esquerda e dos problemas para o governo Bolsonaro, que tem \u201cum alinhamento passivo, integral e submisso ao governo Trump\u201d.\n<\/p><p>\nEle diz que muito empres\u00e1rios se iludiram com o golpe.  \n<\/p><p>\n\u201cA contradi\u00e7\u00e3o entre a burguesia interna e o capital internacional segue ativa, embora n\u00e3o seja a contradi\u00e7\u00e3o principal no atual processo pol\u00edtico. A contradi\u00e7\u00e3o principal \u00e9 entre o bloco no poder, sob a hegemonia do capital internacional, e as classes populares\u201d.\n<\/p><p>\nImagem: \u00abDiscurso Eleitoral\u00bb, desenho a tinta da China, agosto 1969, publicado no Di\u00e1rio de Lisboa\n","protected":false},"excerpt":{"rendered":"<a class=\"moretag\" href=\"https:\/\/pcb.org.br\/portal2\/23093\"> <\/a>","protected":false},"author":1,"featured_media":0,"comment_status":"closed","ping_status":"closed","sticky":false,"template":"","format":"standard","meta":{"jetpack_post_was_ever_published":false,"_jetpack_newsletter_access":"","_jetpack_dont_email_post_to_subs":false,"_jetpack_newsletter_tier_id":0,"_jetpack_memberships_contains_paywalled_content":false,"_jetpack_memberships_contains_paid_content":false,"footnotes":"","jetpack_publicize_message":"","jetpack_publicize_feature_enabled":true,"jetpack_social_post_already_shared":true,"jetpack_social_options":{"image_generator_settings":{"template":"highway","default_image_id":0,"font":"","enabled":false},"version":2}},"categories":[9],"tags":[225],"class_list":["post-23093","post","type-post","status-publish","format-standard","hentry","category-s10-internacional","tag-4a"],"jetpack_publicize_connections":[],"jetpack_featured_media_url":"","jetpack_shortlink":"https:\/\/wp.me\/p659gw-60t","jetpack-related-posts":[],"jetpack_likes_enabled":true,"jetpack_sharing_enabled":true,"_links":{"self":[{"href":"https:\/\/pcb.org.br\/portal2\/wp-json\/wp\/v2\/posts\/23093","targetHints":{"allow":["GET"]}}],"collection":[{"href":"https:\/\/pcb.org.br\/portal2\/wp-json\/wp\/v2\/posts"}],"about":[{"href":"https:\/\/pcb.org.br\/portal2\/wp-json\/wp\/v2\/types\/post"}],"author":[{"embeddable":true,"href":"https:\/\/pcb.org.br\/portal2\/wp-json\/wp\/v2\/users\/1"}],"replies":[{"embeddable":true,"href":"https:\/\/pcb.org.br\/portal2\/wp-json\/wp\/v2\/comments?post=23093"}],"version-history":[{"count":0,"href":"https:\/\/pcb.org.br\/portal2\/wp-json\/wp\/v2\/posts\/23093\/revisions"}],"wp:attachment":[{"href":"https:\/\/pcb.org.br\/portal2\/wp-json\/wp\/v2\/media?parent=23093"}],"wp:term":[{"taxonomy":"category","embeddable":true,"href":"https:\/\/pcb.org.br\/portal2\/wp-json\/wp\/v2\/categories?post=23093"},{"taxonomy":"post_tag","embeddable":true,"href":"https:\/\/pcb.org.br\/portal2\/wp-json\/wp\/v2\/tags?post=23093"}],"curies":[{"name":"wp","href":"https:\/\/api.w.org\/{rel}","templated":true}]}}