{"id":23145,"date":"2019-05-22T20:34:01","date_gmt":"2019-05-22T23:34:01","guid":{"rendered":"https:\/\/pcb.org.br\/portal2\/?p=23145"},"modified":"2019-05-27T21:51:09","modified_gmt":"2019-05-28T00:51:09","slug":"jovens-brasileiros-denunciam-politicas-antipovo-de-bolsonaro","status":"publish","type":"post","link":"https:\/\/pcb.org.br\/portal2\/23145","title":{"rendered":"Jovens brasileiros denunciam pol\u00edticas antipovo de Bolsonaro"},"content":{"rendered":"\n<img decoding=\"async\" class=\"imagem\" title=\"imagem\"  alt=\"imagem\"  src=\"https:\/\/i0.wp.com\/www.correodelorinoco.gob.ve\/wp-content\/uploads\/2019\/05\/J%C3%B3venes-estudiantes-de-Brasil-CLAE.jpg\"\/><!--more-->Entrevista concedida ao Correo del Orinoco, jornal do governo da Venezuela. A camarada L\u00edgia Fernandes (UNE), Gabriel Colombo (ANPG) e Hugo Rojas, militante da JCV, discutem a luta anti-imperialista nos marcos do XVIII Congresso Latino-Americano e Caribenho de Estudantes (CLAE), na Venezuela.\n<\/p><p>\nAsseguraram que vivem \u201cuma situa\u00e7\u00e3o muito complicada\u201d pela postura pr\u00f3-imperialista e lacaia a favor do governo dos Estados Unidos da parte do mandat\u00e1rio brasileiro.\n<\/p><p>\nEntre os objetivos a que se colocam L\u00edgia Fernandes e Gabriel Colombo, militantes da Uni\u00e3o da Juventude Comunista do Brasil, para sua participa\u00e7\u00e3o no XVIII Congresso Latino-Americano e Caribenho de Estudantes, que atualmente est\u00e1 sendo realizado na Venezuela, se destaca denunciar as \u201cpol\u00edticas antipovo impulsionadas pelo governo de extrema-direita\u201d que ostenta o poder pol\u00edtico na na\u00e7\u00e3o sul-americana.\n<\/p><p>\nDurante uma visita \u00e0 sede do Correo del Orinoco, asseguraram que o povo brasileiro vive \u201cuma situa\u00e7\u00e3o muito complicada\u201d por causa da postura pr\u00f3-imperialista e lacaia a favor do governo dos Estados Unidos por parte do presidente Jair Bolsonaro.\n<\/p><p>\nConsideram que a recupera\u00e7\u00e3o de governos neoliberais e de extrema-direita no continente \u00e9 parte de um fen\u00f4meno internacional \u201ce faz parte da crise do sistema capitalista.\u201d\n<\/p><p>\n&#8220;Por isso acreditamos que denunciar a ofensiva que ocorre na Venezuela \u00e9 muito importante para demonstrar como o imperialismo norte-americano agride os povos, enquanto os pa\u00edses latino-americanos defendem sua soberania e os interesses dos trabalhadores e do povo\u201d, opinou L\u00edgia Fernandes, que afirma que \u201co grito que se ouve hoje na Venezuela \u00e9 o grito de toda a Am\u00e9rica Latina\u201d.\n<\/p><p>\nOs visitantes consideram necess\u00e1rio que a Revolu\u00e7\u00e3o Bolivariana avance em seus objetivos: avan\u00e7ar na estatiza\u00e7\u00e3o dos meios de produ\u00e7\u00e3o e na organiza\u00e7\u00e3o do Poder Popular.\n<\/p><p>\nGabriel Colombo explicou como o governo de Bolsonaro atua em sua estrat\u00e9gia de privatiza\u00e7\u00e3o da sa\u00fade, da educa\u00e7\u00e3o e no desmonte dos programas sociais criados para beneficiar o povo.\n<\/p><p>\nNesse sentido, destacou os passos dados na Venezuela em defesa das conquistas sociais implementadas pelo comandante Hugo Ch\u00e1vez, que colocam a Venezuela em uma posi\u00e7\u00e3o de vanguarda. Mesmo assim, destaca a consci\u00eancia do povo venezuelano em rela\u00e7\u00e3o a seus direitos, atitude que dificulta as a\u00e7\u00f5es dos EUA.\n<\/p><p>\n&#8220;Viemos com grandes expectativas. Queremos ver como \u00e9 a realidade desse pa\u00eds para poder combater a narrativa hegem\u00f4nica dos grandes meios de comunica\u00e7\u00e3o. Essa \u00e9 uma oportunidade para conhecer esse pa\u00eds a partir da perspectiva de sua resist\u00eancia frente aos ataques do imperialismo\u201d, expressou Colombo.\n<\/p><p>\nSOLIDARIEDADE ESTUDANTIL\n<\/p><p>\nPara Hugo Rojas, integrante da Juventude Comunista da Venezuela, a grande vit\u00f3ria do Congresso \u00e9 reunir estudantes de toda a Am\u00e9rica Latina para enviar a uma s\u00f3 voz \u201cuma mensagem contundente de solidariedade \u00e0 Venezuela\u201d para o mundo. Da mesma forma que \u201cos camaradas brasileiros\u201d, reafirmou que o povo da na\u00e7\u00e3o bolivariana \u00e9 v\u00edtima de \u201cum ataque multifac\u00e9tico\u201d do imperialismo.\n<\/p><p>\n\u201cO tema central \u00e9 a unidade. (\u2026) Temos que nos equiparar \u00e0s for\u00e7as do inimigo com uma for\u00e7a similar da nossa parte. \u00c9 por isso que chamamos toda a juventude para se somar nessa batalha. O Congresso nos mostra (\u2026) um radiografia do que \u00e9 a educa\u00e7\u00e3o do continente, uma oportunidade que n\u00e3o podemos deixar de aproveitar. Na Venezuela, podemos falar das conquistas estudantis no acesso \u00e0 educa\u00e7\u00e3o, algo que, no caso de outros povos do continente, \u00e9 uma bandeira de luta que ainda n\u00e3o alcan\u00e7aram. N\u00f3s, jovens venezuelanos, temos que acompanhar essa luta (\u2026) e tamb\u00e9m nos organizarmo internamente para n\u00e3o retroceder em nossas conquistas\u201d, manifestou.\n<\/p><p>\nTexto: Romer Viera Rivas\nFoto: Jonathan Manzano de Caracas para o Correo del Orinoco\nTradu\u00e7\u00e3o: Gabriel Lazzari\n<\/p><p>\nFonte: http:\/\/www.correodelorinoco.gob.ve\/jovenes-brasilenos-denuncian-politicas-antipueblo-del-gobierno-de-extrema-derecha-de-bolsonaro\n","protected":false},"excerpt":{"rendered":"<a class=\"moretag\" href=\"https:\/\/pcb.org.br\/portal2\/23145\"> <\/a>","protected":false},"author":1,"featured_media":0,"comment_status":"closed","ping_status":"closed","sticky":false,"template":"","format":"standard","meta":{"jetpack_post_was_ever_published":false,"_jetpack_newsletter_access":"","_jetpack_dont_email_post_to_subs":false,"_jetpack_newsletter_tier_id":0,"_jetpack_memberships_contains_paywalled_content":false,"_jetpack_memberships_contains_paid_content":false,"footnotes":"","jetpack_publicize_message":"","jetpack_publicize_feature_enabled":true,"jetpack_social_post_already_shared":true,"jetpack_social_options":{"image_generator_settings":{"template":"highway","default_image_id":0,"font":"","enabled":false},"version":2}},"categories":[27,45],"tags":[226,247],"class_list":["post-23145","post","type-post","status-publish","format-standard","hentry","category-c27-ujc","category-c54-venezuela","tag-4b","tag-jd"],"jetpack_publicize_connections":[],"jetpack_featured_media_url":"","jetpack_shortlink":"https:\/\/wp.me\/p659gw-61j","jetpack-related-posts":[],"jetpack_likes_enabled":true,"jetpack_sharing_enabled":true,"_links":{"self":[{"href":"https:\/\/pcb.org.br\/portal2\/wp-json\/wp\/v2\/posts\/23145","targetHints":{"allow":["GET"]}}],"collection":[{"href":"https:\/\/pcb.org.br\/portal2\/wp-json\/wp\/v2\/posts"}],"about":[{"href":"https:\/\/pcb.org.br\/portal2\/wp-json\/wp\/v2\/types\/post"}],"author":[{"embeddable":true,"href":"https:\/\/pcb.org.br\/portal2\/wp-json\/wp\/v2\/users\/1"}],"replies":[{"embeddable":true,"href":"https:\/\/pcb.org.br\/portal2\/wp-json\/wp\/v2\/comments?post=23145"}],"version-history":[{"count":0,"href":"https:\/\/pcb.org.br\/portal2\/wp-json\/wp\/v2\/posts\/23145\/revisions"}],"wp:attachment":[{"href":"https:\/\/pcb.org.br\/portal2\/wp-json\/wp\/v2\/media?parent=23145"}],"wp:term":[{"taxonomy":"category","embeddable":true,"href":"https:\/\/pcb.org.br\/portal2\/wp-json\/wp\/v2\/categories?post=23145"},{"taxonomy":"post_tag","embeddable":true,"href":"https:\/\/pcb.org.br\/portal2\/wp-json\/wp\/v2\/tags?post=23145"}],"curies":[{"name":"wp","href":"https:\/\/api.w.org\/{rel}","templated":true}]}}