{"id":23161,"date":"2019-05-24T18:28:02","date_gmt":"2019-05-24T21:28:02","guid":{"rendered":"https:\/\/pcb.org.br\/portal2\/?p=23161"},"modified":"2019-05-24T18:34:21","modified_gmt":"2019-05-24T21:34:21","slug":"estudantes-reunidos-na-venezuela","status":"publish","type":"post","link":"https:\/\/pcb.org.br\/portal2\/23161","title":{"rendered":"Estudantes reunidos na Venezuela"},"content":{"rendered":"\n<img decoding=\"async\" class=\"imagem\" title=\"imagem\"  alt=\"imagem\"  src=\"https:\/\/i0.wp.com\/www.abrilabril.pt\/sites\/default\/files\/styles\/node_aberto_vp768\/public\/assets\/img\/9837.jpg?itok=ZYQPmcAw\"\/><!--more-->Venezuela sedia Congresso Latino-Americano e Caribenho de Estudantes\n18\u00ba CLAE re\u00fane cinco mil jovens em Caracas para debater a situa\u00e7\u00e3o da educa\u00e7\u00e3o p\u00fablica no continente\nMichele de Mello &#8211; Brasil de Fato | Caracas (Venezuela)\n<\/p><p>\n\u201cAs na\u00e7\u00f5es marcham rumo \u00e0 grandeza no mesmo ritmo que avan\u00e7a a educa\u00e7\u00e3o\u201d, diz uma frase c\u00e9lebre do libertador Simon Bol\u00edvar. \u00c9 na sua terra, em Caracas, onde cerca de cinco mil jovens estudantes de 14 pa\u00edses latino-americanos debatem a conjuntura atual e definem uma agenda de reivindica\u00e7\u00f5es comuns.\n<\/p><p>\nO Congresso Latino-Americano e Caribenho de Estudantes come\u00e7ou nessa segunda-feira (20), e vai at\u00e9 o s\u00e1bado (25), com o lema \u201cUnidade, luta anti-imperialista e educa\u00e7\u00e3o emancipadora\u201d. O evento acontece h\u00e1 18 anos e \u00e9 quando se elege uma nova diretoria para a Organiza\u00e7\u00e3o Caribenha e Latino-americana de Estudantes (OCLAE), criada em 1966, como iniciativa de 25 pa\u00edses da regi\u00e3o.\n<\/p><p>\nCaminhando entre um grupo de trabalho e outro \u00e9 poss\u00edvel encontrar jovens de todas as idades, desde estudantes secundaristas at\u00e9 p\u00f3s-graduandos, compartilhando experi\u00eancias e debatendo os horizontes das entidades estudantis.\n<\/p><p>\nCortar em tudo, menos na educa\u00e7\u00e3o\n<\/p><p>\nDe forma geral, o panorama educacional nos pa\u00edses latino-americanos \u00e9 similar: falta de investimento, riscos de privatiza\u00e7\u00e3o, falta de pol\u00edticas de perman\u00eancia estudantil. E o cen\u00e1rio \u00e9 agudizado nas situa\u00e7\u00f5es de crise econ\u00f4mica, como \u00e9 o caso da Venezuela.\n<\/p><p>\nJosu\u00e9 Medina \u00e9 graduando do sexto semestre de engenharia rural da Universidade Experimental Polit\u00e9cnica (UNEXPO), tamb\u00e9m coordenador nacional da Federa\u00e7\u00e3o Venezuelana de Estudantes Universit\u00e1rios (FVEU). Ele explica que, al\u00e9m de exigir restaurantes universit\u00e1rios, resid\u00eancias e passe livre \u2013 extinto em 2014 \u2013, os venezuelanos tamb\u00e9m buscam uma solu\u00e7\u00e3o para &#8220;a fuga de c\u00e9rebros&#8221;, tanto de estudantes, como de professores.\n<\/p><p>\nO anfitri\u00e3o venezuelano conta que, s\u00f3 na UNEXPO, o \u00edndice de evas\u00e3o acad\u00eamica chega a 60%. O pa\u00eds, entretanto, segue sendo campe\u00e3o em matr\u00edculas no ensino superior p\u00fablico no continente. Em 2018, foram 7,6 milh\u00f5es de inscritos, mas o contexto de crise econ\u00f4mica segue levando muitos universit\u00e1rios a tentar a vida fora do pa\u00eds.\n<\/p><p>\nPara Medina, a solu\u00e7\u00e3o seria aumentar o sal\u00e1rio dos professores, que hoje ganham em m\u00e9dia 70 mil bol\u00edvares (cerca de R$50), al\u00e9m de aumentar a fiscaliza\u00e7\u00e3o dos investimentos no setor. \u201cDever\u00edamos cortar em tudo, menos na educa\u00e7\u00e3o\u201d, defende.\n<\/p><p>\nQuando questionado sobre uma sa\u00edda poss\u00edvel para a crise, Josu\u00e9 Medina afirma que o objetivo deve ser \u201cderrotar o capitalismo, porque s\u00f3 com o fim desse sistema poderemos construir uma educa\u00e7\u00e3o p\u00fablica, gratuita, de qualidade, popular e realmente emancipadora\u201d.\nA situa\u00e7\u00e3o econ\u00f4mica e pol\u00edtica do pa\u00eds quase foi um empecilho para a realiza\u00e7\u00e3o do evento. Josu\u00e9 Medina afirma que algumas delega\u00e7\u00f5es defenderam que o 18\u00ba CLAE fosse realizado em outro pa\u00eds, como o Equador, o que fez com que os venezuelanos tivessem ainda mais vontade de sediar o encontro.\n<\/p><p>\n\u201c\u00c9 necess\u00e1rio entender que h\u00e1 um ataque imperialista contra a Venezuela. Mas n\u00f3s sabemos que estamos preparados para enfrentar esse inimigo. Eles nos atacam, mas sab\u00edamos que t\u00ednhamos condi\u00e7\u00f5es de organizar o CLAE\u201d, sentencia Medina.\n<\/p><p>\nA solidariedade com a Venezuela tamb\u00e9m foi um dos eixos do congresso. \u201cA OCLAE surge numa perspectiva de luta anti-imperialista ent\u00e3o \u00e9 muito importante retomar esse horizonte e muito singular que esse congresso aconte\u00e7a agora na Venezuela, que \u00e9 o olho do furac\u00e3o na Am\u00e9rica Latina\u201d, afirma Gabriel Colombo, p\u00f3s-graduando em Economia do Trabalho na Universidade Estadual de Campinas (Unicamp), no interior de S\u00e3o Paulo.\n<\/p><p>\nCrise continental\n<\/p><p>\nSitua\u00e7\u00e3o cr\u00edtica tamb\u00e9m vive a Argentina, pa\u00eds com o segundo maior \u00edndice de infla\u00e7\u00e3o da Am\u00e9rica Latina \u2013 cerca de 55,8% ao ano \u2013 e que acaba de assinar um novo acordo com o Fundo Monet\u00e1rio Internacional (FMI). Seguindo a pol\u00edtica de ajustes fiscais exigida pelo FMI, o presidente argentino Maur\u00edcio Macri determinou um corte de US$ 300 milh\u00f5es nos investimentos em educa\u00e7\u00e3o para 2019.\n<\/p><p>\nGuadalupe Vi\u00f1uela, estudante de Ci\u00eancias da Educa\u00e7\u00e3o na Universidade Nacional de La Plata, tamb\u00e9m denuncia o desmantelamento das pesquisas cient\u00edficas. A discente enumera alguns dos retrocessos em curso: \u201cfim de bolsas, diminui\u00e7\u00e3o de verbas para pesquisas que j\u00e1 est\u00e3o em curso, n\u00e3o nomea\u00e7\u00e3o de uma nova diretoria para o Conselho Nacional Cient\u00edfico, o que \u00e9 um atentado contra nossa soberania nacional\u201d.\n<\/p><p>\nA n\u00edvel regional, governadores do partido oficialista Cambiemos t\u00eam implementado reformas curriculares, que, segundo Vi\u00f1uela, buscam ampliar o car\u00e1ter tecnicista do ensino, fechando escolas noturnas, que atendiam estudantes trabalhadores, acabando com a educa\u00e7\u00e3o sexual e sucateando a infraestrutura.\n<\/p><p>\n\u00c9 o processo que est\u00e1 sendo aplicado em Buenos Aires, onde vive e estuda Guadalupe. Para contrapor a proposta do governo, a estudante sugere a constru\u00e7\u00e3o de plataformas unit\u00e1rias que atuem na defesa de &#8220;um projeto integral de educa\u00e7\u00e3o e ci\u00eancia que esteja \u00e0 disposi\u00e7\u00e3o das demandas da sociedade\u201d.\n<\/p><p>\nDelega\u00e7\u00e3o brasileira contra os cortes nas federais\n<\/p><p>\nApesar de n\u00e3o ter pedido empr\u00e9stimo ao FMI, Jair Bolsonaro segue a mesma cartilha no Brasil. O an\u00fancio de corte de 30% das verbas discricion\u00e1rias das institui\u00e7\u00f5es de ensino superior federais, somado ao congelamento de 29 bilh\u00f5es, provocado pela PEC 241, levou mais de um milh\u00e3o de pessoas \u00e0s ruas de 200 cidades do pa\u00eds e ecoou no territ\u00f3rio bolivariano, durante o CLAE.\n<\/p><p>\nEntre uma delega\u00e7\u00e3o de 50 pessoas, L\u00edgia Fernandes, graduanda de Letras na Universidade de S\u00e3o Paulo (USP), membro da dire\u00e7\u00e3o da Uni\u00e3o Nacional de Estudantes (UNE) e Gabriel Colombo, que tamb\u00e9m \u00e9 diretor da Associa\u00e7\u00e3o Nacional de P\u00f3s Graduandos (ANPG) contam com entusiasmo que os atos de 15 de maio servem de vitrine para mostrar a outros pa\u00edses latino-americanos que a organiza\u00e7\u00e3o estudantil \u00e9 efetiva.\n<\/p><p>\n\u201cEstamos aqui com o mesmo esp\u00edrito das manifesta\u00e7\u00f5es do dia 15 e com necessidade de a gente se pautar n\u00e3o s\u00f3 na resist\u00eancia, mas tamb\u00e9m com uma perspectiva de futuro dos brasileiros. Existe muita revolta entre a juventude, mas precisamos canalizar isso para um horizonte com estes estudantes que percebem que a educa\u00e7\u00e3o \u00e9 importante tamb\u00e9m pelo seu poder emancipador. Precisamos que o CLAE tenha esse car\u00e1ter pol\u00edtico e program\u00e1tico de defesa da educa\u00e7\u00e3o contra os ataques do imperialismo norte americano\u201d, afirma a estudante paulistana.\n<\/p><p>\nSe o ditado diz que a juventude \u00e9 o motor do mundo, um encontro de milhares de jovens de todos os cantos da Am\u00e9rica Latina faz mover mais uma engrenagem. De sonhos, mas tamb\u00e9m de objetivos claros s\u00e3o compostas as primeiras conclus\u00f5es das delega\u00e7\u00f5es que assistiram ao 18\u00ba CLAE.\n<\/p><p>\n\u201cQueremos que nossos pa\u00edses n\u00e3o dependam apenas de vontades individuais, mas que as pol\u00edticas sejam definidas pelas vontades do povo. Esperamos que tudo que estamos debatendo aqui se traduza em for\u00e7a militante para alcan\u00e7armos o que queremos nos nossos pa\u00edses\u201d, prop\u00f5e a estudante argentina Guadalupe Vi\u00f1uela.\n<\/p><p>\nEdi\u00e7\u00e3o: Rodrigo Chagas\n<\/p><p>\n<\/p><p>\nA abertura do CLAE teve um show na pra\u00e7a Bol\u00edvar-Ch\u00e1vez, na cidade de La Guaira, ao norte de Caracas \/ Foto: Minist\u00e9rio de Rela\u00e7\u00f5es Exteriores da Venezuela\n<\/p><p>\n","protected":false},"excerpt":{"rendered":"<a class=\"moretag\" href=\"https:\/\/pcb.org.br\/portal2\/23161\"> <\/a>","protected":false},"author":1,"featured_media":0,"comment_status":"closed","ping_status":"closed","sticky":false,"template":"","format":"standard","meta":{"jetpack_post_was_ever_published":false,"_jetpack_newsletter_access":"","_jetpack_dont_email_post_to_subs":false,"_jetpack_newsletter_tier_id":0,"_jetpack_memberships_contains_paywalled_content":false,"_jetpack_memberships_contains_paid_content":false,"footnotes":"","jetpack_publicize_message":"","jetpack_publicize_feature_enabled":true,"jetpack_social_post_already_shared":false,"jetpack_social_options":{"image_generator_settings":{"template":"highway","default_image_id":0,"font":"","enabled":false},"version":2}},"categories":[45],"tags":[233],"class_list":["post-23161","post","type-post","status-publish","format-standard","hentry","category-c54-venezuela","tag-6a"],"jetpack_publicize_connections":[],"jetpack_featured_media_url":"","jetpack_shortlink":"https:\/\/wp.me\/p659gw-61z","jetpack-related-posts":[],"jetpack_likes_enabled":true,"jetpack_sharing_enabled":true,"_links":{"self":[{"href":"https:\/\/pcb.org.br\/portal2\/wp-json\/wp\/v2\/posts\/23161","targetHints":{"allow":["GET"]}}],"collection":[{"href":"https:\/\/pcb.org.br\/portal2\/wp-json\/wp\/v2\/posts"}],"about":[{"href":"https:\/\/pcb.org.br\/portal2\/wp-json\/wp\/v2\/types\/post"}],"author":[{"embeddable":true,"href":"https:\/\/pcb.org.br\/portal2\/wp-json\/wp\/v2\/users\/1"}],"replies":[{"embeddable":true,"href":"https:\/\/pcb.org.br\/portal2\/wp-json\/wp\/v2\/comments?post=23161"}],"version-history":[{"count":0,"href":"https:\/\/pcb.org.br\/portal2\/wp-json\/wp\/v2\/posts\/23161\/revisions"}],"wp:attachment":[{"href":"https:\/\/pcb.org.br\/portal2\/wp-json\/wp\/v2\/media?parent=23161"}],"wp:term":[{"taxonomy":"category","embeddable":true,"href":"https:\/\/pcb.org.br\/portal2\/wp-json\/wp\/v2\/categories?post=23161"},{"taxonomy":"post_tag","embeddable":true,"href":"https:\/\/pcb.org.br\/portal2\/wp-json\/wp\/v2\/tags?post=23161"}],"curies":[{"name":"wp","href":"https:\/\/api.w.org\/{rel}","templated":true}]}}