{"id":23170,"date":"2019-05-25T20:24:17","date_gmt":"2019-05-25T23:24:17","guid":{"rendered":"https:\/\/pcb.org.br\/portal2\/?p=23170"},"modified":"2019-05-25T20:24:23","modified_gmt":"2019-05-25T23:24:23","slug":"crime-de-brumadinho-4-meses-de-omissoes-do-governo","status":"publish","type":"post","link":"https:\/\/pcb.org.br\/portal2\/23170","title":{"rendered":"Crime de Brumadinho: 4 meses de omiss\u00f5es do governo"},"content":{"rendered":"\n<img decoding=\"async\" class=\"imagem\" title=\"imagem\"  alt=\"imagem\"  src=\"https:\/\/i0.wp.com\/podcast.brasildefato.com.br\/wp-content\/uploads\/2019\/05\/brumadinho.jpeg\"\/><!--more-->S\u00e3o 241 mortes confirmadas at\u00e9 o momento; presidente da Rep\u00fablica fez pouco mais que lamentar o crime pelo Twitter\n<\/p><p>\nBrasil de Fato\n<\/p><p>\nBarragem de Brumadinho rompeu dia 25\/1 e despejou lama contaminada no meio ambiente &#8211; Cr\u00e9ditos: Divulga\u00e7\u00e3o\/Bombeiros-MG\n<\/p><p>\nO crime socioambiental provocado pela Vale em Brumadinho (MG) completa quatro meses neste s\u00e1bado (25). At\u00e9 agora, foram identificados 241 corpos, entre moradores da regi\u00e3o e funcion\u00e1rios da mineradora, por\u00e9m, pelo menos outras 29 pessoas continuam desaparecidas.\n<\/p><p>\nO presidente Jair Bolsonaro (PSL) esteve apenas uma vez em Brumadinho ap\u00f3s a trag\u00e9dia, fazendo um sobrevoo em helic\u00f3ptero. Fez um pronunciamento protocolar, dois tu\u00edtes expressando lamenta\u00e7\u00e3o e solidariedade \u00e0s fam\u00edlias. Al\u00e9m disso, mais nada.\n<\/p><p>\nNo site oficial do Pal\u00e1cio do Planalto, por exemplo, foram divulgadas 64 not\u00edcias sobre Brumadinho. Por outro lado, o governo publicou 191 not\u00edcias defendendo a reforma da Previd\u00eancia.\n<\/p><p>\nDas 64 men\u00e7\u00f5es a Brumadinho no canal oficial de comunica\u00e7\u00e3o do governo, 21 delas fazem alguma rela\u00e7\u00e3o com a manobra pol\u00edtica de aproxima\u00e7\u00e3o da gest\u00e3o Bolsonaro com o governo de Israel e com o primeiro-ministro Benjamin Netanyahu.\n<\/p><p>\nA miss\u00e3o israelense ficou no Brasil um pouco mais de uma semana e trouxe equipamentos que n\u00e3o tiveram utilidade para as opera\u00e7\u00f5es de resgate.\n<\/p><p>\nEntre as medidas do governo de apoio \u00e0s v\u00edtimas nesses quatro meses est\u00e3o a antecipa\u00e7\u00e3o de benef\u00edcios do INSS, amplia\u00e7\u00e3o no prazo de pagamento do cr\u00e9dito rural e refor\u00e7o das equipes de bombeiros.\n<\/p><p>\n&#8220;A gente ainda n\u00e3o consegue calcular o preju\u00edzo com o patrim\u00f4nio hist\u00f3rico, com o patrim\u00f4nio ambiental. Continuamos na luta, organizando o povo e a classe trabalhadora contra o Estado que s\u00f3 quer o desmonte dos nossos direitos&#8221;, disse Karina Martins, do MAM (Movimento pela Soberania Popular na Minera\u00e7\u00e3o).\n<\/p><p>\nEm abril, o ministro do Meio Ambiente, Ricardo Salles, fez uma proposta de concess\u00e3o \u00e0 Vale de sete parques nacionais, sem licita\u00e7\u00e3o p\u00fablica, que ficam em Minas Gerais.\n<\/p><p>\nAinda em Minas, uma outra barragem da mineradora Vale em Bar\u00e3o de Cocais corre risco eminente de vazamento, segundo a ANM (Ag\u00eancia Nacional de Minera\u00e7\u00e3o). A popula\u00e7\u00e3o da regi\u00e3o est\u00e1 em p\u00e2nico.\n<\/p><p>\nA reportagem do Brasil de Fato encaminhou questionamentos em rela\u00e7\u00e3o ao caso para a Presid\u00eancia da Rep\u00fablica e a Casa Civil, e aguarda as correspondentes respostas.\n<\/p><p>\nEdi\u00e7\u00e3o: Mauro Ramos\n<\/p><p>\nhttps:\/\/www.brasildefato.com.br\/2019\/05\/25\/crime-ambiental-de-brumadinho-completa-4-meses-com-omissoes-do-governo-federal\/\n","protected":false},"excerpt":{"rendered":"<a class=\"moretag\" href=\"https:\/\/pcb.org.br\/portal2\/23170\"> <\/a>","protected":false},"author":1,"featured_media":0,"comment_status":"closed","ping_status":"closed","sticky":false,"template":"","format":"standard","meta":{"jetpack_post_was_ever_published":false,"_jetpack_newsletter_access":"","_jetpack_dont_email_post_to_subs":false,"_jetpack_newsletter_tier_id":0,"_jetpack_memberships_contains_paywalled_content":false,"_jetpack_memberships_contains_paid_content":false,"footnotes":"","jetpack_publicize_message":"","jetpack_publicize_feature_enabled":true,"jetpack_social_post_already_shared":true,"jetpack_social_options":{"image_generator_settings":{"template":"highway","default_image_id":0,"font":"","enabled":false},"version":2}},"categories":[239],"tags":[224],"class_list":["post-23170","post","type-post","status-publish","format-standard","hentry","category-ambiental","tag-3b"],"jetpack_publicize_connections":[],"jetpack_featured_media_url":"","jetpack_shortlink":"https:\/\/wp.me\/p659gw-61I","jetpack-related-posts":[],"jetpack_likes_enabled":true,"jetpack_sharing_enabled":true,"_links":{"self":[{"href":"https:\/\/pcb.org.br\/portal2\/wp-json\/wp\/v2\/posts\/23170","targetHints":{"allow":["GET"]}}],"collection":[{"href":"https:\/\/pcb.org.br\/portal2\/wp-json\/wp\/v2\/posts"}],"about":[{"href":"https:\/\/pcb.org.br\/portal2\/wp-json\/wp\/v2\/types\/post"}],"author":[{"embeddable":true,"href":"https:\/\/pcb.org.br\/portal2\/wp-json\/wp\/v2\/users\/1"}],"replies":[{"embeddable":true,"href":"https:\/\/pcb.org.br\/portal2\/wp-json\/wp\/v2\/comments?post=23170"}],"version-history":[{"count":0,"href":"https:\/\/pcb.org.br\/portal2\/wp-json\/wp\/v2\/posts\/23170\/revisions"}],"wp:attachment":[{"href":"https:\/\/pcb.org.br\/portal2\/wp-json\/wp\/v2\/media?parent=23170"}],"wp:term":[{"taxonomy":"category","embeddable":true,"href":"https:\/\/pcb.org.br\/portal2\/wp-json\/wp\/v2\/categories?post=23170"},{"taxonomy":"post_tag","embeddable":true,"href":"https:\/\/pcb.org.br\/portal2\/wp-json\/wp\/v2\/tags?post=23170"}],"curies":[{"name":"wp","href":"https:\/\/api.w.org\/{rel}","templated":true}]}}