{"id":23208,"date":"2019-05-29T14:31:40","date_gmt":"2019-05-29T17:31:40","guid":{"rendered":"https:\/\/pcb.org.br\/portal2\/?p=23208"},"modified":"2019-05-29T23:29:45","modified_gmt":"2019-05-30T02:29:45","slug":"mobilizacao-nacional-pela-educacao-e-por-nossos-direitos","status":"publish","type":"post","link":"https:\/\/pcb.org.br\/portal2\/23208","title":{"rendered":"Mobiliza\u00e7\u00e3o nacional pela educa\u00e7\u00e3o e por nossos direitos!"},"content":{"rendered":"<p><img decoding=\"async\" class=\"imagem\" title=\"imagem\" src=\"https:\/\/i0.wp.com\/unidadeclassista.org.br\/uc1\/wp-content\/uploads\/2017\/02\/uc-2016.jpg\" alt=\"imagem\" \/><!--more-->Dia 30 de maio, mais uma oportunidade para irmos \u00e0s ruas em defesa da educa\u00e7\u00e3o e de nossos direitos!<\/p>\n<p>Coordena\u00e7\u00e3o Nacional da Unidade Classista<\/p>\n<p>Inspirados na excelente jornada do dia 15 de maio, estudantes e trabalhadores de todo o pa\u00eds convocaram mais um dia de luta para esta semana. No dia 30 de maio, teremos mais uma oportunidade para mostrar toda a nossa indigna\u00e7\u00e3o perante os cortes nas verbas da educa\u00e7\u00e3o promovidos pelo nefasto governo de Jair Bolsonaro.<\/p>\n<p>Al\u00e9m disso, os atos que, com certeza, ocorrer\u00e3o em centenas de cidades brasileiras, potencializar\u00e3o a constru\u00e7\u00e3o da greve geral contra a reforma da previd\u00eancia, que tamb\u00e9m contar\u00e1 com a ativa participa\u00e7\u00e3o do movimento estudantil.<\/p>\n<p>Para a Unidade Classista, o protagonismo dos estudantes nas mobiliza\u00e7\u00f5es do dia 15 e agora nos preparativos para o dia 30 nos enchem de orgulho e esperan\u00e7a, pois significam que o futuro das lutas de resist\u00eancia e a reorganiza\u00e7\u00e3o da classe trabalhadora para o novo ciclo est\u00e3o sendo constru\u00eddos sobre bases s\u00f3lidas.<\/p>\n<p>Sendo assim, refor\u00e7amos a convoca\u00e7\u00e3o para que todas as trabalhadoras e trabalhadores organizados em nossas fileiras estejam lado a lado com os estudantes em mais esta jornada de luta e de constru\u00e7\u00e3o de nosso futuro!<\/p>\n<p>Avante, camaradas!<\/p>\n<p>Unidade Classista, futuro socialista!<br \/>\n<a href=\"http:\/\/unidadeclassista.org.br\/uc1\/3744\" target=\"_blank\" rel=\"noreferrer noopener\">http:\/\/unidadeclassista.org.br\/uc1\/3744<\/a><\/p>\n","protected":false},"excerpt":{"rendered":"<a class=\"moretag\" href=\"https:\/\/pcb.org.br\/portal2\/23208\"> <\/a>","protected":false},"author":1,"featured_media":0,"comment_status":"closed","ping_status":"closed","sticky":false,"template":"","format":"standard","meta":{"jetpack_post_was_ever_published":false,"_jetpack_newsletter_access":"","_jetpack_dont_email_post_to_subs":false,"_jetpack_newsletter_tier_id":0,"_jetpack_memberships_contains_paywalled_content":false,"_jetpack_memberships_contains_paid_content":false,"footnotes":"","jetpack_publicize_message":"","jetpack_publicize_feature_enabled":true,"jetpack_social_post_already_shared":true,"jetpack_social_options":{"image_generator_settings":{"template":"highway","default_image_id":0,"font":"","enabled":false},"version":2}},"categories":[56,31],"tags":[222],"class_list":["post-23208","post","type-post","status-publish","format-standard","hentry","category-c67-greve","category-c31-unidade-classista","tag-2b"],"jetpack_publicize_connections":[],"jetpack_featured_media_url":"","jetpack_shortlink":"https:\/\/wp.me\/p659gw-62k","jetpack-related-posts":[],"jetpack_likes_enabled":true,"jetpack_sharing_enabled":true,"_links":{"self":[{"href":"https:\/\/pcb.org.br\/portal2\/wp-json\/wp\/v2\/posts\/23208","targetHints":{"allow":["GET"]}}],"collection":[{"href":"https:\/\/pcb.org.br\/portal2\/wp-json\/wp\/v2\/posts"}],"about":[{"href":"https:\/\/pcb.org.br\/portal2\/wp-json\/wp\/v2\/types\/post"}],"author":[{"embeddable":true,"href":"https:\/\/pcb.org.br\/portal2\/wp-json\/wp\/v2\/users\/1"}],"replies":[{"embeddable":true,"href":"https:\/\/pcb.org.br\/portal2\/wp-json\/wp\/v2\/comments?post=23208"}],"version-history":[{"count":0,"href":"https:\/\/pcb.org.br\/portal2\/wp-json\/wp\/v2\/posts\/23208\/revisions"}],"wp:attachment":[{"href":"https:\/\/pcb.org.br\/portal2\/wp-json\/wp\/v2\/media?parent=23208"}],"wp:term":[{"taxonomy":"category","embeddable":true,"href":"https:\/\/pcb.org.br\/portal2\/wp-json\/wp\/v2\/categories?post=23208"},{"taxonomy":"post_tag","embeddable":true,"href":"https:\/\/pcb.org.br\/portal2\/wp-json\/wp\/v2\/tags?post=23208"}],"curies":[{"name":"wp","href":"https:\/\/api.w.org\/{rel}","templated":true}]}}