{"id":23247,"date":"2019-05-30T23:37:24","date_gmt":"2019-05-31T02:37:24","guid":{"rendered":"https:\/\/pcb.org.br\/portal2\/?p=23247"},"modified":"2019-05-31T20:41:35","modified_gmt":"2019-05-31T23:41:35","slug":"atos-pela-educacao-chamam-a-greve-geral-de-14-06","status":"publish","type":"post","link":"https:\/\/pcb.org.br\/portal2\/23247","title":{"rendered":"Atos pela educa\u00e7\u00e3o chamam \u00e0 greve geral de 14\/06"},"content":{"rendered":"<p><img decoding=\"async\" class=\"imagem\" title=\"imagem\" src=\"https:\/\/i0.wp.com\/lh3.googleusercontent.com\/DlRVu5pCvJFz-mN58tfxPmKQTAKv5h6gOvp6LVKWuQfXqdGQIxKYG4qlwOs20ijtxFNbav7Yo2NDUwlb7uRWZXIrsPsgfIE7QUlilJKV33vcoIi4PXClSu15FNAXhC3aFS973okEZ758R45kzmVSQSIpYyKvi112qAkMSu5kRwhjmMu-fEyvI2TxBs5M-O_aeNOI_V4vgegyOErloBUI5h2s1t18OoTJzvcvRcqDRT2tRs9nRCROWjlxezrqo460bnufBxLhD_W3CjVjT_PDl8s3wXSoa5hQv0mALs8IIH6uiN3m9B7tX1aN89j5JLRcdrVZEKmATir2XZwYcfHvF-_g9dZk1YwuoD41Uyy_1MlAqs8Nj-32-_dYQv3RqqfiCLFQ4GDucfhyynDu8iittADWZ6Bl8R9cNvp2J_b1lvmhqb6zD43C3pphhNpj6WwMgFcOxJfOqGz4TlLAt_lyWYwWhl8YHXWCyOx1rfS32cDPz3sZVk-sTZ57lvYfFeMg-9D5M6TISxeeHr_xA6Kvl21n69fXjehMx6GW1wAxaKWgKlhw5SR8VS2hu5dZEo0xISKU7q20haPF6wpNWF1wrM155_CIovMbBU97f3yFTekAe7NXFpQQKcl1BUHUtDmZ-i8-r5DFUGXqLsjdJWFFFBusnj2EQXyt=w720-h479-no\" alt=\"imagem\" \/><!--more-->Jornal O Poder Popular<\/p>\n<p>Os militantes do Partido Comunista Brasileiro (PCB), juntamente com a Uni\u00e3o da Juventude Comunista, a Unidade Classista, o Coletivo Negro Minervino de Oliveira, o Coletivo LGBT Comunista e o Coletivo Feminista Classista Ana Montenegro, estiveram presentes nos atos pela educa\u00e7\u00e3o e contra os cortes do governo Bolsonaro (PSL), realizado neste 30 de maio em todo o pa\u00eds.<\/p>\n<p>Centenas de milhares de pessoas foram \u00e0s ruas em todos os estados e nas principais cidades do Brasil. Os atos contaram com a participa\u00e7\u00e3o de estudantes, professores, do movimento sindical e popular, bem como dos diversos setores sociais indignados com os ataques deste governo aos direitos da classe trabalhadora. Agora \u00e9 rumo \u00e0 greve geral no dia 14 de junho, na constru\u00e7\u00e3o do poder popular!<\/p>\n<p>As manifesta\u00e7\u00f5es se colocaram de forma firme contra a tentativa de destrui\u00e7\u00e3o da educa\u00e7\u00e3o p\u00fablica por parte do Governo Bolsonaro, que pretende a total privatiza\u00e7\u00e3o dos servi\u00e7os p\u00fablicos no Brasil, em sua sanha em servir aos interesses do capital e do imperialismo.<\/p>\n<p>Em sua pol\u00edtica de terra arrasada, faz parte de seus planos a ado\u00e7\u00e3o da cobran\u00e7a de mensalidades nas universidades e institutos federais, o fim dos investimentos em ci\u00eancia e tecnologia, al\u00e9m da total precariza\u00e7\u00e3o das rela\u00e7\u00f5es de trabalho, pois o pensamento ultraliberal entende que o filho do trabalhador deve se conformar em se preparar apenas para ser m\u00e3o de obra barata neste mercado de empregos descart\u00e1veis, e o Brasil deve se posicionar como pa\u00eds totalmente submisso ao imperialismo estadunidense.<\/p>\n<p>Os atos unit\u00e1rios em todo o pa\u00eds denunciaram tamb\u00e9m o projeto de elimina\u00e7\u00e3o da previd\u00eancia p\u00fablica e convocaram para a greve geral contra a reforma da previd\u00eancia convocada pelas centrais sindicais e movimentos populares para o dia 14 de junho.<\/p>\n<p>Veja abaixo a cobertura completa dos atos unit\u00e1rios realizada pelo jornal Brasil de Fato.<\/p>\n<hr \/>\n<p>30M: Atos em defesa da educa\u00e7\u00e3o terminam com chamado \u00e0 Greve Geral de 14 de junho<\/p>\n<p>Quase um milh\u00e3o de pessoas protestaram em cerca de 200 cidades contra cortes na Educa\u00e7\u00e3o e contra reforma da Previd\u00eancia<\/p>\n<p>Brasil de Fato | S\u00e3o Paulo (SP)<\/p>\n<p>Cerca de 20 mil pessoas caminharam pelas ruas de Curitiba (PR) contra os cortes na Educa\u00e7\u00e3o \/ Giorgia Prates<\/p>\n<p>\u201c\u00d4 Bolsonaro, cad\u00ea voc\u00ea. Quero ver voc\u00ea passar na UNB\u201d. Este foi um dos v\u00e1rios bord\u00f5es ouvidos em Bras\u00edlia (DF), durante o protesto de estudantes e professores contra os cortes na educa\u00e7\u00e3o p\u00fablica e a reforma da Previd\u00eancia. Atos como esse aconteceram em quase 200 cidades de norte a sul do Brasil ao longo desta quinta-feira (30), reunindo quase um milh\u00e3o de pessoas, segundo os organizadores.<\/p>\n<p>Os protestos tamb\u00e9m serviram de convocat\u00f3ria para a Greve Geral contra as medidas de redu\u00e7\u00e3o de direitos do governo de Jair Bolsonaro (PSL), no dia 14 de junho.<\/p>\n<p>\u201cSeja no campo, seja nas cidades, todas as categorias est\u00e3o sendo atingidas por um governo imoral. Um governo que n\u00e3o tem o m\u00ednimo respeito pelo cidad\u00e3o brasileiro\u201d, disse Frei Anast\u00e1cio, de 75 anos, fundador da Pastoral da Terra na Para\u00edba e deputado federal pelo PT-PB. Ele participou do ato em Jo\u00e3o Pessoa (PB), que se concentrou na Pra\u00e7a da Paz, no bairro dos Banc\u00e1rios.<\/p>\n<p>No Rio de Janeiro (RJ), o protesto dos estudantes, professores e trabalhadores reuniu cerca de 100 mil pessoas, segundo a organiza\u00e7\u00e3o. O ato seguiu na regi\u00e3o central da cidade, pela avenida Rio Branco em dire\u00e7\u00e3o \u00e0 Cinel\u00e2ndia.<\/p>\n<p>J\u00e1 em Bel\u00e9m (PA), cerca de 60 mil manifestantes caminharam da Pra\u00e7a da Rep\u00fablica para o Mercado de S\u00e3o Br\u00e1s. Os protestos ecoavam gritos em defesa da educa\u00e7\u00e3o e da previd\u00eancia p\u00fablica, e contra os desmontes do Estado brasileiro.<\/p>\n<p>Em Mossor\u00f3, no interior do Rio Grande do Norte, a manifesta\u00e7\u00e3o partiu da Pra\u00e7a Dom Jo\u00e3o Costa e terminou no Memorial da resist\u00eancia.<\/p>\n<p>O ato em S\u00e3o Paulo (SP) reuniu cerca de 300 mil pessoas, segundo os organizadores. A manifesta\u00e7\u00e3o come\u00e7ou no largo da Batata, regi\u00e3o de Pinheiros, na zona Oeste da capital, e seguiu em marcha at\u00e9 o Museu de Arte de S\u00e3o Paulo (MASP), no Centro.<\/p>\n<p>A estudante Giovana Salinas, do curso de arquitetura e urbanismo do Instituto Federal de S\u00e3o Paulo, participou da manifesta\u00e7\u00e3o e falou sobre a import\u00e2ncia de se mobilizar. \u201cOs cortes de verba v\u00e3o fazer que um monte de estudante n\u00e3o tenha escola ou futuro. Ent\u00e3o, a gente precisa ir contra isso\u201d, disse.<\/p>\n<p>O presidente da Associa\u00e7\u00e3o dos Docentes da Universidade Estadual Paulista (Adunesp), Jo\u00e3o Chaves, tamb\u00e9m esteve presente e lembrou que a luta pela Educa\u00e7\u00e3o p\u00fablica est\u00e1 alinhada \u00e0 defesa do atual modelo de aposentadorias e contra a reforma da Previd\u00eancia (PEC 06\/19).<\/p>\n<p>&#8220;N\u00f3s estamos aqui em luta pela educa\u00e7\u00e3o e em luta tamb\u00e9m contra a reforma da Previd\u00eancia. E aproveito para conclamar a todos para que no dia 14 de junho, fa\u00e7am ades\u00e3o \u00e0 greve nacional contra a reforma da previd\u00eancia. \u00c9 necess\u00e1rio que o povo brasileiro v\u00e1 \u00e0s ruas para barrar esse ataque que t\u00e1 sendo feito contra a educa\u00e7\u00e3o e contra a possibilidade de se ter uma aposentadoria digna&#8221;, disse.<\/p>\n<p>J\u00e1 para Jessy Dayane, vice-presidenta da Uni\u00e3o Nacional dos Estudantes (UNE), que tamb\u00e9m esteve no ato na capital paulista, uma educa\u00e7\u00e3o p\u00fablica de qualidade e gratuita \u00e9 fundamental para o combate de outros problemas estruturais do Brasil.<\/p>\n<p>\u201cA gente vai mandar o recado para o ministro [da Educa\u00e7\u00e3o] e para o Bolsonaro, n\u00f3s n\u00e3o vamos tirar os p\u00e9s das ruas enquanto os cortes n\u00e3o forem revertidos. N\u00f3s vamos defender a Educa\u00e7\u00e3o como sempre defendemos ao longo da hist\u00f3ria, porque a educa\u00e7\u00e3o \u00e9 muito importante para desenvolver o nosso pa\u00eds e combater a desigualdade social\u201d, declarou.<\/p>\n<p>Os protestos contra os ataques do governo ao ensino p\u00fablico gratuito tamb\u00e9m serviram de resposta \u00e0s manifesta\u00e7\u00f5es pr\u00f3-Bolsonaro que aconteceram no \u00faltimo domingo (26).<\/p>\n<p>Na Universidade Federal do Paran\u00e1 (UFPR), em Curitiba (PR), a faixa \u201cEm defesa da Educa\u00e7\u00e3o\u201d arrancada por apoiadores de Bolsonaro no protesto de domingo, foi substitu\u00edda por outra, ainda maior e com os mesmos dizeres.<\/p>\n<p>Outras universidades, em solidariedade a UFPR, colocaram faixas semelhantes, entre elas a Universidade Tecnol\u00f3gica Federal do Paran\u00e1 (UTFPR), tamb\u00e9m na capital paranaense. O ato na cidade reuniu mais de 20 mil pessoas, segundo os organizadores.<\/p>\n<p>Em Porto Alegre (RS), mesmo debaixo de chuva, milhares de manifestantes se concentraram em frente ao pr\u00e9dio da Faculdade de Educa\u00e7\u00e3o da Universidade Federal do Rio Grande do Sul (UFRGS). Eles caminharam em dire\u00e7\u00e3o \u00e0 chamada Esquina Democr\u00e1tica, no centro da capital ga\u00facha.<\/p>\n<p>A deputada federal Fernanda Melchionna (PSOL-RS) esteve no ato e ressaltou que o ataque do governo \u00e0 educa\u00e7\u00e3o p\u00fablica gerou uma forte rea\u00e7\u00e3o popular, porque representa tamb\u00e9m um ataque \u00e0 liberdade de pensamento e \u00e0 forma\u00e7\u00e3o de opini\u00e3o cr\u00edtica.<\/p>\n<p>&#8220;[S\u00e3o] milhares de pessoas na rua, mostrando a import\u00e2ncia do movimento estudantil, e mostrando que os estudantes n\u00e3o v\u00e3o sossegar enquanto n\u00e3o derrotarem essa pol\u00edtica neoliberal de cortes da educa\u00e7\u00e3o e tamb\u00e9m autorit\u00e1ria. O governo Bolsonaro mira na educa\u00e7\u00e3o, porque sabe que para um projeto autorit\u00e1rio tem que tentar eliminar o pensamento cr\u00edtico. Mas n\u00e3o sabe a for\u00e7a do movimento estudantil&#8221;, disse.<\/p>\n<p>Em Florian\u00f3polis (SC), a chuva tamb\u00e9m caiu forte durante todo o dia, mas n\u00e3o desmobilizou o ato. Mais de 20 mil pessoas marcharam contra os cortes na educa\u00e7\u00e3o e a reforma da previd\u00eancia.<\/p>\n<p>A manifesta\u00e7\u00e3o em Belo Horizonte (MG) reuniu cerca de 250 mil pessoas, de acordo com os organizadores. O ato se concentrou na Pra\u00e7a Afonso Arinos, no centro, e seguiu em dire\u00e7\u00e3o \u00e0 Pra\u00e7a da Esta\u00e7\u00e3o. A estudante da Universidade Federal de Minas Gerais (UFMG), Ana Vasconcelos, participou do protesto e comentou a motiva\u00e7\u00e3o dos alunos.<\/p>\n<p>\u201cO povo brasileiro defende um projeto de educa\u00e7\u00e3o de qualidade que sustente o nosso desenvolvimento nacional, que pense a nossa soberania nacional. \u00c9 esse o projeto que colocamos nas ruas de Belo Horizonte\u201d, disse Ana, que tamb\u00e9m \u00e9 militante do Levante Nacional da Juventude.<\/p>\n<p>Pela manh\u00e3<\/p>\n<p>V\u00e1rios manifestantes come\u00e7aram a mobiliza\u00e7\u00e3o logo pela manh\u00e3.<\/p>\n<p>Na capital federal, algumas pessoas j\u00e1 se concentravam desde \u00e0s 10h ao lado da Biblioteca Nacional, localizada na Esplanada dos Minist\u00e9rios. O ato tamb\u00e9m teve apoio de diversos parlamentares. Por volta de 12h30, os participante seguiram em dire\u00e7\u00e3o ao Congresso Nacional, entoando palavras de ordem.<\/p>\n<p>Em Ipojuca (PE), petroleiros da Refinaria Abreu e Lima paralisaram suas atividades para sair em defesa da Educa\u00e7\u00e3o. Estudantes tamb\u00e9m tomaram as ruas desde cedo nas cidades de Quixad\u00e1 e Limoeiro do Norte, no Cear\u00e1.<\/p>\n<p>As cidades de Salvador, Ilh\u00e9us e Amargosa, na Bahia, tamb\u00e9m amanheceram cheias de estudantes nas vias p\u00fablicas.<\/p>\n<p>Em Goi\u00e1s, manifestantes de v\u00e1rias cidades foram \u00e0s ruas, logo pela manh\u00e3, protestar contra os cortes na Educa\u00e7\u00e3o. Em Catal\u00e3o, Rio Verde, Posse, Ceres, Cavalcante e Cidade de Goi\u00e1s dezenas de estudantes fizeram passeatas e discursos, entoando palavras de ordem como \u201cBolsonaro, respeite a educa\u00e7\u00e3o\u201d.<\/p>\n<p>Na capital paulista, alunos da Escola de Direito da Universidade de S\u00e3o Paulo (USP) come\u00e7aram logo cedo a preparar o levante contra os cortes na Educa\u00e7\u00e3o.<\/p>\n<p>Em Florian\u00f3polis (SC), a Universidade Federal de Santa Catarina (UFSC) amanheceu paralisada, com oficinas de cartazes e debates p\u00fablico. Nas cidades de Porto Alegre e Alegrete, no Rio Grande do Sul, a prepara\u00e7\u00e3o para os atos come\u00e7aram por volta das 9h.<\/p>\n<p>*Colaboraram Juca Guimar\u00e3es, Rafael Tatemoto, Igor Carvalho e parceiros do Brasil de Fato em todo o pa\u00eds.<\/p>\n<p>Edi\u00e7\u00e3o: Aline Carrijo<\/p>\n","protected":false},"excerpt":{"rendered":"<a class=\"moretag\" href=\"https:\/\/pcb.org.br\/portal2\/23247\"> <\/a>","protected":false},"author":1,"featured_media":0,"comment_status":"closed","ping_status":"closed","sticky":false,"template":"","format":"standard","meta":{"jetpack_post_was_ever_published":false,"_jetpack_newsletter_access":"","_jetpack_dont_email_post_to_subs":false,"_jetpack_newsletter_tier_id":0,"_jetpack_memberships_contains_paywalled_content":false,"_jetpack_memberships_contains_paid_content":false,"footnotes":"","jetpack_publicize_message":"","jetpack_publicize_feature_enabled":true,"jetpack_social_post_already_shared":true,"jetpack_social_options":{"image_generator_settings":{"template":"highway","default_image_id":0,"font":"","enabled":false},"version":2}},"categories":[56],"tags":[222],"class_list":["post-23247","post","type-post","status-publish","format-standard","hentry","category-c67-greve","tag-2b"],"jetpack_publicize_connections":[],"jetpack_featured_media_url":"","jetpack_shortlink":"https:\/\/wp.me\/p659gw-62X","jetpack-related-posts":[],"jetpack_likes_enabled":true,"jetpack_sharing_enabled":true,"_links":{"self":[{"href":"https:\/\/pcb.org.br\/portal2\/wp-json\/wp\/v2\/posts\/23247","targetHints":{"allow":["GET"]}}],"collection":[{"href":"https:\/\/pcb.org.br\/portal2\/wp-json\/wp\/v2\/posts"}],"about":[{"href":"https:\/\/pcb.org.br\/portal2\/wp-json\/wp\/v2\/types\/post"}],"author":[{"embeddable":true,"href":"https:\/\/pcb.org.br\/portal2\/wp-json\/wp\/v2\/users\/1"}],"replies":[{"embeddable":true,"href":"https:\/\/pcb.org.br\/portal2\/wp-json\/wp\/v2\/comments?post=23247"}],"version-history":[{"count":0,"href":"https:\/\/pcb.org.br\/portal2\/wp-json\/wp\/v2\/posts\/23247\/revisions"}],"wp:attachment":[{"href":"https:\/\/pcb.org.br\/portal2\/wp-json\/wp\/v2\/media?parent=23247"}],"wp:term":[{"taxonomy":"category","embeddable":true,"href":"https:\/\/pcb.org.br\/portal2\/wp-json\/wp\/v2\/categories?post=23247"},{"taxonomy":"post_tag","embeddable":true,"href":"https:\/\/pcb.org.br\/portal2\/wp-json\/wp\/v2\/tags?post=23247"}],"curies":[{"name":"wp","href":"https:\/\/api.w.org\/{rel}","templated":true}]}}