{"id":23270,"date":"2019-06-03T21:14:42","date_gmt":"2019-06-04T00:14:42","guid":{"rendered":"https:\/\/pcb.org.br\/portal2\/?p=23270"},"modified":"2019-06-03T21:15:54","modified_gmt":"2019-06-04T00:15:54","slug":"do-golpe-de-2016-ao-governo-bolsonaro","status":"publish","type":"post","link":"https:\/\/pcb.org.br\/portal2\/23270","title":{"rendered":"Do golpe de 2016 ao governo Bolsonaro"},"content":{"rendered":"<p><img decoding=\"async\" class=\"imagem\" title=\"imagem\" src=\"https:\/\/i0.wp.com\/marxismo21.org\/wp-content\/uploads\/2019\/05\/Red-Square-Painterly-Real-004-351x185.jpg\" alt=\"imagem\" \/><!--more-->Dossi\u00ea Marxismo21<\/p>\n<p>&lt;https:\/\/marxismo21.org\/do-golpe-de-2016-ao-governo-bolsonaro\/&gt;<\/p>\n<p>Este dossi\u00ea \u00e9 a continuidade de A crise pol\u00edtica no Brasil que, tr\u00eas anos atr\u00e1s, abordou a crise do governo Dilma Roussef e o processo de golpe de Estado de 2016. Agora, marxismo21 publica um conjunto de artigos, entrevistas, livros e v\u00eddeos\/filmes que \u2013 al\u00e9m de ampliar a problem\u00e1tica do dossi\u00ea anterior \u2013 debate a atual crise pol\u00edtica brasileira e seus desdobramentos. Os materiais que ora publicamos examinam o governo Temer, as elei\u00e7\u00f5es de 2018 e os primeiros meses do governo Jair Bolsonaro.<\/p>\n<p>Com esta iniciativa, marxismo21 pretende contribuir para o estudo, a reflex\u00e3o e o debate sobre a grave crise brasileira como tamb\u00e9m para a resist\u00eancia e a constru\u00e7\u00e3o de alternativas democr\u00e1ticas e progressistas frente \u00e0s amea\u00e7as de natureza fascista que se apresentam no horizonte hist\u00f3rico da sociedade brasileira.<\/p>\n<p>Editoria, maio de 2019<\/p>\n<p>******<\/p>\n<p>I. O Golpe de 2016<\/p>\n<p>a) Livros<\/p>\n<p>Impeachment. O julgamento da Presidente Dilma Rousseff pelo Senado Federal, 2016<\/p>\n<p>Brasil 2016. Recess\u00e3o e Golpe. Alexandre Guerra e outros<\/p>\n<p>A resist\u00eancia internacional ao golpe de 2016, Carol Proner e outros<\/p>\n<p>O Brasil esfacelado pelo golpe, CNTE<\/p>\n<p>Brasil, Golpe de 2016, Eric Nepomuceno e outros<\/p>\n<p>Resist\u00eancia e contesta\u00e7\u00e3o. vol. I, v\u00e1rios autores, FPA<\/p>\n<p>Resist\u00eancia e contesta\u00e7\u00e3o. vol. II, v\u00e1rios autores, FPA<\/p>\n<p>A classe trabalhadora e a resist\u00eancia ao golpe de 2016, Gustavo Ramos e outros<\/p>\n<p>Li\u00e7\u00f5es do Golpe, Saturnino Braga<\/p>\n<p>Brasil 2016: recess\u00e3o e golpe.<\/p>\n<p>2016: o Brasil esfacelado pelo golpe<\/p>\n<p>A resist\u00eancia ao golpe de 2016., v\u00e1rios autores<\/p>\n<p>O Golpe de 2016 Raz\u00f5es, Atores e consequ\u00eancias, Luiz Ant\u00f4nio Dias e Rosemary Segurado (orgs.)<\/p>\n<p>Reforma e crise pol\u00edtica no Brasil: os conflitos de classe nos governos do PT, Armando Boito Jr.<\/p>\n<p>b) Artigos e Entrevistas:<\/p>\n<p>O golpe de Estado de 2016 no Brasil, Michael L\u00f6wy<\/p>\n<p>Por que foi um golpe, Pablo Holmes<\/p>\n<p>O Pr\u00e9-Sal e o desenho do golpe, Jos\u00e9 \u00c1lvaro de Lima Cardoso, https:\/\/outraspalavras.net\/crise-brasileira\/o-pre-sal-e-o-desenho-do-golpe\/<\/p>\n<p>O golpe de 2016: breve ensaio sobre democracia e autoritarismo, Tiago Bernardon de Oliveira, https:\/\/periodicos.furg.br\/hist\/article\/view\/6726<\/p>\n<p>Ascens\u00e3o e crise do governo Dilma Rousseff e o golpe de 2016. Poder estrutural, contradi\u00e7\u00e3o e ideologia, Pedro Paulo Z. Bastos,<\/p>\n<p>Bolsonaro e o golpe de 2016, Frederico Costa, https:\/\/esquerdaonline.com.br\/2018\/10\/23\/bolsonaro-e-o-golpe-de-2016\/<\/p>\n<p>A democracia como v\u00edtima do golpe tragic\u00f4mico de 2016 no Brasil, Antonio Francisco Dias http:\/\/www.periodicos.ufc.br\/argumentos\/article\/viewFile\/32018\/72329<\/p>\n<p>Transi\u00e7\u00e3o \u00e0 ditadura, Luis Felipe Miguel, https:\/\/blogdaboitempo.com.br\/2016\/10\/28\/transicao-a-ditadura\/<\/p>\n<p>Brasil nos circuitos do golpe: novo ciclo de ajuste e democracia em risco, Alba Maria Pinho de Carvalho e Eliana Costa Guerra,<\/p>\n<p>Lipset e o golpe de 2016 no Brasil \u2013 F\u00e1bio de Oliveira Ribeiro, https:\/\/jornalggn.com.br\/blog\/fabio-de-oliveira-ribeiro\/lipset-e-o-golpe-de-2016-no-brasil-por-fabio-de-oliveira-ribeiro<\/p>\n<p>A ofensiva imperialista e o golpe de 2016 no Brasil, Lu\u00eds Eduardo Fernandes, https:\/\/www.cig.gal\/nova\/a-ofensiva-imperialista-e-o-golpe-de-2016-no-brasil.html<\/p>\n<p>EUA: assim se constr\u00f3i o apoio ao golpe no Brasil, Brian Mier, https:\/\/outraspalavras.net\/geopoliticaeguerra\/eua-assim-se-constroi-o-apoio-ao-golpe-no-brasil\/<\/p>\n<p>O golpe de 2016 e seu estudo nas universidades, Maur\u00edcio Abdalla, https:\/\/diplomatique.org.br\/o-golpe-de-2016-e-seu-estudo-nas-universidades\/<\/p>\n<p>Documentando os Estados Unidos no Golpe de 2016, Carlos Coimbra, http:\/\/www.patrialatina.com.br\/documentando-os-estados-unidos-no-golpe-de-2016-parte-1\/<\/p>\n<p>Na sintonia do golpe: o papel da m\u00eddia na crise pol\u00edtica, Helena Martins, http:\/\/www.intervozes.org.br\/direitoacomunicacao\/?p=29739<\/p>\n<p>Por que foi fraca a resist\u00eancia ao golpe no Brasil? Armando Boito Jr., http:\/\/www.ocomuneiro.com\/nr25_10_ArmandoBoito.html<\/p>\n<p>Com apoio da classe m\u00e9dia, Lava Jato atendeu aos EUA, A. Boito Jr. https:\/\/www.brasil247.com\/pt\/247\/brasil\/367893\/Armando-Boito-com-apoio-da-classe-m%C3%A9dia-Lava-Jato-atendeu-aos-EUA.htm<\/p>\n<p>A ascens\u00e3o e o decl\u00ednio do lulismo, Andr\u00e9 Singer, https:\/\/piaui.folha.uol.com.br\/materia\/do-sonho-rooseveltiano-ao-pesadelo-golpista\/<\/p>\n<p>Golpe de toga, Lincoln Secco, https:\/\/diplomatique.org.br\/golpe-de-toga\/<\/p>\n<p>Notas gramscianas: golpe de estado e luta de classes no Brasil do s\u00e9culo XXI, Marcelo Lira Silva http:\/\/ojs.ufgd.edu.br\/index.php\/movimentacao\/article\/view\/8427<\/p>\n<p>Judici\u00e1rio, golpe e direito de greve: togas de coturno, Bruno Figueiredo https:\/\/esquerdaonline.com.br\/2018\/05\/30\/judiciario-golpe-e-direito-de-greve-togas-de-coturno\/<\/p>\n<p>c) V\u00eddeos:<\/p>\n<p>Di\u00e1rio da Crise com Eduardo Costa Pinto \u2013 Epis\u00f3dio 01: O capitalismo brasileiro em crise, https:\/\/www.youtube.com\/watch?v=OzgsH3pcu7I<\/p>\n<p>Di\u00e1rio da Crise com Eduardo Costa Pinto \u2013 Epis\u00f3dio 02: A burocracia em guerra, https:\/\/www.youtube.com\/watch?v=cugAnzmVAjk<\/p>\n<p>Di\u00e1rio da Crise com Eduardo Costa Pinto \u2013 Epis\u00f3dio 03: A Rela\u00e7\u00e3o P\u00fablico e Privado, https:\/\/www.youtube.com\/watch?v=O1NyIVRlADE<\/p>\n<p>Di\u00e1rio da Crise com Eduardo Costa Pinto \u2013 Epis\u00f3dio 04: O Fator Externo, https:\/\/www.youtube.com\/watch?v=r8CpPrgBXoY<\/p>\n<p>Di\u00e1rio da Crise com Eduardo Costa Pinto \u2013 Epis\u00f3dio 05: A Crise de Acumula\u00e7\u00e3o, https:\/\/www.youtube.com\/watch?v=GaZo4wvllms<\/p>\n<p>Di\u00e1rio da Crise com Eduardo Costa Pinto \u2013 Epis\u00f3dio 06: Todos contra Todos, https:\/\/www.youtube.com\/watch?v=wFmVYqnMVmY<\/p>\n<p>Di\u00e1rio da Crise com Eduardo Costa Pinto \u2013 Epis\u00f3dio 07: A Privatiza\u00e7\u00e3o na Luta de Todos Contra Todos, https:\/\/www.youtube.com\/watch?v=td1FPxtqHLo&amp;t=38s<\/p>\n<p>II. Governo Temer:<\/p>\n<p>a) Artigos e Entrevistas:<\/p>\n<p>Brasil despeda\u00e7ado: uma an\u00e1lise do pa\u00eds p\u00f3s-golpe, Giane Alvares, https:\/\/revistacult.uol.com.br\/home\/brasil-despedacado-pos-golpe\/<\/p>\n<p>2017: o ano que n\u00e3o deveria ter existido, Ricardo Antunes, http:\/\/www.ihu.unisinos.br\/78-noticias\/574907-2017-o-ano-que-nao-deveria-ter-existido-entrevista-com-ricardo-antunes<\/p>\n<p>Contra a militariza\u00e7\u00e3o da Funai e os golpes do Governo Temer contra os direitos ind\u00edgenas,<\/p>\n<p>https:\/\/movimientos.org\/pt-br\/content\/contra-militariza%C3%A7%C3%A3o-da-funai-e-os-golpes-do-governo-temer-contra-os-direitos-ind%C3%ADgenas<\/p>\n<p>Paralisa\u00e7\u00e3o de caminhoneiros \u00e9 um misto de greve e locaute, Ricardo Antunes, https:\/\/www.bbc.com\/portuguese\/brasil-44256413<\/p>\n<p>Michel Temer: do golpe ao desmonte brasileiro, Ana Luiza Bitencourt, http:\/\/www.vermelho.org.br\/noticia\/301428-1<\/p>\n<p>A natureza da crise pol\u00edtica brasileira, Armando Boito Jr., http:\/\/www.adunicamp.org.br\/wp-content\/uploads\/2016\/03\/Le_Monde_Diplomatique_Brasil_2016_Reduzido.pdf<\/p>\n<p>A crise atual poder\u00e1 trazer j\u00e1 nas pr\u00f3ximas elei\u00e7\u00f5es salvador da p\u00e1tria, David Maciel, http:\/\/www.dm.com.br\/politica\/2016\/06\/crise-atual-podera-trazer-ja-nas-proximas-eleicoes-salvador-da-patria.html<\/p>\n<p>A Nova Rep\u00fablica acabou!, David Maciel, http:\/\/www.dm.com.br\/politica\/2017\/06\/nova-republica-acabou.html<\/p>\n<p>A tutela militar no governo Temer ou \u201ca volta dos que n\u00e3o foram\u201d, David Maciel,https:\/\/esquerdaonline.com.br\/2018\/06\/30\/atutela-militar-no-governo-temer-ou-a-volta-dos-que-nao-foram\/<\/p>\n<p>Dossi\u00ea Michel Temer e a Quest\u00e3o Agr\u00e1ria, Revista Okara, http:\/\/www.periodicos.ufpb.br\/ojs\/index.php\/okara\/issue\/view\/2129\/showToc<\/p>\n<p>O golpe de Temer e os desastres na pol\u00edtica externa, M\u00e1rcio Pochmann,<\/p>\n<p>https:\/\/www.redebrasilatual.com.br\/revistas\/137\/o-golpe-de-temer-e-os-desastres-na-politica-externa<\/p>\n<p>O sil\u00eancio da m\u00eddia ante o crescimento da d\u00edvida p\u00fablica sob Temer, Marcio Pochmann<\/p>\n<blockquote class=\"wp-embedded-content\" data-secret=\"enbpMErsug\"><p><a href=\"https:\/\/www.sul21.com.br\/opiniaopublica\/2018\/04\/o-silencio-da-midia-ante-o-crescimento-da-divida-publica-sob-temer-por-marcio-pochmann\/\">O sil\u00eancio da m\u00eddia ante o crescimento da d\u00edvida p\u00fablica sob Temer (por Marcio Pochmann)<\/a><\/p><\/blockquote>\n<p><iframe loading=\"lazy\" title=\"&#8220;O sil\u00eancio da m\u00eddia ante o crescimento da d\u00edvida p\u00fablica sob Temer (por Marcio Pochmann)&#8221; &#8212; Sul 21\" class=\"wp-embedded-content\" sandbox=\"allow-scripts\" security=\"restricted\" style=\"position: absolute; clip: rect(1px, 1px, 1px, 1px);\" src=\"https:\/\/www.sul21.com.br\/opiniaopublica\/2018\/04\/o-silencio-da-midia-ante-o-crescimento-da-divida-publica-sob-temer-por-marcio-pochmann\/embed\/#?secret=enbpMErsug\" data-secret=\"enbpMErsug\" width=\"600\" height=\"338\" frameborder=\"0\" marginwidth=\"0\" marginheight=\"0\" scrolling=\"no\"><\/iframe><\/p>\n<p>\u2018Os miser\u00e1veis que receberam um aux\u00edlio se tornaram lulistas de carteirinha\u2019, Andr\u00e9 Singer, https:\/\/www.bbc.com\/portuguese\/brasil-44621186<\/p>\n<p>O mal como normal: golpe, lei e direitos, Felipe Demier https:\/\/esquerdaonline.com.br\/2018\/12\/22\/o-mal-como-normal-golpe-lei-e-direitos\/<\/p>\n<p>O Bonapartismo de Toga: Golpe, contrarreformas e o protagonismo pol\u00edtico do Poder Judici\u00e1rio no Brasil atual, Felipe Demier, https:\/\/esquerdaonline.com.br\/2018\/01\/25\/o-bonapartismo-de-toga-golpe-contrarreformas-e-o-protagonismo-politico-do-poder-judiciario-no-brasil-atual\/<\/p>\n<p>\u201c\u00c9 hora de chutar o tabuleiro\u201d, Mauro Iasi, https:\/\/www.viomundo.com.br\/politica\/para-mauro-iasi-e-hora-de-chutar-o-tabuleiro.html<\/p>\n<p>b) V\u00eddeos:<\/p>\n<p>\u201cNos resta a desobedi\u00eancia sistem\u00e1tica a todas as a\u00e7\u00f5es governamentais\u201d. Vladimir Safatle, https:\/\/blogdaboitempo.com.br\/2017\/05\/19\/safatle-nos-resta-a-desobediencia-sistematica-a-todas-as-acoes-governamentais\/<\/p>\n<p>Para entender a reinven\u00e7\u00e3o das direitas no Brasil. Vladimir Safatle, https:\/\/blogdaboitempo.com.br\/2018\/10\/02\/safatle-para-entender-a-reinvencao-das-direitas-no-brasil\/<\/p>\n<p>Virg\u00ednia Fontes: como o Capital passou a se organizar, https:\/\/www.conversaafiada.com.br\/tv-afiada\/pobretologia-escondeu-a-luta-de-classes<\/p>\n<p>A burguesia deu um tiro no p\u00e9, https:\/\/www.conversaafiada.com.br\/tv-afiada\/a-burguesia-deu-um-tiro-no-pe<\/p>\n<p>A Lava Jato s\u00f3 limpa por fora, https:\/\/www.youtube.com\/watch?v=2vOSj7WLwKA<\/p>\n<p>Conservadorismo em Foco, Virg\u00ednia Fontes, https:\/\/www.youtube.com\/watch?v=SQCQiZETKls<\/p>\n<p>Sobre o MBL, Virg\u00ednia Fontes, https:\/\/www.youtube.com\/watch?v=oWHEKX5JDCY<\/p>\n<p>A Opera\u00e7\u00e3o Lava Jato e a Democracia Brasileira \u2013 Armando Boito Jr, https:\/\/www.youtube.com\/watch?v=r2rjgV9Yb_4<\/p>\n<p>III. Elei\u00e7\u00f5es 2018:<\/p>\n<p>a) Artigos e Entrevistas:<\/p>\n<p>2018 e seus rumos pol\u00edticos, Ricardo Antunes, https:\/\/praxisteoria.wordpress.com\/2018\/04\/08\/ricardo-antunes-2018-e-seus-rumos-politicos\/<\/p>\n<p>Ultraneoliberalismo, sob uma ditadura e com respaldo eleitoral\u201d , entrevista com Ricardo Antunes, https:\/\/apufpr.org.br\/podemos-viver-um-ultraneoliberalismo-sob-uma-ditadura-e-com-respaldo-eleitoral-alerta-ricardo-antunes\/<\/p>\n<p>As elei\u00e7\u00f5es de 2018, Virg\u00ednia Fontes, https:\/\/coletivodesgovernar.wordpress.com\/2018\/10\/09\/sob-impacto-virginia-fontes-sobre-as-eleicoes-2018\/<\/p>\n<p>Do \u201cimpeachment\u201d de Dilma \u00e0 pris\u00e3o de Lula: o golpe continua. Ivo Lesbaupin, http:\/\/www.ihu.unisinos.br\/78-noticias\/578937-do-impeachment-de-dilma-a-prisao-de-lula-o-golpe-continua-em-edicao<\/p>\n<p>Quem vota em Jair Bolsonaro, por que e o que esperar do bolsonarismo? David Maciel, https:\/\/esquerdaonline.com.br\/2018\/09\/24\/jair-bolsonaro-quem-vota-e-por-que\/<\/p>\n<p>O Golpe de Estado est\u00e1 consumado, Eric Nepomuceno, https:\/\/acasadevidro.com\/tag\/golpe-de-estado-no-brasil-2016-a-2018\/<\/p>\n<p>As elei\u00e7\u00f5es do Golpe (ou o Golpe das elei\u00e7\u00f5es): da democracia blindada \u00e0 democracia dos blindados, Felipe Demier, https:\/\/esquerdaonline.com.br\/2018\/10\/14\/as-eleicoes-do-golpe-ou-o-golpe-das-eleicoes\/<\/p>\n<p>N\u00e3o h\u00e1 um golpe militar em marcha; o maior perigo \u00e9 a elei\u00e7\u00e3o de Bolsonaro, Valerio Arcary, https:\/\/esquerdaonline.com.br\/2018\/10\/02\/maior-perigo-e-eleicao-de-bolsonaro\/<\/p>\n<p>O golpe n\u00e3o foi dado para devolver o poder a Lula\u201d, Lincoln Secco, https:\/\/www.cartacapital.com.br\/politica\/lincoln-secco-o-golpe-nao-foi-dado-para-devolver-o-poder-a-lula\/<\/p>\n<p>A normaliza\u00e7\u00e3o do golpe, Lincoln Secco https:\/\/diplomatique.org.br\/a-normalizacao-do-golpe\/<\/p>\n<p>O ovo da serpente e a elei\u00e7\u00e3o para Presidente, Luiz Filgueiras, https:\/\/blogdaboitempo.com.br\/2018\/10\/21\/o-ovo-da-serpente-e-a-eleicao-para-presidente\/<\/p>\n<p>Dossi\u00ea Elei\u00e7\u00f5es 2018, https:\/\/blogdaboitempo.com.br\/dossies-tematicos\/eleicoes-2018\/<\/p>\n<p>Anita Prestes: Existe amea\u00e7a fascista no Brasil? Anita Leocadia Prestes, https:\/\/blogdaboitempo.com.br\/2018\/10\/18\/anita-prestes-existe-ameaca-fascista-no-brasil\/<\/p>\n<p>Elei\u00e7\u00f5es 2018: a armadilha do voto \u00fatil e o desafio da esquerda, Mauro Iasi, Mauro Luis Iasi, https:\/\/blogdaboitempo.com.br\/2018\/09\/14\/eleicoes-2018-a-armadilha-do-voto-util-e-o-desafio-da-esquerda\/<\/p>\n<p>Democracia brasileira se esgar\u00e7ou e pode se romper, Andr\u00e9 Singer, https:\/\/noticias.uol.com.br\/politica\/eleicoes\/2018\/noticias\/2018\/08\/04\/a-democracia-pode-se-romper-diz-andre-singer-pesquisador-do-lulismo.htm<\/p>\n<p>A perfeitamente resist\u00edvel ascens\u00e3o de Jair e Hamilton, Osvaldo Coggiola, https:\/\/diplomatique.org.br\/a-perfeitamente-resistivel-ascensao-de-jair-e-hamilton\/<\/p>\n<p>Uma reflex\u00e3o sobre o golpe eleitoral de Bolsonaro e o golpe militar de 1964, Gilson Dantas, http:\/\/www.esquerdadiario.com.br\/Uma-reflexao-sobre-o-golpe-eleitoral-de-Bolsonaro-e-o-golpe-militar-de-1964<\/p>\n<p>N\u00e3o se deve terceirizar para Ciro Gomes a luta contra Bolsonaro, ValerioArcary, https:\/\/www.revistaforum.com.br\/nao-se-deve-terceirizar-para-ciro-gomes-a-luta-contra-bolsonaro\/<\/p>\n<p>A elei\u00e7\u00e3o de Bolsonaro foi mais que uma derrota eleitoral, Valerio Arcary, https:\/\/www.revistaforum.com.br\/a-eleicao-de-bolsonaro-foi-mais-que-uma-derrota-eleitoral\/<\/p>\n<p>Sobre a cat\u00e1strofe que nos amea\u00e7a, Valter Pomar, http:\/\/valterpomar.blogspot.com\/2018\/10\/sobre-catastrofe-que-nos-ameaca.html<\/p>\n<p>N\u00e3o h\u00e1 barb\u00e1rie que dure para sempre, Valter Pomar, http:\/\/valterpomar.blogspot.com\/2018\/10\/nao-ha-barbarie-que-dure-para-sempre.html<\/p>\n<p>Elei\u00e7\u00f5es de 2018: por que as for\u00e7as progressistas foram derrotadas? Ana L\u00facia da Silva<\/p>\n<p>As Elei\u00e7\u00f5es de 2018 e a Necessidade de Continuar e Aprofundar a Resist\u00eancia das Classes Dominadas Coletivo Cem Flores<\/p>\n<p>Aumento da repress\u00e3o \u00e0 popula\u00e7\u00e3o pobre e trabalhadora como necessidade do capital em crise: programa do governo Bolsonaro. Coletivo Cem Flores<\/p>\n<p>Aumentar a informalidade para aumentar a explora\u00e7\u00e3o do trabalho: a reforma trabalhista e sindical de Bolsonaro Coletivo Cem Flores<\/p>\n<p>b) V\u00eddeos:<\/p>\n<p>\u201cH\u00e1 um golpe militar em marcha no Brasil hoje\u201d. Vladimir Safatle, https:\/\/www.youtube.com\/watch?v=BwLg13hSkRk<\/p>\n<p>N\u00f3s somos a \u00faltima barreira contra o fascismo\u201d. Vladimir Safatle, https:\/\/www.youtube.com\/watch?v=T1tksu6UOg0<\/p>\n<p>\u201cFascismo e ditadura s\u00e3o amea\u00e7as reais no Brasil hoje, https:\/\/www.youtube.com\/watch?v=T95NAdk2RKU<\/p>\n<p>Crise e contrarrevolu\u00e7\u00e3o no Brasil hoje, https:\/\/www.youtube.com\/watch?v=CFpEy35cCFc<\/p>\n<p>A crise brasileira e as elei\u00e7\u00f5es Entrevista com Armando Boito Jr.,https:\/\/www.youtube.com\/watch?v=V0Vy3Fw3Slc<\/p>\n<p>A crise brasileira por Virg\u00ednia Fontes, https:\/\/www.youtube.com\/watch?v=4W9kbCl_eZc<\/p>\n<p>\u201cSem Lula na disputa, n\u00e3o teremos elei\u00e7\u00f5es livres\u201d, A. Boito Jr. https:\/\/www.youtube.com\/watch?v=gChPUINAMbs<\/p>\n<p>IV. Governo Bolsonaro:<\/p>\n<p>a) Artigos e Entrevistas:<\/p>\n<p>O horizonte do governo eleito de Jair Bolsonaro e o aprofundamento do projeto de pa\u00eds do Golpe de Estado de 2016, Armando Pompermaier ,https:\/\/esquerdaonline.com.br\/2018\/11\/23\/o-horizonte-do-governo-eleito-de-jair-bolsonaro-e-o-aprofundamento-do-projeto-de-pais-do-golpe-de-estado-de-2016\/<br \/>\nLucratividade e Distribui\u00e7\u00e3o: A Origem Econ\u00f4mica da Crise Pol\u00edtica Brasileira Adalmir Marquetti, Cecilia Hoff , Alessandro Miebach<br \/>\nhttps:\/\/www.researchgate.net\/publication\/312191358_Lucratividade_e_Distribuicao_A_Origem_Economica_da_Crise_Politica_Brasileira<\/p>\n<p>Primeiras observa\u00e7\u00f5es sobre o desastre brasileiro, Antonio Negri \u2013<\/p>\n<blockquote class=\"wp-embedded-content\" data-secret=\"Om7vrhIkyw\"><p><a href=\"https:\/\/revistacult.uol.com.br\/home\/antonio-negri-desastre-brasileiro\/\">Primeiras observa\u00e7\u00f5es sobre o desastre brasileiro<\/a><\/p><\/blockquote>\n<p><iframe loading=\"lazy\" title=\"&#8220;Primeiras observa\u00e7\u00f5es sobre o desastre brasileiro&#8221; &#8212; Revista Cult\" class=\"wp-embedded-content\" sandbox=\"allow-scripts\" security=\"restricted\" style=\"position: absolute; clip: rect(1px, 1px, 1px, 1px);\" src=\"https:\/\/revistacult.uol.com.br\/home\/antonio-negri-desastre-brasileiro\/embed\/#?secret=Om7vrhIkyw\" data-secret=\"Om7vrhIkyw\" width=\"600\" height=\"338\" frameborder=\"0\" marginwidth=\"0\" marginheight=\"0\" scrolling=\"no\"><\/iframe><\/p>\n<p>Gabriel Landi Fazzio \u2013 Existe fascismo no Brasil? O bolsonarismo como terror e ideologia<\/p>\n<p><a href=\"https:\/\/lavrapalavra.com\/2018\/10\/17\/existe-fascismo-no-brasil-o-bolsonarismo-como-terror-e-ideologia\/\">Existe fascismo no Brasil? O bolsonarismo como terror e&nbsp;ideologia<\/a><\/p>\n<p>Michael Roberts \u2013 Brazil\u2019s Tropical Trump<\/p>\n<p><a href=\"https:\/\/thenextrecession.wordpress.com\/2018\/10\/29\/brazils-tropical-trump\/\">Brazil&#8217;s Tropical Trump<\/a><\/p>\n<p>O Brasil de Bolsonaro, Perry Anderson<\/p>\n<blockquote class=\"wp-embedded-content\" data-secret=\"AUgP2abFYY\"><p><a href=\"http:\/\/elcoyote.org\/o-brasil-de-bolsonaro-i-perry-anderson\/\">O Brasil de Bolsonaro I &#8211; Perry Anderson<\/a><\/p><\/blockquote>\n<p><iframe loading=\"lazy\" title=\"&#8220;O Brasil de Bolsonaro I &#8211; Perry Anderson&#8221; &#8212; El Coyote\" class=\"wp-embedded-content\" sandbox=\"allow-scripts\" security=\"restricted\" style=\"position: absolute; clip: rect(1px, 1px, 1px, 1px);\" src=\"http:\/\/elcoyote.org\/o-brasil-de-bolsonaro-i-perry-anderson\/embed\/#?secret=AUgP2abFYY\" data-secret=\"AUgP2abFYY\" width=\"600\" height=\"338\" frameborder=\"0\" marginwidth=\"0\" marginheight=\"0\" scrolling=\"no\"><\/iframe><\/p>\n<blockquote class=\"wp-embedded-content\" data-secret=\"WCUpEOZmeq\"><p><a href=\"http:\/\/elcoyote.org\/o-brasil-de-bolsonaro-ii-perry-anderson\/\">O Brasil de Bolsonaro II &#8211; Perry Anderson<\/a><\/p><\/blockquote>\n<p><iframe loading=\"lazy\" title=\"&#8220;O Brasil de Bolsonaro II &#8211; Perry Anderson&#8221; &#8212; El Coyote\" class=\"wp-embedded-content\" sandbox=\"allow-scripts\" security=\"restricted\" style=\"position: absolute; clip: rect(1px, 1px, 1px, 1px);\" src=\"http:\/\/elcoyote.org\/o-brasil-de-bolsonaro-ii-perry-anderson\/embed\/#?secret=WCUpEOZmeq\" data-secret=\"WCUpEOZmeq\" width=\"600\" height=\"338\" frameborder=\"0\" marginwidth=\"0\" marginheight=\"0\" scrolling=\"no\"><\/iframe><\/p>\n<p>From the Union Hall to the Church, Ruy Braga<\/p>\n<p>https:\/\/www.jacobinmag.com\/2019\/04\/bolsonaro-election-unions-labor-evangelical-churches<\/p>\n<p>A elei\u00e7\u00e3o de Bolsonaro e a nova direita populista, S. Zi\u017eek<\/p>\n<p><a href=\"https:\/\/blogdaboitempo.com.br\/2018\/12\/04\/zizek-a-eleicao-de-bolsonaro-e-a-nova-direita-populista\/\">\u017di\u017eek: A elei\u00e7\u00e3o de Bolsonaro e a nova direita&nbsp;populista<\/a><\/p>\n<p>Bolsonaro e o momento hiperautorit\u00e1rio do neoliberalismo, Laval<\/p>\n<p><a href=\"https:\/\/blogdaboitempo.com.br\/2018\/10\/29\/o-momento-hiperautoritario-do-neoliberalismo\/\">Bolsonaro e o momento hiperautorit\u00e1rio do&nbsp;neoliberalismo<\/a><\/p>\n<p>O Brasil nas vascas do neofascismo , \u00c2ngelo Novo https:\/\/www.ocomuneiro.com\/nr28_09_AngeloNovo.html<\/p>\n<p>\u201cUm Brasil de Bolsonaro ser\u00e1 quebrado economicamente, isolado no mundo, exaurido e ensanguentado\u201d, Virg\u00ednia Fontes<\/p>\n<blockquote class=\"wp-embedded-content\" data-secret=\"P8oqJzBORF\"><p><a href=\"https:\/\/racismoambiental.net.br\/2018\/10\/12\/virginia-fontes-um-brasil-de-bolsonaro-sera-quebrado-economicamente-isolado-no-mundo-exaurido-e-ensanguentado\/\">Virg\u00ednia Fontes: \u201cUm Brasil de Bolsonaro ser\u00e1 quebrado economicamente, isolado no mundo, exaurido e ensanguentado\u201d<\/a><\/p><\/blockquote>\n<p><iframe loading=\"lazy\" title=\"&#8220;Virg\u00ednia Fontes: \u201cUm Brasil de Bolsonaro ser\u00e1 quebrado economicamente, isolado no mundo, exaurido e ensanguentado\u201d&#8221; &#8212; Combate Racismo Ambiental\" class=\"wp-embedded-content\" sandbox=\"allow-scripts\" security=\"restricted\" style=\"position: absolute; clip: rect(1px, 1px, 1px, 1px);\" src=\"https:\/\/racismoambiental.net.br\/2018\/10\/12\/virginia-fontes-um-brasil-de-bolsonaro-sera-quebrado-economicamente-isolado-no-mundo-exaurido-e-ensanguentado\/embed\/#?secret=P8oqJzBORF\" data-secret=\"P8oqJzBORF\" width=\"600\" height=\"338\" frameborder=\"0\" marginwidth=\"0\" marginheight=\"0\" scrolling=\"no\"><\/iframe><\/p>\n<p>Bolsonaro \u00e9 a continuidade mais violenta de Temer, Entrevista com Virg\u00ednia Fontes, http:\/\/esquerdadiario.com.br\/ideiasdeesquerda\/?p=733<\/p>\n<p>9 notas sobre a conjuntura p\u00f3s-eleitoral brasileira, Carlos Eduardo Martins, https:\/\/blogdaboitempo.com.br\/2018\/10\/30\/9-notas-sobre-a-conjuntura-pos-eleitoral-brasileira\/<\/p>\n<p>Dez notas iniciais depois da elei\u00e7\u00e3o de Bolsonaro, Gilberto Calil, https:\/\/esquerdaonline.com.br\/2018\/10\/29\/dez-notas-iniciais-depois-da-eleicao-de-bolsonaro\/<\/p>\n<p>Pode o fascismo ser neoliberal? Um precedente do integralismo brasileiro, Gilberto Calil, https:\/\/esquerdaonline.com.br\/2018\/09\/25\/pode-o-fascismo-ser-neoliberal-um-precedente-do-integralismo-brasileiro\/<\/p>\n<p>O n\u00facleo central do governo Bolsonaro \u2013 o proto-fascismo, Virg\u00ednia Fontes, https:\/\/esquerdaonline.com.br\/2019\/01\/08\/o-nucleo-central-do-governo-bolsonaro-o-proto-fascismo\/<\/p>\n<p>An\u00e1lises de conjuntura da Escola de Forma\u00e7\u00e3o Socialista, http:\/\/escoladeformacaosocialista.blogspot.com\/p\/analises-de-conjuntura.html<\/p>\n<p>Bolsonaro: um projeto de poder dos militares? Gilson Dantas, http:\/\/www.esquerdadiario.com.br\/Bolsonaro-um-projeto-de-poder-dos-militares<\/p>\n<p>O AI-5 \u00e9 coisa do passado? Gilson Dantas, http:\/\/www.esquerdadiario.com.br\/O-AI-5-e-coisa-do-passado<\/p>\n<p>O que poder\u00e1 ser um governo Bolsonaro? Valerio Arcary, https:\/\/www.revistaforum.com.br\/o-que-podera-ser-um-governo-bolsonaro\/<\/p>\n<p>Quem ganha com a desintegra\u00e7\u00e3o da Petrobr\u00e1s? Eduardo Costa Pinto, https:\/\/www.brasil247.com\/pt\/247\/economia\/341472\/Eduardo-Costa-Pinto-quem-ganha-com-a-desintegra%C3%A7%C3%A3o-vertical-da-Petrobras.htm<\/p>\n<p>Elementos para analisar a conjuntura, Valter Pomar, http:\/\/valterpomar.blogspot.com\/2018\/11\/elementos-para-analisar-conjuntura.html<\/p>\n<p>Bolsonaro e o fascismo, At\u00edlio Bor\u00f3n, https:\/\/www.resistir.info\/brasil\/boron_02jan19.html<\/p>\n<p>A guerra de todos contra todos e a Lava Jato: a Crise Brasileira e a vit\u00f3ria do Capit\u00e3o Jair Bolsonaro. Eduardo Costa Pinto<\/p>\n<p>A conjuntura econ\u00f4mica no come\u00e7o do governo Bolsonaro: continuidade da crise do capital, estagna\u00e7\u00e3o e aumento do desemprego. Coletivo Cem Flores<\/p>\n<p>O governo Bolsonaro e a ofensiva reacion\u00e1ria na educa\u00e7\u00e3o, Coletivo Cem Flores<\/p>\n<p>A Reforma da Previd\u00eancia faz parte do programa de classe da burguesia, de opress\u00e3o e explora\u00e7\u00e3o dos trabalhadores Coletivo Cem Flores<\/p>\n<p>O Hip\u00f3crita Patriotismo Burgu\u00eas de Bolsonaro e seus Objetivos Coletivo Cem Flores<\/p>\n<p>b) V\u00eddeos:<\/p>\n<p>Proto fascismo \u2013 Virg\u00ednia Fontes, https:\/\/www.youtube.com\/watch?v=nkS7Cjqyn8Y<\/p>\n<p>Safatle: \u201cBolsonaro ainda \u00e9 tosco. Pior \u00e9 o que vir\u00e1 depois dele\u201d, https:\/\/www.youtube.com\/watch?v=qlY8_ZROE3o<\/p>\n<p>A Opera\u00e7\u00e3o Lava Jato e a Democracia Brasileira, Armando Boito Jr, https:\/\/www.youtube.com\/watch?v=r2rjgV9Yb_4<\/p>\n<p>\u201cEstado e Sindicalismo no Brasil: passado, presente e futuro\u201d. David Maciel, https:\/\/escoladeformacaosocialista.blogspot.com\/p\/tvefs.html?fbclid=IwAR0dnTD3lz2U9XXSsrHBDrL_OC6ry_4TvoPid426qZ1W6djJih3HjLqFUMg<\/p>\n<p>O conservadorismo liberal do homem m\u00e9dio, Mariana Chaguri, S\u00e1vio Cavalcante e Michel Nicolau Netto, https:\/\/www.academia.edu\/38907430\/Artigo_O_conservadorismo_liberal_do_homem_medio_Epoca20190423_14503_1u8j0qf?email_work_card=thumbnail-desktop<\/p>\n<p>Bolsonaro e os Quart\u00e9is: a loucura com m\u00e9todo. Eduardo Costa Pinto (em pdf)<\/p>\n","protected":false},"excerpt":{"rendered":"<a class=\"moretag\" href=\"https:\/\/pcb.org.br\/portal2\/23270\"> <\/a>","protected":false},"author":1,"featured_media":0,"comment_status":"closed","ping_status":"closed","sticky":false,"template":"","format":"standard","meta":{"jetpack_post_was_ever_published":false,"_jetpack_newsletter_access":"","_jetpack_dont_email_post_to_subs":false,"_jetpack_newsletter_tier_id":0,"_jetpack_memberships_contains_paywalled_content":false,"_jetpack_memberships_contains_paid_content":false,"footnotes":"","jetpack_publicize_message":"","jetpack_publicize_feature_enabled":true,"jetpack_social_post_already_shared":true,"jetpack_social_options":{"image_generator_settings":{"template":"highway","default_image_id":0,"font":"","enabled":false},"version":2}},"categories":[7],"tags":[222],"class_list":["post-23270","post","type-post","status-publish","format-standard","hentry","category-s8-brasil","tag-2b"],"jetpack_publicize_connections":[],"jetpack_featured_media_url":"","jetpack_shortlink":"https:\/\/wp.me\/p659gw-63k","jetpack-related-posts":[],"jetpack_likes_enabled":true,"jetpack_sharing_enabled":true,"_links":{"self":[{"href":"https:\/\/pcb.org.br\/portal2\/wp-json\/wp\/v2\/posts\/23270","targetHints":{"allow":["GET"]}}],"collection":[{"href":"https:\/\/pcb.org.br\/portal2\/wp-json\/wp\/v2\/posts"}],"about":[{"href":"https:\/\/pcb.org.br\/portal2\/wp-json\/wp\/v2\/types\/post"}],"author":[{"embeddable":true,"href":"https:\/\/pcb.org.br\/portal2\/wp-json\/wp\/v2\/users\/1"}],"replies":[{"embeddable":true,"href":"https:\/\/pcb.org.br\/portal2\/wp-json\/wp\/v2\/comments?post=23270"}],"version-history":[{"count":0,"href":"https:\/\/pcb.org.br\/portal2\/wp-json\/wp\/v2\/posts\/23270\/revisions"}],"wp:attachment":[{"href":"https:\/\/pcb.org.br\/portal2\/wp-json\/wp\/v2\/media?parent=23270"}],"wp:term":[{"taxonomy":"category","embeddable":true,"href":"https:\/\/pcb.org.br\/portal2\/wp-json\/wp\/v2\/categories?post=23270"},{"taxonomy":"post_tag","embeddable":true,"href":"https:\/\/pcb.org.br\/portal2\/wp-json\/wp\/v2\/tags?post=23270"}],"curies":[{"name":"wp","href":"https:\/\/api.w.org\/{rel}","templated":true}]}}