{"id":23281,"date":"2019-06-03T23:02:42","date_gmt":"2019-06-04T02:02:42","guid":{"rendered":"https:\/\/pcb.org.br\/portal2\/?p=23281"},"modified":"2019-06-07T06:42:58","modified_gmt":"2019-06-07T09:42:58","slug":"repudio-ao-ataque-da-pm-mt-contra-o-sindicato-de-trabalhadores-dos-correios","status":"publish","type":"post","link":"https:\/\/pcb.org.br\/portal2\/23281","title":{"rendered":"Rep\u00fadio ao ataque da PM-MT contra o sindicato de trabalhadores dos Correios!"},"content":{"rendered":"<p><img decoding=\"async\" class=\"imagem\" title=\"imagem\" src=\"https:\/\/i0.wp.com\/3.bp.blogspot.com\/-TsREQG_j5LQ\/XNWklcAO87I\/AAAAAAAARnQ\/Ju1UrCxFNskFAPmYvd8WkxCY8Uks8KE4ACK4BGAYYCw\/s640\/notaderepudioseese-770x375.jpg\" alt=\"imagem\" \/><!--more-->Rep\u00fadio ao ataque da PM-MT contra o sindicato de trabalhadores dos Correios!<\/p>\n<p>Nota de solidariedade aos trabalhadores dos Correios de MT e rep\u00fadio \u00e0 trucul\u00eancia da Pol\u00edcia Militar de Mato Grosso<\/p>\n<p>Unidade Classista<\/p>\n<p>Neste domingo, dia 02 de junho, fomos surpreendidos com a not\u00edcia de que a Pol\u00edcia Militar de Mato Grosso invadiu a sede do sindicato dos trabalhadores dos Correios, agredindo e realizando a deten\u00e7\u00e3o de diretores do Sindicato sob o falso pretexto de que estavam com som alto.<\/p>\n<p>Com a argumenta\u00e7\u00e3o de que um vizinho havia reclamado, os policiais pularam na sede do sindicato, agrediram os dirigentes, apreenderam documentos e levaram todos detidos. Cabe salientar que o denunciante \u00e9 partid\u00e1rio do Presidente Bolsonaro e atuou no sentido de atacar o sindicato.<\/p>\n<p>Esse ataque faz parte do crescente discurso de \u00f3dio e de pr\u00e1ticas antissindicais do governo Bolsonaro e seus apoiadores, na tentativa de destruir as organiza\u00e7\u00f5es sindicais e aprovar os seus projetos que atacam a classe trabalhadora.<\/p>\n<p>N\u00e3o ir\u00e3o nos calar! Com esse ataque, a Pol\u00edcia Militar tenta intimidar os trabalhadores dos Correios e demais trabalhadores do Estado que est\u00e3o em luta contra a reforma da previd\u00eancia, contra as privatiza\u00e7\u00e3o dos Correios, da Embraer, da Petrobr\u00e1s e que, no dia 14, ir\u00e3o construir uma grande Greve Geral.<\/p>\n<p>A Unidade Classista se solidariza com os trabalhadores que foram espancados e denuncia a trucul\u00eancia da pol\u00edcia militar. Iremos somar for\u00e7as na cobran\u00e7a e exig\u00eancia de puni\u00e7\u00e3o dos respons\u00e1veis, porque esse n\u00e3o \u00e9 um ataque apenas aos diretores do Sindicato dos Correios e sim um ataque orquestrado a todo movimento dos trabalhadores.<\/p>\n<hr \/>\n<p>Nota da Intersindical, instrumento de luta e organiza\u00e7\u00e3o da classe trabalhadora:<\/p>\n<p>POL\u00cdCIA NO MATO GROSSO INVADE SINDICATO DOS TRABALHADORES NOS CORREIOS, ATIRA, ESPANCA E PRENDE DIRIGENTES SINDICAIS<\/p>\n<p>\u00c9 a repress\u00e3o do Estado a servi\u00e7o do governo Bolsonaro que quer atacar as organiza\u00e7\u00f5es de luta e defesa dos direitos da classe trabalhadora<\/p>\n<p>No \u00faltimo domingo (02\/06), a dire\u00e7\u00e3o do Sindicato dos Trabalhadores nos Correios no Mato Grosso se reuniu para organizar a participa\u00e7\u00e3o da categoria na Greve Geral do dia 14 de junho contra a reforma da Previd\u00eancia, as privatiza\u00e7\u00f5es e o conjunto dos ataques do governo Bolsonaro.<\/p>\n<p>Ap\u00f3s a reuni\u00e3o, aconteceu uma confraterniza\u00e7\u00e3o e, com o falso pretexto de receber den\u00fancia de som alto, pois desde a primeira vez que as viaturas chegaram o som j\u00e1 estava baixo e o volume foi diminu\u00eddo ainda mais, a Pol\u00edcia invadiu o Sindicato.<\/p>\n<p>A inten\u00e7\u00e3o de atacar um Sindicato que est\u00e1 na luta em defesa dos trabalhadores ficou escancarada: a Pol\u00edcia se dirigiu at\u00e9 o Sindicato por tr\u00eas vezes; na terceira vez pulou o muro, invadiu a sede, levou v\u00e1rios documentos que tratavam da greve geral e, para tentar impedir que sua a\u00e7\u00e3o fosse registrada, espancou v\u00e1rios trabalhadores, atirou com arma letal e prendeu seis trabalhadores que em sua maioria s\u00e3o parte da dire\u00e7\u00e3o do Sindicato.<\/p>\n<p>O argumento de que se tratava de uma reclama\u00e7\u00e3o de som alto de um casal de vizinhos que ainda mente dizendo que foram amea\u00e7ados por quem estava sendo espancado pela Pol\u00edcia, s\u00f3 escancara que a inten\u00e7\u00e3o da repress\u00e3o do Estado era atacar um Sindicato de trabalhadores.<\/p>\n<p>\u00c9 a mesma Pol\u00edcia que pelo Brasil afora avan\u00e7a no ataque \u00e0 vida dos mais pobres nas periferias e que a cada dia tenta avan\u00e7ar na repress\u00e3o contra as Organiza\u00e7\u00f5es de Luta da classe trabalhadora que est\u00e3o no firme combate \u00e0 pol\u00edtica do governo Bolsonaro que j\u00e1 admitiu que odeia pobres e quer exterminar os direitos dos trabalhadores.<\/p>\n<p>O Sindicato dos Trabalhadores nos Correios do Mato Grosso, que faz parte da Intersindical &#8211; Instrumento de Luta e Organiza\u00e7\u00e3o da Classe Trabalhadora, \u00e9 um dos principais Sindicatos no estado que est\u00e1 na linha de frente da luta contra as privatiza\u00e7\u00f5es que come\u00e7a pelos Correios e a reforma da Previd\u00eancia que o governo Bolsonaro tenta impor.<\/p>\n<p>A a\u00e7\u00e3o do Pol\u00edcia Militar est\u00e1 a servi\u00e7o dos interesses daqueles que querem a privatiza\u00e7\u00e3o e a reforma da Previd\u00eancia, o que vai significar a retirada de direitos, mais arrocho salarial e desemprego para os trabalhadores e mais lucros para o grande Capital.<\/p>\n<p>N\u00e3o nos calar\u00e3o. A luta contra as privatiza\u00e7\u00f5es e a reforma da Previd\u00eancia continua e se amplia: al\u00e9m de denunciar na Corregedoria e demais \u00f3rg\u00e3os competentes a a\u00e7\u00e3o completamente ilegal da Pol\u00edcia de invadir um Sindicato, espancar e prender trabalhadores, nossa principal resposta \u00e9 o fortalecimento da luta tanto nos Correios, como em conjunto com a classe trabalhadora contra os ataques desse governo que quer semear a viol\u00eancia e a morte para os trabalhadores para colher cada vez mais lucros para o Capital.<\/p>\n<p>EM DEFESA DOS DIREITOS E DAS ORGANIZA\u00c7\u00d5ES DE LUTA DOS TRABALHADORES A LUTA SEGUE E SE AMPLIA<\/p>\n<p>DIA 14 DE JUNHO \u00c9 GREVE GERAL CONTRA A REFORMA DA PREVID\u00caNCIA, AS PRIVATIZA\u00c7\u00d5ES, EM DEFESA DOS DIREITOS E DA VIDA DA CLASSE TRABALHADORA<\/p>\n","protected":false},"excerpt":{"rendered":"<a class=\"moretag\" href=\"https:\/\/pcb.org.br\/portal2\/23281\"> <\/a>","protected":false},"author":1,"featured_media":0,"comment_status":"closed","ping_status":"closed","sticky":false,"template":"","format":"standard","meta":{"jetpack_post_was_ever_published":false,"_jetpack_newsletter_access":"","_jetpack_dont_email_post_to_subs":false,"_jetpack_newsletter_tier_id":0,"_jetpack_memberships_contains_paywalled_content":false,"_jetpack_memberships_contains_paid_content":false,"footnotes":"","jetpack_publicize_message":"","jetpack_publicize_feature_enabled":true,"jetpack_social_post_already_shared":true,"jetpack_social_options":{"image_generator_settings":{"template":"highway","default_image_id":0,"font":"","enabled":false},"version":2}},"categories":[15,31],"tags":[223],"class_list":["post-23281","post","type-post","status-publish","format-standard","hentry","category-s18-sindical","category-c31-unidade-classista","tag-3a"],"jetpack_publicize_connections":[],"jetpack_featured_media_url":"","jetpack_shortlink":"https:\/\/wp.me\/p659gw-63v","jetpack-related-posts":[],"jetpack_likes_enabled":true,"jetpack_sharing_enabled":true,"_links":{"self":[{"href":"https:\/\/pcb.org.br\/portal2\/wp-json\/wp\/v2\/posts\/23281","targetHints":{"allow":["GET"]}}],"collection":[{"href":"https:\/\/pcb.org.br\/portal2\/wp-json\/wp\/v2\/posts"}],"about":[{"href":"https:\/\/pcb.org.br\/portal2\/wp-json\/wp\/v2\/types\/post"}],"author":[{"embeddable":true,"href":"https:\/\/pcb.org.br\/portal2\/wp-json\/wp\/v2\/users\/1"}],"replies":[{"embeddable":true,"href":"https:\/\/pcb.org.br\/portal2\/wp-json\/wp\/v2\/comments?post=23281"}],"version-history":[{"count":0,"href":"https:\/\/pcb.org.br\/portal2\/wp-json\/wp\/v2\/posts\/23281\/revisions"}],"wp:attachment":[{"href":"https:\/\/pcb.org.br\/portal2\/wp-json\/wp\/v2\/media?parent=23281"}],"wp:term":[{"taxonomy":"category","embeddable":true,"href":"https:\/\/pcb.org.br\/portal2\/wp-json\/wp\/v2\/categories?post=23281"},{"taxonomy":"post_tag","embeddable":true,"href":"https:\/\/pcb.org.br\/portal2\/wp-json\/wp\/v2\/tags?post=23281"}],"curies":[{"name":"wp","href":"https:\/\/api.w.org\/{rel}","templated":true}]}}