{"id":23378,"date":"2019-06-15T10:52:01","date_gmt":"2019-06-15T13:52:01","guid":{"rendered":"https:\/\/pcb.org.br\/portal2\/?p=23378"},"modified":"2022-02-25T14:19:19","modified_gmt":"2022-02-25T17:19:19","slug":"lugar-de-mulher-conversa-com-a-sindicalista-kate-lane","status":"publish","type":"post","link":"https:\/\/pcb.org.br\/portal2\/23378","title":{"rendered":"Lugar de Mulher conversa com a sindicalista Kate Lane"},"content":{"rendered":"<p><img decoding=\"async\" class=\"imagem\" title=\"imagem\" src=\"https:\/\/lh3.googleusercontent.com\/pw\/AM-JKLXiRhBEcrX4TDg7cmx80nBI0rikyfRHcebDgzu68f1j3YY8Icov4ESS9lN66M_i3XdWHnNpt0TFABlfRu61UmZcaHestGeg7Fobnb2RIDHko2z9qwqy6SUrw5idSXY92nWHPr20JgGHWbpYvbl-1YJ-=s608-no?authuser=0\" alt=\"imagem\" \/><!--more-->Em novo programa Lugar de Mulher, produzido pela Secretaria Nacional de Mulheres, G\u00eanero e Diversidade Sexual do Partido Comunista Brasileiro (PCB), sob dire\u00e7\u00e3o geral de Heitor C\u00e9sar e Bil-Rait Buchecha, a camarada Marta Bar\u00e7ante, dirigente nacional do PCB e do Coletivo Feminista Classista Ana Montenegro, entrevista Kate Lane Paiva, Professora de Artes do Coluni, Col\u00e9gio de Aplica\u00e7\u00e3o da UFF (Universidade Federal Fluminense), mestre em Artes pela UERJ e Doutora pela UFRJ. Kate foi dirigente sindical da ADUFF, do Sindicato dos professores da UFF e \u00e9 dirigente nacional da Corrente Sindical Unidade Classista.<\/p>\n<p>Neste programa, Kate fala de sua inf\u00e2ncia e adolesc\u00eancia em S\u00e3o Jo\u00e3o de Meriti e na Pavuna, bairro do sub\u00farbio do Rio de Janeiro, das suas batalhas desde cedo enfrentando o machismo e, a partir do momento em que se tornou professora, de sua participa\u00e7\u00e3o nas lutas contra o desmonte da educa\u00e7\u00e3o p\u00fablica e em defesa dos direitos dos trabalhadores e das trabalhadoras. Para ela, estas lutas se tornam ainda mais significativas ap\u00f3s a elei\u00e7\u00e3o de Jair Bolsonaro, que, por meio de uma agenda de radicaliza\u00e7\u00e3o do neoliberalismo e utilizando-se de m\u00e9todos fascistas, vem buscando implementar uma pol\u00edtica de destrui\u00e7\u00e3o de direitos, um projeto de privatiza\u00e7\u00e3o da educa\u00e7\u00e3o, incluindo a persegui\u00e7\u00e3o aos ativistas e a imposi\u00e7\u00e3o de um pensamento \u00fanico conservador nas escolas. Cria da escola p\u00fablica, Kate Lane relata suas experi\u00eancias de luta na resist\u00eancia aos efeitos do sistema capitalista no cotidiano da classe trabalhadora e ao projeto antipopular em curso.<\/p>\n<p>Assista na \u00edntegra: https:\/\/www.facebook.com\/<wbr \/>lugardemulherpcb\/videos\/450686312361911\/<\/p>\n","protected":false},"excerpt":{"rendered":"<a class=\"moretag\" href=\"https:\/\/pcb.org.br\/portal2\/23378\"> <\/a>","protected":false},"author":1,"featured_media":0,"comment_status":"closed","ping_status":"closed","sticky":false,"template":"","format":"standard","meta":{"jetpack_post_was_ever_published":false,"_jetpack_newsletter_access":"","_jetpack_dont_email_post_to_subs":false,"_jetpack_newsletter_tier_id":0,"_jetpack_memberships_contains_paywalled_content":false,"_jetpack_memberships_contains_paid_content":false,"footnotes":"","jetpack_publicize_message":"","jetpack_publicize_feature_enabled":true,"jetpack_social_post_already_shared":true,"jetpack_social_options":{"image_generator_settings":{"template":"highway","default_image_id":0,"font":"","enabled":false},"version":2}},"categories":[22,140],"tags":[352],"class_list":["post-23378","post","type-post","status-publish","format-standard","hentry","category-c3-coletivo-ana-montenegro","category-c140-jornal-o-poder-popular","tag-ldm"],"jetpack_publicize_connections":[],"jetpack_featured_media_url":"","jetpack_shortlink":"https:\/\/wp.me\/p659gw-654","jetpack-related-posts":[],"jetpack_likes_enabled":true,"jetpack_sharing_enabled":true,"_links":{"self":[{"href":"https:\/\/pcb.org.br\/portal2\/wp-json\/wp\/v2\/posts\/23378","targetHints":{"allow":["GET"]}}],"collection":[{"href":"https:\/\/pcb.org.br\/portal2\/wp-json\/wp\/v2\/posts"}],"about":[{"href":"https:\/\/pcb.org.br\/portal2\/wp-json\/wp\/v2\/types\/post"}],"author":[{"embeddable":true,"href":"https:\/\/pcb.org.br\/portal2\/wp-json\/wp\/v2\/users\/1"}],"replies":[{"embeddable":true,"href":"https:\/\/pcb.org.br\/portal2\/wp-json\/wp\/v2\/comments?post=23378"}],"version-history":[{"count":0,"href":"https:\/\/pcb.org.br\/portal2\/wp-json\/wp\/v2\/posts\/23378\/revisions"}],"wp:attachment":[{"href":"https:\/\/pcb.org.br\/portal2\/wp-json\/wp\/v2\/media?parent=23378"}],"wp:term":[{"taxonomy":"category","embeddable":true,"href":"https:\/\/pcb.org.br\/portal2\/wp-json\/wp\/v2\/categories?post=23378"},{"taxonomy":"post_tag","embeddable":true,"href":"https:\/\/pcb.org.br\/portal2\/wp-json\/wp\/v2\/tags?post=23378"}],"curies":[{"name":"wp","href":"https:\/\/api.w.org\/{rel}","templated":true}]}}