{"id":23392,"date":"2019-06-17T21:35:17","date_gmt":"2019-06-18T00:35:17","guid":{"rendered":"https:\/\/pcb.org.br\/portal2\/?p=23392"},"modified":"2019-06-20T11:17:52","modified_gmt":"2019-06-20T14:17:52","slug":"pcb-rs-repudio-a-violencia-da-brigada-militar-na-greve-geral","status":"publish","type":"post","link":"https:\/\/pcb.org.br\/portal2\/23392","title":{"rendered":"PCB-RS: Rep\u00fadio \u00e0 viol\u00eancia da Brigada Militar na Greve Geral"},"content":{"rendered":"<p><img decoding=\"async\" class=\"imagem\" title=\"imagem\" src=\"https:\/\/i0.wp.com\/lh3.googleusercontent.com\/q_d9upHCYa88N0hj6H4PeA1Gb91zhWmHZIMqw1EQ2wxEtsC6F6uPsA4f-yNpjA4AFW0B7FpmUdGvfS1xYSPqpn1VXrl6E7CfK9MgtnblqPHK6YsqKjPxKIW16hBCzzQheXI3G-PWWplKgYMlpfxd5CQ0plBzZqKS_2pumf9Lm5Cg_1md9tZY1ylg1gWfnaexNK4vQl5b-y4_o5je9ez5mX7mQ6w6EaCtvOgfc3eRMTECUVrrKIt-MO7n9Qt5TSsbvcc5TZSs9ThtXSLvWIUWMneDt2K6mFZcWXYVy3-Hplew3xdykZ-64V0JM70BtiZm38oNV2hCPZhbdqF8XZVyvagwu2lIDGsMDmfV7fYkYE3-Azc5SFeyIV9nXA8xEA7Hky7QF5xQUditocftXCG4BtyWiB1gsz9nxWI7IEVvDDJz5HQeIGmhZz4x_pD9e6pBmYtzn7CzazkEAPGN-7Jx-spi6TZxrjfO11x_pSdRqzRErLxqjIDEFeMg2T1RjRW4WFr8PBCtx6jV2OVcl7FF1PGsqzm_lxkSczb_MAqCR-jbRj3dRVZ67P60pxceQW3v1Urvb38FWLUktA-FER3KlZY6cCctaZT7pK0KDvqxX2-J9JYdDSgOLZpn0r-pGnpKv5jrnSam8jIp0ZbpeF_waRudEWfJMeiF=w461-h346-no\" alt=\"imagem\" \/><!--more-->&#8220;N\u00e3o h\u00e1 nada mais parecido com um fascista do que um burgu\u00eas assustado&#8221; (Bertold Brecht)<\/p>\n<p>O PCB vem a p\u00fablico manifestar seu mais forte rep\u00fadio \u00e0 a\u00e7\u00e3o violenta, truculenta e repressora da Brigada Militar (BM) durante as atividades da Greve Geral em Porto Alegre no dia 14 de junho. Obedecendo ao Governador Eduardo Leite (PSDB), subordinado a Bolsonaro, a BM, subserviente aos interesses dos empres\u00e1rios, utilizou de diversas formas de viol\u00eancia contra manifestantes que estavam lutando contra a reforma da previd\u00eancia, a qual ir\u00e1 prejudicar tamb\u00e9m os pr\u00f3prios militares que ali reprimiam ativistas.<\/p>\n<p>A deten\u00e7\u00e3o de 54 ativistas, dentre estes militantes do PCB e de coletivos partid\u00e1rios, tem o \u00fanico intuito de intimidar a classe trabalhadora que se insurge cada dia com mais for\u00e7a contra o governo fascista e ultraliberal de Bolsonaro, assim como se insurge contra o governo privatista e antipovo de Eduardo Leite. Enquanto a classe trabalhadora se levanta contra a mis\u00e9ria e retirada de direitos, a BM, a mando de governos e empres\u00e1rios, violenta o povo para garantir o lucro dos ricos, inclusive a empresa de \u00f4nibus VTC, que forneceu, de &#8220;muito bom grado&#8221;, um de seus ve\u00edculos para deslocamento dos detidos, ou seja, uma a\u00e7\u00e3o articulada entre a BM e os milion\u00e1rios donos das empresas de transporte p\u00fablico que se enriquecem com a explora\u00e7\u00e3o dos trabalhadores e trabalhadoras.<\/p>\n<p>O direito aos protestos populares e ao instrumento de greve s\u00e3o batalhas hist\u00f3ricas de comunistas no mundo todo. Todas e todos que foram \u00e0s ruas nesta Greve Geral, dos piquetes ao ato de encerramento, demonstraram sua disposi\u00e7\u00e3o \u00e0 luta revolucion\u00e1ria! Nos solidarizamos com todas e todos que foram detidos pela a\u00e7\u00e3o violenta da BM nas atividades do 14J e saudamos todos e todas que se mobilizaram para a libera\u00e7\u00e3o dos ativistas presos, especialmente ao grupo de advogados que l\u00e1 esteve presente e apoiadores que n\u00e3o arredaram o p\u00e9 at\u00e9 que todos e todas estivessem soltos.<\/p>\n<p>N\u00e3o v\u00e3o nos calar! A repress\u00e3o n\u00e3o far\u00e1 arredarmos p\u00e9 da luta da classe trabalhadora contra a ditadura da burguesia.<br \/>\nPelo Poder Popular!<\/p>\n<p>Porto Alegre, 17 de junho de 2019.<\/p>\n<p>Comit\u00ea Regional do PCB-RS<\/p>\n","protected":false},"excerpt":{"rendered":"<a class=\"moretag\" href=\"https:\/\/pcb.org.br\/portal2\/23392\"> <\/a>","protected":false},"author":1,"featured_media":0,"comment_status":"closed","ping_status":"closed","sticky":false,"template":"","format":"standard","meta":{"jetpack_post_was_ever_published":false,"_jetpack_newsletter_access":"","_jetpack_dont_email_post_to_subs":false,"_jetpack_newsletter_tier_id":0,"_jetpack_memberships_contains_paywalled_content":false,"_jetpack_memberships_contains_paid_content":false,"footnotes":"","jetpack_publicize_message":"","jetpack_publicize_feature_enabled":true,"jetpack_social_post_already_shared":true,"jetpack_social_options":{"image_generator_settings":{"template":"highway","default_image_id":0,"font":"","enabled":false},"version":2}},"categories":[5],"tags":[221,246],"class_list":["post-23392","post","type-post","status-publish","format-standard","hentry","category-s4-pcb","tag-2a","tag-np"],"jetpack_publicize_connections":[],"jetpack_featured_media_url":"","jetpack_shortlink":"https:\/\/wp.me\/p659gw-65i","jetpack-related-posts":[],"jetpack_likes_enabled":true,"jetpack_sharing_enabled":true,"_links":{"self":[{"href":"https:\/\/pcb.org.br\/portal2\/wp-json\/wp\/v2\/posts\/23392","targetHints":{"allow":["GET"]}}],"collection":[{"href":"https:\/\/pcb.org.br\/portal2\/wp-json\/wp\/v2\/posts"}],"about":[{"href":"https:\/\/pcb.org.br\/portal2\/wp-json\/wp\/v2\/types\/post"}],"author":[{"embeddable":true,"href":"https:\/\/pcb.org.br\/portal2\/wp-json\/wp\/v2\/users\/1"}],"replies":[{"embeddable":true,"href":"https:\/\/pcb.org.br\/portal2\/wp-json\/wp\/v2\/comments?post=23392"}],"version-history":[{"count":0,"href":"https:\/\/pcb.org.br\/portal2\/wp-json\/wp\/v2\/posts\/23392\/revisions"}],"wp:attachment":[{"href":"https:\/\/pcb.org.br\/portal2\/wp-json\/wp\/v2\/media?parent=23392"}],"wp:term":[{"taxonomy":"category","embeddable":true,"href":"https:\/\/pcb.org.br\/portal2\/wp-json\/wp\/v2\/categories?post=23392"},{"taxonomy":"post_tag","embeddable":true,"href":"https:\/\/pcb.org.br\/portal2\/wp-json\/wp\/v2\/tags?post=23392"}],"curies":[{"name":"wp","href":"https:\/\/api.w.org\/{rel}","templated":true}]}}