{"id":2341,"date":"2012-01-30T16:42:23","date_gmt":"2012-01-30T16:42:23","guid":{"rendered":"http:\/\/pcb.org.br\/portal2\/?p=2341"},"modified":"2012-01-30T16:42:23","modified_gmt":"2012-01-30T16:42:23","slug":"ira-corta-suas-exportacoes-de-petroleo-a-uniao-europeia","status":"publish","type":"post","link":"https:\/\/pcb.org.br\/portal2\/2341","title":{"rendered":"Ir\u00e3 corta suas exporta\u00e7\u00f5es de petr\u00f3leo \u00e0 Uni\u00e3o Europeia"},"content":{"rendered":"\n<p>O servilismo da UE aos\u00a0ditames do governo estado-unidense manifestou-se, mais uma vez, na decis\u00e3o de 23 de Janeiro de sancionar o Ir\u00e3. Verifica-se que as press\u00f5es do governo Obama encontraram plena aquiesc\u00eancia. Mas este tiro poder\u00e1 sair pela culatra. A mais penalizada por tal decis\u00e3o ser\u00e1 a pr\u00f3pria Europa e n\u00e3o o Ir\u00e3. N\u00e3o faltam compradores para o petr\u00f3leo iraniano \u2014 mas os pa\u00edses europeus que importavam petr\u00f3leo do Ir\u00e3 ter\u00e3o agora de ir busc\u00e1-lo mais longe e mais caro.<\/p>\n<p>Quanto ao congelamento dos ativos do Banco Central do Ir\u00e3, foi uma mera palha\u00e7ada psicol\u00f3gica da UE pois o BCI n\u00e3o tem nem um centavo depositado em bancos europeus. Al\u00e9m disso, tal medida contribuiu para descredibilizar \u2013 ainda mais \u2013 o j\u00e1 debilitado sistema banc\u00e1rio europeu. Bem fez o Presidente Ch\u00e1vez quando mandou retirar todos os ativos venezuelanos depositados\u00a0nos bancos\u00a0europeus.<\/p>\n<p><a href=\"http:\/\/resistir.info\/\" target=\"_blank\">Resistir.info<\/a>\ufeff<\/p>\n<p>TEER\u00c3 (FNA) \u2013 Membros do Parlamento iraniano conclu\u00edram um projecto de lei sobre o corte das exporta\u00e7\u00f5es de petr\u00f3leo do pa\u00eds para estados europeus, como retalia\u00e7\u00e3o pelo embargo de petr\u00f3leo da UE contra Teer\u00e3, declarou s\u00e1bado, 28, um deputado iraniano.<\/p>\n<p>&#8220;O\u00a0texto aprovado\u00a0tem quatro artigos, incluindo um que declara que a Rep\u00fablica Isl\u00e2mica do Ir\u00e3 cortar\u00e1 todas as exporta\u00e7\u00f5es de petr\u00f3leo para os estados europeus at\u00e9 que estes cessem suas san\u00e7\u00f5es contra o pa\u00eds&#8221;, disse o vice-presidente da Comiss\u00e3o de Energia do Parlamento, Nasser Soudani.<\/p>\n<p>Por outro lado, acrescentou, outro artigo exige que o governo cesse de importar mercadorias dos pa\u00edses envolvidos nestas san\u00e7\u00f5es contra o Ir\u00e3.<\/p>\n<p>Ap\u00f3s meses de debates, os estados membros da UE, na sua reuni\u00e3o de 23 de Janeiro, alcan\u00e7aram finalmente um acordo para sancionar importa\u00e7\u00f5es de petr\u00f3leo do Ir\u00e3 e congelar os ativos do Banco Central do Ir\u00e3 dentro da UE.<\/p>\n<p>A seguir \u00e0 decis\u00e3o, a respons\u00e1vel pela pol\u00edtica externa da UE, Catherine Ashton, afirmou que as san\u00e7\u00f5es destinam-se a pressionar o Ir\u00e3 a retornar \u00e0s conversa\u00e7\u00f5es sobre o seu programa nuclear.<\/p>\n<p>Contudo, apesar das afirma\u00e7\u00f5es de Ashton, o Ir\u00e3 sempre sublinhou estar preparado para retomar conversa\u00e7\u00f5es com o Ocidente mas tem enfatizado que nunca aceitar\u00e1 quaisquer pr\u00e9-condi\u00e7\u00f5es para as mesmas.<\/p>\n<p>O ministro iraniano do Petr\u00f3leo, numa declara\u00e7\u00e3o segunda-feira passada, minimizou os efeitos das san\u00e7\u00f5es petrol\u00edferas unilaterais dos EUA e da UE contra Teer\u00e3, considerando que tais embargos apenas prejudicar\u00e3o as economias europeias.<\/p>\n<p>&#8220;A apressada decis\u00e3o de estados da UE de utilizarem o petr\u00f3leo como ferramenta pol\u00edtica ter\u00e1 um impacto negativo sobre a economia mundial e especialmente sobre a recupera\u00e7\u00e3o de economias europeias que est\u00e3o a combater para ultrapassar a crise financeira global&#8221;, declarou o ministro. E acrescentou que apenas 18 por cento do petr\u00f3leo produzido pelo Ir\u00e3 \u00e9 exportado para pa\u00edses europeus.<\/p>\n<p><strong>O original encontra-se em\u00a0<a href=\"http:\/\/english.farsnews.com\/newstext.php?nn=9010172771\" target=\"_blank\">http:\/\/english.farsnews.com\/newstext.php?nn=9010172771<\/a> <\/strong><\/p>\n<p><strong>Esta not\u00edcia encontra-se em\u00a0<a href=\"http:\/\/resistir.info\/\" target=\"_blank\">http:\/\/resistir.info\/<\/a> .<\/strong><\/p>\n","protected":false},"excerpt":{"rendered":"\n\n\nCr\u00e9dito: Resistir.info\n\n\n\n\n\n\n\n\n<a class=\"moretag\" href=\"https:\/\/pcb.org.br\/portal2\/2341\"> <\/a>","protected":false},"author":1,"featured_media":0,"comment_status":"open","ping_status":"open","sticky":false,"template":"","format":"standard","meta":{"jetpack_post_was_ever_published":false,"_jetpack_newsletter_access":"","_jetpack_dont_email_post_to_subs":false,"_jetpack_newsletter_tier_id":0,"_jetpack_memberships_contains_paywalled_content":false,"_jetpack_memberships_contains_paid_content":false,"footnotes":"","jetpack_publicize_message":"","jetpack_publicize_feature_enabled":true,"jetpack_social_post_already_shared":false,"jetpack_social_options":{"image_generator_settings":{"template":"highway","default_image_id":0,"font":"","enabled":false},"version":2}},"categories":[38],"tags":[],"class_list":["post-2341","post","type-post","status-publish","format-standard","hentry","category-c43-imperialismo"],"jetpack_publicize_connections":[],"jetpack_featured_media_url":"","jetpack_shortlink":"https:\/\/wp.me\/p659gw-BL","jetpack-related-posts":[],"jetpack_likes_enabled":true,"jetpack_sharing_enabled":true,"_links":{"self":[{"href":"https:\/\/pcb.org.br\/portal2\/wp-json\/wp\/v2\/posts\/2341","targetHints":{"allow":["GET"]}}],"collection":[{"href":"https:\/\/pcb.org.br\/portal2\/wp-json\/wp\/v2\/posts"}],"about":[{"href":"https:\/\/pcb.org.br\/portal2\/wp-json\/wp\/v2\/types\/post"}],"author":[{"embeddable":true,"href":"https:\/\/pcb.org.br\/portal2\/wp-json\/wp\/v2\/users\/1"}],"replies":[{"embeddable":true,"href":"https:\/\/pcb.org.br\/portal2\/wp-json\/wp\/v2\/comments?post=2341"}],"version-history":[{"count":0,"href":"https:\/\/pcb.org.br\/portal2\/wp-json\/wp\/v2\/posts\/2341\/revisions"}],"wp:attachment":[{"href":"https:\/\/pcb.org.br\/portal2\/wp-json\/wp\/v2\/media?parent=2341"}],"wp:term":[{"taxonomy":"category","embeddable":true,"href":"https:\/\/pcb.org.br\/portal2\/wp-json\/wp\/v2\/categories?post=2341"},{"taxonomy":"post_tag","embeddable":true,"href":"https:\/\/pcb.org.br\/portal2\/wp-json\/wp\/v2\/tags?post=2341"}],"curies":[{"name":"wp","href":"https:\/\/api.w.org\/{rel}","templated":true}]}}