{"id":23426,"date":"2019-06-21T01:33:42","date_gmt":"2019-06-21T04:33:42","guid":{"rendered":"https:\/\/pcb.org.br\/portal2\/?p=23426"},"modified":"2019-06-21T01:33:42","modified_gmt":"2019-06-21T04:33:42","slug":"14j-breve-balanco-e-orientacao-pra-luta","status":"publish","type":"post","link":"https:\/\/pcb.org.br\/portal2\/23426","title":{"rendered":"14J: breve balan\u00e7o e orienta\u00e7\u00e3o pra luta"},"content":{"rendered":"<p><img decoding=\"async\" class=\"imagem\" title=\"imagem\" src=\"https:\/\/i0.wp.com\/lh3.googleusercontent.com\/pFgBx1gV_K3xp_L1Q24JDKxRzmaQVd4aJ_ucc4XEGtzJMTWA8DqEhQO110nCKKF-dYQW-_ymyZpqOYhcq5AzS5roGbylt8z2zUFijaXUXDL7VSH3mpZ8cFxyxhcbIgyKCpVmPGerESx-TmbCS3szIgb9QEosVy9Kw6B_SqV1tVpILDnhekgBxF4ecb67k_-ehTAm_gPZNgzOKAqlKjGIEU-mVjNYNUp5Rr3y0cyeqNn3-78J_kaBZNMsj-TckbvarwGyIu7GPSQiMLHxdIng-raGk1Sp_kmAPru3M37IQFaduwj_dDiKFLHkSGB-hZzQWHpGxJ1eOKVEzIpXrhJjDozkt9UV7DU4SDloGDDCQxJS42AlrpHe0fBebbahfJc9nGzVoLOqMssRj-04pokJFYAQoKuElMLSyxowULIdBpMeJbAZ-OHf3AnZMRZrOHpbODDLFeL2OeawARVxS0vb5pG1awSmclUWRfF_oY_zzaZ-13iHnuIGwWCvnEZv8-YQtahh_tFVA_cYTHI0urEAww8dOr0H9KQ4dtJrJDp3v-IkUy6PtXpc0CwdDz-ssEsZtFPHji7qB6uR4GgrKt_xOMupi1qONxi5CKVuZEJvvmEXlox3HFKzfdBVyf6-7tZL_baHhlm4opfdHqZHopq9BzLfZHzGK_J0=w720-h430-no\" alt=\"imagem\" \/><!--more-->Coordena\u00e7\u00e3o Nacional da Unidade Classista<\/p>\n<p>Ap\u00f3s meses de organiza\u00e7\u00e3o, realizamos mais um dia de greves. O dia 14\/06 foi mais um passo importante para a luta contra a reforma da previd\u00eancia e para a reorganiza\u00e7\u00e3o da classe trabalhadora.<\/p>\n<p>Um dia antes, o relator do projeto da reforma apresentou seu parecer \u00e0 comiss\u00e3o especial da C\u00e2mara dos Deputados, com altera\u00e7\u00f5es no texto, retirando parte do ataque. Alguns setores do movimento sindical parecem ter se contentado com isso e n\u00e3o participaram como deveriam das lutas no dia 14\/06.<\/p>\n<p>\u00c9 certo que as altera\u00e7\u00f5es no relat\u00f3rio s\u00e3o fruto da press\u00e3o realizada de diversas formas sobre os deputados, principalmente com o an\u00fancio da greve geral e com as greves e manifesta\u00e7\u00f5es de 15 e 30\/05. Por\u00e9m, as mudan\u00e7as s\u00e3o apenas e t\u00e3o somente vit\u00f3rias parciais, pois observamos que a espinha dorsal do projeto permanece intacta e que o nefasto sistema de capitaliza\u00e7\u00e3o retirado da proposta deve retornar com for\u00e7a nos debates do plen\u00e1rio.<\/p>\n<p>O dia 14\/06 foi realmente importante, mas s\u00f3 aconteceu porque os setores mais avan\u00e7ados da classe trabalhadora decidiram mant\u00ea-lo, a despeito do recuo de outros. Trabalhadores da educa\u00e7\u00e3o, servidores p\u00fablicos, banc\u00e1rios, metal\u00fargicos, metrovi\u00e1rios e petroleiros protagonizaram a greve geral. A maioria das greves nestes setores foi inclusive realizada sem a necessidade de piquetes.<\/p>\n<p>Outro destaque positivo foi a participa\u00e7\u00e3o de milhares de trabalhadores e estudantes que novamente foram \u00e0s ruas em mais de trezentas cidades para lutar contra a reforma da previd\u00eancia, em defesa da educa\u00e7\u00e3o, contra a privatiza\u00e7\u00e3o das refinarias, contra a entrega das riquezas do pr\u00e9-sal e contra tudo o que representa o nefasto governo de Jair Bolsonaro.<\/p>\n<p>Por outro lado, tivemos baix\u00edssima participa\u00e7\u00e3o dos demais setores da classe trabalhadora, que por diversos motivos, incluindo a criminaliza\u00e7\u00e3o do setor de transportes rodovi\u00e1rios por meio de liminares, n\u00e3o participaram efetivamente da greve. Para reverter tal quadro para a pr\u00f3xima batalha, reafirmamos que n\u00e3o h\u00e1 como avan\u00e7ar sem a\u00e7\u00f5es bem planejadas, que extrapolem a mera interven\u00e7\u00e3o das dire\u00e7\u00f5es sindicais junto \u00e0s bases, pois no caso da maioria delas este movimento significa um retorno ao lugar de onde sa\u00edram h\u00e1 muito tempo.<\/p>\n<p>Mais do que nunca \u00e9 necess\u00e1rio intensificar os esfor\u00e7os na constru\u00e7\u00e3o do F\u00d3RUM SINDICAL, POPULAR E DE JUVENTUDE, dos F\u00d3RUNS DE LUTA EM DEFESA DAS APOSENTADORIAS, das FRENTES SINDICAIS CLASSISTAS e dos TERRIT\u00d3RIOS SEM MEDO, pois a partir destes espa\u00e7os, organizamos e impulsionamos a\u00e7\u00f5es de forma\u00e7\u00e3o e mobiliza\u00e7\u00e3o da classe.<\/p>\n<p>A greve geral de 14\/06 foi sem d\u00favida um passo importante na luta para barrar a reforma da previd\u00eancia, mas ainda ficou aqu\u00e9m de nossas necessidades. A reforma continua tramitando e, para barr\u00e1-la, precisamos organizar ainda melhor a pr\u00f3xima greve e o conjunto da classe trabalhadora para a luta!<\/p>\n<p>Avante camaradas!<br \/>\nConstruir a Greve Geral e Reorganizar a Classe Trabalhadora!<br \/>\nUnidade Classista, futuro socialista!<\/p>\n","protected":false},"excerpt":{"rendered":"<a class=\"moretag\" href=\"https:\/\/pcb.org.br\/portal2\/23426\"> <\/a>","protected":false},"author":1,"featured_media":0,"comment_status":"closed","ping_status":"closed","sticky":false,"template":"","format":"standard","meta":{"jetpack_post_was_ever_published":false,"_jetpack_newsletter_access":"","_jetpack_dont_email_post_to_subs":false,"_jetpack_newsletter_tier_id":0,"_jetpack_memberships_contains_paywalled_content":false,"_jetpack_memberships_contains_paid_content":false,"footnotes":"","jetpack_publicize_message":"","jetpack_publicize_feature_enabled":true,"jetpack_social_post_already_shared":true,"jetpack_social_options":{"image_generator_settings":{"template":"highway","default_image_id":0,"font":"","enabled":false},"version":2}},"categories":[31],"tags":[222],"class_list":["post-23426","post","type-post","status-publish","format-standard","hentry","category-c31-unidade-classista","tag-2b"],"jetpack_publicize_connections":[],"jetpack_featured_media_url":"","jetpack_shortlink":"https:\/\/wp.me\/p659gw-65Q","jetpack-related-posts":[],"jetpack_likes_enabled":true,"jetpack_sharing_enabled":true,"_links":{"self":[{"href":"https:\/\/pcb.org.br\/portal2\/wp-json\/wp\/v2\/posts\/23426","targetHints":{"allow":["GET"]}}],"collection":[{"href":"https:\/\/pcb.org.br\/portal2\/wp-json\/wp\/v2\/posts"}],"about":[{"href":"https:\/\/pcb.org.br\/portal2\/wp-json\/wp\/v2\/types\/post"}],"author":[{"embeddable":true,"href":"https:\/\/pcb.org.br\/portal2\/wp-json\/wp\/v2\/users\/1"}],"replies":[{"embeddable":true,"href":"https:\/\/pcb.org.br\/portal2\/wp-json\/wp\/v2\/comments?post=23426"}],"version-history":[{"count":0,"href":"https:\/\/pcb.org.br\/portal2\/wp-json\/wp\/v2\/posts\/23426\/revisions"}],"wp:attachment":[{"href":"https:\/\/pcb.org.br\/portal2\/wp-json\/wp\/v2\/media?parent=23426"}],"wp:term":[{"taxonomy":"category","embeddable":true,"href":"https:\/\/pcb.org.br\/portal2\/wp-json\/wp\/v2\/categories?post=23426"},{"taxonomy":"post_tag","embeddable":true,"href":"https:\/\/pcb.org.br\/portal2\/wp-json\/wp\/v2\/tags?post=23426"}],"curies":[{"name":"wp","href":"https:\/\/api.w.org\/{rel}","templated":true}]}}