{"id":23438,"date":"2019-06-23T00:26:47","date_gmt":"2019-06-23T03:26:47","guid":{"rendered":"https:\/\/pcb.org.br\/portal2\/?p=23438"},"modified":"2019-06-23T00:26:47","modified_gmt":"2019-06-23T03:26:47","slug":"eua-acusacao-perversa-e-imoral-contra-cuba","status":"publish","type":"post","link":"https:\/\/pcb.org.br\/portal2\/23438","title":{"rendered":"EUA: acusa\u00e7\u00e3o perversa e imoral contra Cuba"},"content":{"rendered":"<p><img decoding=\"async\" class=\"imagem\" title=\"imagem\" src=\"https:\/\/i0.wp.com\/pt.granma.cu\/file\/img\/2019\/06\/medium\/f0017103.jpg\" alt=\"imagem\" \/><!--more-->Ra\u00fal Antonio Capote<\/p>\n<p>O escritor uruguaio Eduardo Galeano escreveu em um de seus textos: \u00abAlicia entro no espelho para descobrir o mundo ao avesso. Se a Alicia renascesse nos nossos dias, ela n\u00e3o precisaria passar por nenhum espelho: bastaria sair \u00e0 janela\u00bb. [1]<\/p>\n<p>O mundo est\u00e1 de cabe\u00e7a para baixo, \u00e9 isso que querem aqueles que acreditam ser os donos do universo e pretendem, com absoluta perversidade, transformar a mentira na verdade, de tanto repeti-la.<\/p>\n<p>Os Estados Unidos inclu\u00edram nesta quinta-feira, 20 de junho, Cuba e Ar\u00e1bia Saudita em sua \u2018lista negra\u2019 de pa\u00edses que n\u00e3o fazem o suficiente para combater o tr\u00e1fico de pessoas, uma medida que pode levar \u00e0 imposi\u00e7\u00e3o de san\u00e7\u00f5es, e na qual manteve a Venezuela, a R\u00fassia, Ir\u00e3 e a Coreia do Norte.<\/p>\n<p>A resposta do nosso presidente Miguel D\u00edaz-Canel n\u00e3o esperou, em sua conta na rede social Twitter, em nome de todos os dignos cubanos, ele escreveu: \u00abMais mentiras e cal\u00fanias dos Estados Unidos, ao considerar Cuba na pior categoria em seu relat\u00f3rio de tr\u00e1fico, atacando a colabora\u00e7\u00e3o m\u00e9dica cubana, um exemplo de solidariedade, humanidade e coopera\u00e7\u00e3o nobre e leg\u00edtima entre os pa\u00edses do Sul\u00bb.<\/p>\n<p>O trabalho da colabora\u00e7\u00e3o m\u00e9dica cubana \u00e9 t\u00e3o humano, t\u00e3o belo, que eles t\u00eam que atac\u00e1-lo, incomoda-lhes que, no meio do senhorio da perversidade e da desonra com que pretendem dominar o mundo, a insubstancial Ilha traga luz \u00e0 escurid\u00e3o e sa\u00fade para quem sofre.<\/p>\n<p>Nada incomoda mais o ego\u00edsmo do que o altru\u00edsmo, nada irrita mais o indigno do que a dignidade, nada perturba mais os imp\u00e9rios do que a insubordina\u00e7\u00e3o.<\/p>\n<p>\u00abEu rejeito a classifica\u00e7\u00e3o arbitr\u00e1ria e unilateral dos EUA, colocando Cuba na pior categoria de seu relat\u00f3rio sobre o tr\u00e1fico de pessoas. \u00c9 outra cal\u00fania para justificar novas medidas de hostilidade. EUA carece de autoridade moral para fazer avalia\u00e7\u00f5es ou qualifica\u00e7\u00f5es de pa\u00edses\u00bb, compartilhou o nosso ministro das Rela\u00e7\u00f5es Exteriores, Bruno Rodr\u00edguez Parrilla, no Twitter.<\/p>\n<p>\u00abCuba se distingue por uma pol\u00edtica de toler\u00e2ncia zero e desempenho exemplar na preven\u00e7\u00e3o e no combate ao tr\u00e1fico de pessoas com baixa incid\u00eancia desse flagelo. S\u00e3o resultados associados \u00e0s nossas conquistas sociais e seguran\u00e7a cidad\u00e3 e igualdade de oportunidades\u00bb, acrescentou.<\/p>\n<p>Quem manteve por anos a infame Lei de Ajuste Cubano, uma verdadeira incita\u00e7\u00e3o ao tr\u00e1fico e ao tr\u00e1fico de pessoas? Quem recentemente invalidou o acordo entre a Federa\u00e7\u00e3o Cubana de Beisebol (FCB) e a Major League Baseball (MLB) cujo principal objetivo era acabar com o tr\u00e1fico de jogadores, uma a\u00e7\u00e3o que foi considerada um golpe real, por todas as pessoas sensatas deste planeta?<\/p>\n<p>\u00c9 casual que nesta lista arbitr\u00e1ria estejam os pa\u00edses contra os quais mais san\u00e7\u00f5es unilaterais foram impostas pelos EUA?<\/p>\n<p>O caos \u00e9 fomentado a partir da Casa Branca, os patifes, membros daquela \u00absoberba casta\u00bb que Jos\u00e9 Mart\u00ed t\u00e3o bem descreveu em sua cr\u00f4nica para La Opinion Nacional, de Caracas, em 1881, precisam de um mundo \u00abde cabe\u00e7a para baixo\u00bb, no qual a reviravolta dos valores mais sagrados do ser humano seja tal que as pessoas n\u00e3o consigam distinguir a verdade da mentira e quando olhem pela janela, como a Alice na famosa hist\u00f3ria, vejam o mundo da maneira que eles querem.<\/p>\n<p>[1] Eduardo Galeano. Patas arriba. La escuela del mundo al rev\u00e9s.<\/p>\n<p>Ismael Batista<\/p>\n","protected":false},"excerpt":{"rendered":"<a class=\"moretag\" href=\"https:\/\/pcb.org.br\/portal2\/23438\"> <\/a>","protected":false},"author":1,"featured_media":0,"comment_status":"closed","ping_status":"closed","sticky":false,"template":"","format":"standard","meta":{"jetpack_post_was_ever_published":false,"_jetpack_newsletter_access":"","_jetpack_dont_email_post_to_subs":false,"_jetpack_newsletter_tier_id":0,"_jetpack_memberships_contains_paywalled_content":false,"_jetpack_memberships_contains_paid_content":false,"footnotes":"","jetpack_publicize_message":"","jetpack_publicize_feature_enabled":true,"jetpack_social_post_already_shared":true,"jetpack_social_options":{"image_generator_settings":{"template":"highway","default_image_id":0,"font":"","enabled":false},"version":2}},"categories":[48],"tags":[227],"class_list":["post-23438","post","type-post","status-publish","format-standard","hentry","category-c58-cuba","tag-5a"],"jetpack_publicize_connections":[],"jetpack_featured_media_url":"","jetpack_shortlink":"https:\/\/wp.me\/p659gw-662","jetpack-related-posts":[],"jetpack_likes_enabled":true,"jetpack_sharing_enabled":true,"_links":{"self":[{"href":"https:\/\/pcb.org.br\/portal2\/wp-json\/wp\/v2\/posts\/23438","targetHints":{"allow":["GET"]}}],"collection":[{"href":"https:\/\/pcb.org.br\/portal2\/wp-json\/wp\/v2\/posts"}],"about":[{"href":"https:\/\/pcb.org.br\/portal2\/wp-json\/wp\/v2\/types\/post"}],"author":[{"embeddable":true,"href":"https:\/\/pcb.org.br\/portal2\/wp-json\/wp\/v2\/users\/1"}],"replies":[{"embeddable":true,"href":"https:\/\/pcb.org.br\/portal2\/wp-json\/wp\/v2\/comments?post=23438"}],"version-history":[{"count":0,"href":"https:\/\/pcb.org.br\/portal2\/wp-json\/wp\/v2\/posts\/23438\/revisions"}],"wp:attachment":[{"href":"https:\/\/pcb.org.br\/portal2\/wp-json\/wp\/v2\/media?parent=23438"}],"wp:term":[{"taxonomy":"category","embeddable":true,"href":"https:\/\/pcb.org.br\/portal2\/wp-json\/wp\/v2\/categories?post=23438"},{"taxonomy":"post_tag","embeddable":true,"href":"https:\/\/pcb.org.br\/portal2\/wp-json\/wp\/v2\/tags?post=23438"}],"curies":[{"name":"wp","href":"https:\/\/api.w.org\/{rel}","templated":true}]}}