{"id":23523,"date":"2019-07-04T18:26:53","date_gmt":"2019-07-04T21:26:53","guid":{"rendered":"https:\/\/pcb.org.br\/portal2\/?p=23523"},"modified":"2019-07-04T18:26:53","modified_gmt":"2019-07-04T21:26:53","slug":"petroleiros-em-defesa-do-refino-e-da-previdencia","status":"publish","type":"post","link":"https:\/\/pcb.org.br\/portal2\/23523","title":{"rendered":"Petroleiros: em defesa do refino e da previd\u00eancia!"},"content":{"rendered":"<p><img decoding=\"async\" class=\"imagem\" title=\"imagem\" src=\"https:\/\/i0.wp.com\/www.sindipetrolp.org.br\/arquivo\/thumb\/noticias\/a8285333251502a42970_465x313_1_1_1_1.jpg\" alt=\"imagem\" \/><!--more-->Sindicato dos Petroleiros do Litoral Paulista<\/p>\n<p>Os petroleiros se somar\u00e3o ao Dia Nacional de Luta Contra a Reforma da Previd\u00eancia, no pr\u00f3ximo dia 12 de julho, paralisando diversas unidades da Petrobr\u00e1s espalhadas pelo pa\u00eds. Sob duro ataque do governo Bolsonaro, que anunciou recentemente a venda de oito refinarias da estatal, os petroleiros t\u00eam comparecido a todos os protestos e mobiliza\u00e7\u00f5es sociais. Al\u00e9m de fortalecer a luta em defesa das aposentadorias e da educa\u00e7\u00e3o p\u00fablica, a inten\u00e7\u00e3o \u00e9 tamb\u00e9m pautar a defesa da soberania nacional.<\/p>\n<p>De acordo com as centrais, que convocaram o dia 12 de forma unit\u00e1ria, a principal atividade ser\u00e1 o ato nacional em Bras\u00edlia. Reeditando o que se viu nos atos em defesa da educa\u00e7\u00e3o, nos dias 15 e 30 de maio, e na greve geral, no dia 14 de junho, o protesto ter\u00e1 em peso a presen\u00e7a de estudantes e trabalhadores da educa\u00e7\u00e3o. Tamb\u00e9m est\u00e3o sendo indicadas mobiliza\u00e7\u00f5es nos estados e cidades, com a coleta do abaixo-assinado contra a reforma. Como demonstrou S\u00e9rgio Pardal Freudenthal, em artigo recente no Jornal A Tribuna, a mobiliza\u00e7\u00e3o se faz necess\u00e1ria porque ainda restam muitas maldades, mesmo ap\u00f3s o novo texto apresentado pelo relator da reforma no Congresso Nacional, o deputado federal tucano Samuel Moreira.<\/p>\n<p>Em plena campanha reivindicat\u00f3ria, cujo eixo \u00e9 a palavra de ordem \u201cNenhum direito a menos\u201d, os petroleiros vivem um dos momentos hist\u00f3ricos mais delicados e importantes de sua hist\u00f3ria. Para tornar a companhia mais atrativa ao mercado e assim facilitar a venda de ativos estrat\u00e9gicos, como refinarias, gasodutos e outras subsidi\u00e1rias, al\u00e9m do pr\u00f3prio pr\u00e9-sal por meio dos leil\u00f5es do petr\u00f3leo, a dire\u00e7\u00e3o da empresa vem tentando destruir direitos e avan\u00e7os hist\u00f3ricos da categoria. O objetivo est\u00e1 tra\u00e7ado: privatizar aos peda\u00e7os a maior empresa do pa\u00eds.<\/p>\n<p>Um defensor confesso da privatiza\u00e7\u00e3o completa da Petrobr\u00e1s, o presidente da empresa, Roberto Castello Branco, prop\u00f4s aos trabalhadores reajuste zero nos sal\u00e1rios, extin\u00e7\u00e3o e cortes de diversos benef\u00edcios, e exclus\u00e3o de 25 cl\u00e1usulas que hoje constam no Acordo Coletivo de Trabalho (ACT).<\/p>\n<p>Nas d\u00e9cadas de 1960 e 1970, o desafio foi manter o movimento sindical petroleiro de p\u00e9 mesmo em plena ditadura; na d\u00e9cada de 1990 e in\u00edcio dos anos 2000 o desafio foi impedir a privatiza\u00e7\u00e3o da Petrobr\u00e1s; hoje, se imp\u00f5e a necessidade de enfrentar um governo que se inspira no autoritarismo dos anos de chumbo e se prop\u00f5e a aplicar um programa ainda mais neoliberal que o de FHC.<\/p>\n<p>E a hist\u00f3ria vem demonstrando que \u00e9 poss\u00edvel resistir aos ataques que, desde a funda\u00e7\u00e3o da Petrobr\u00e1s, os entreguistas vem desferindo contra um dos maiores patrim\u00f4nios do pa\u00eds. O resgate da ind\u00fastria nacional, com a gera\u00e7\u00e3o de emprego e renda aos trabalhadores, e gera\u00e7\u00e3o de recursos para o Estado investir em educa\u00e7\u00e3o e sa\u00fade, passa em boa medida pela preserva\u00e7\u00e3o da Petrobr\u00e1s e do pr\u00e9-sal nas m\u00e3os dos brasileiros.<\/p>\n<p>Por isso, a tarefa dos petroleiros tem sido construir a unidade nacional da categoria, mas tamb\u00e9m se incorporar a todas as lutas nacionais dos trabalhadores, dos explorados e oprimidos. Se h\u00e1 um caminho que o recente e vitorioso ciclo de lutas apontou \u00e9 o da unidade. No dia 12 de julho, os petroleiros ir\u00e3o defender as refinarias e o direito \u00e0 aposentadoria.<\/p>\n<p>http:\/\/www.sindipetrolp.org.br\/noticias\/26775\/petroleiros-irao-engrossar-mobilizacao-de-12-de-julho-em-defesa-do-refino-e-da-previdencia<\/p>\n","protected":false},"excerpt":{"rendered":"<a class=\"moretag\" href=\"https:\/\/pcb.org.br\/portal2\/23523\"> <\/a>","protected":false},"author":1,"featured_media":0,"comment_status":"closed","ping_status":"closed","sticky":false,"template":"","format":"standard","meta":{"jetpack_post_was_ever_published":false,"_jetpack_newsletter_access":"","_jetpack_dont_email_post_to_subs":false,"_jetpack_newsletter_tier_id":0,"_jetpack_memberships_contains_paywalled_content":false,"_jetpack_memberships_contains_paid_content":false,"footnotes":"","jetpack_publicize_message":"","jetpack_publicize_feature_enabled":true,"jetpack_social_post_already_shared":true,"jetpack_social_options":{"image_generator_settings":{"template":"highway","default_image_id":0,"font":"","enabled":false},"version":2}},"categories":[21,241,15],"tags":[221],"class_list":["post-23523","post","type-post","status-publish","format-standard","hentry","category-c35-o-petroleo-tem-que-ser-nosso","category-previdencia-social","category-s18-sindical","tag-2a"],"jetpack_publicize_connections":[],"jetpack_featured_media_url":"","jetpack_shortlink":"https:\/\/wp.me\/p659gw-67p","jetpack-related-posts":[],"jetpack_likes_enabled":true,"jetpack_sharing_enabled":true,"_links":{"self":[{"href":"https:\/\/pcb.org.br\/portal2\/wp-json\/wp\/v2\/posts\/23523","targetHints":{"allow":["GET"]}}],"collection":[{"href":"https:\/\/pcb.org.br\/portal2\/wp-json\/wp\/v2\/posts"}],"about":[{"href":"https:\/\/pcb.org.br\/portal2\/wp-json\/wp\/v2\/types\/post"}],"author":[{"embeddable":true,"href":"https:\/\/pcb.org.br\/portal2\/wp-json\/wp\/v2\/users\/1"}],"replies":[{"embeddable":true,"href":"https:\/\/pcb.org.br\/portal2\/wp-json\/wp\/v2\/comments?post=23523"}],"version-history":[{"count":0,"href":"https:\/\/pcb.org.br\/portal2\/wp-json\/wp\/v2\/posts\/23523\/revisions"}],"wp:attachment":[{"href":"https:\/\/pcb.org.br\/portal2\/wp-json\/wp\/v2\/media?parent=23523"}],"wp:term":[{"taxonomy":"category","embeddable":true,"href":"https:\/\/pcb.org.br\/portal2\/wp-json\/wp\/v2\/categories?post=23523"},{"taxonomy":"post_tag","embeddable":true,"href":"https:\/\/pcb.org.br\/portal2\/wp-json\/wp\/v2\/tags?post=23523"}],"curies":[{"name":"wp","href":"https:\/\/api.w.org\/{rel}","templated":true}]}}