{"id":23591,"date":"2019-07-17T04:16:11","date_gmt":"2019-07-17T07:16:11","guid":{"rendered":"https:\/\/pcb.org.br\/portal2\/?p=23591"},"modified":"2019-07-17T04:16:11","modified_gmt":"2019-07-17T07:16:11","slug":"toda-solidariedade-aos-comunistas-chilenos","status":"publish","type":"post","link":"https:\/\/pcb.org.br\/portal2\/23591","title":{"rendered":"Toda solidariedade aos comunistas chilenos!"},"content":{"rendered":"<p><img decoding=\"async\" class=\"imagem\" title=\"imagem\" src=\"https:\/\/i0.wp.com\/1.bp.blogspot.com\/-MCG6AYKBwNY\/XCyzLp8F1NI\/AAAAAAAAGVQ\/q3iu8uMvUJ4jrl3EngJJRac0_pOR8C34gCLcBGAs\/s320\/PCChile.jpg\" alt=\"imagem\" \/><!--more-->Partido Comunista do Chile sofre dois atentados<\/p>\n<p>No \u00faltimo final de semana, o Partido Comunista do Chile foi atacado. Ao divulgar o comunicado do Comit\u00ea Central do PCCh, que segue abaixo, o Partido Comunista Brasileiro manifesta o seu apoio militante e solid\u00e1rio e se soma aos camaradas chilenos para exigir a imediata investiga\u00e7\u00e3o para a identifica\u00e7\u00e3o dos respons\u00e1veis por esses dois crimes de agress\u00e3o.<\/p>\n<p>Comunicado p\u00fablico do PCC:<\/p>\n<p>Em menos de 48 horas, durante este fim de semana, a sede do Comit\u00ea Central do Partido em Santiago e a sede do comit\u00ea comunal de Calama na segunda regi\u00e3o foram atacadas. Nos dois assaltos, de acordo com a primeira informa\u00e7\u00e3o policial, fica evidente que os agressores fizeram um registro exaustivo e meticuloso de documentos, computadores, carteiras e arm\u00e1rios, inclusive os escrit\u00f3rios do Presidente e do Secret\u00e1rio Geral, da comiss\u00e3o nacional de organiza\u00e7\u00e3o, finan\u00e7as, eleitoral, imprensa, entre outros.<\/p>\n<p>Os assaltantes roubaram computadores, documentos, telefones celulares e dinheiro at\u00e9 agora em grande quantidade. Essas agress\u00f5es ocorrem no contexto de outras situa\u00e7\u00f5es como as vivenciadas h\u00e1 poucos dias pelo jornal The Clinic e pela organiza\u00e7\u00e3o Chile Transparente.<\/p>\n<p>Solicitamos uma investiga\u00e7\u00e3o r\u00e1pida que estabele\u00e7a as causas dessas agress\u00f5es e esperamos a m\u00e1xima velocidade do governo e das autoridades policiais.<\/p>\n<p>Santiago, 15 de Julho de 2019<\/p>\n<p>Escrit\u00f3rio de Imprensa do Partido Comunista do Chile<\/p>\n","protected":false},"excerpt":{"rendered":"<a class=\"moretag\" href=\"https:\/\/pcb.org.br\/portal2\/23591\"> <\/a>","protected":false},"author":1,"featured_media":0,"comment_status":"closed","ping_status":"closed","sticky":false,"template":"","format":"standard","meta":{"jetpack_post_was_ever_published":false,"_jetpack_newsletter_access":"","_jetpack_dont_email_post_to_subs":false,"_jetpack_newsletter_tier_id":0,"_jetpack_memberships_contains_paywalled_content":false,"_jetpack_memberships_contains_paid_content":false,"footnotes":"","jetpack_publicize_message":"","jetpack_publicize_feature_enabled":true,"jetpack_social_post_already_shared":true,"jetpack_social_options":{"image_generator_settings":{"template":"highway","default_image_id":0,"font":"","enabled":false},"version":2}},"categories":[87],"tags":[227],"class_list":["post-23591","post","type-post","status-publish","format-standard","hentry","category-c100-chile","tag-5a"],"jetpack_publicize_connections":[],"jetpack_featured_media_url":"","jetpack_shortlink":"https:\/\/wp.me\/p659gw-68v","jetpack-related-posts":[],"jetpack_likes_enabled":true,"jetpack_sharing_enabled":true,"_links":{"self":[{"href":"https:\/\/pcb.org.br\/portal2\/wp-json\/wp\/v2\/posts\/23591","targetHints":{"allow":["GET"]}}],"collection":[{"href":"https:\/\/pcb.org.br\/portal2\/wp-json\/wp\/v2\/posts"}],"about":[{"href":"https:\/\/pcb.org.br\/portal2\/wp-json\/wp\/v2\/types\/post"}],"author":[{"embeddable":true,"href":"https:\/\/pcb.org.br\/portal2\/wp-json\/wp\/v2\/users\/1"}],"replies":[{"embeddable":true,"href":"https:\/\/pcb.org.br\/portal2\/wp-json\/wp\/v2\/comments?post=23591"}],"version-history":[{"count":0,"href":"https:\/\/pcb.org.br\/portal2\/wp-json\/wp\/v2\/posts\/23591\/revisions"}],"wp:attachment":[{"href":"https:\/\/pcb.org.br\/portal2\/wp-json\/wp\/v2\/media?parent=23591"}],"wp:term":[{"taxonomy":"category","embeddable":true,"href":"https:\/\/pcb.org.br\/portal2\/wp-json\/wp\/v2\/categories?post=23591"},{"taxonomy":"post_tag","embeddable":true,"href":"https:\/\/pcb.org.br\/portal2\/wp-json\/wp\/v2\/tags?post=23591"}],"curies":[{"name":"wp","href":"https:\/\/api.w.org\/{rel}","templated":true}]}}