{"id":23690,"date":"2019-08-01T13:03:02","date_gmt":"2019-08-01T16:03:02","guid":{"rendered":"https:\/\/pcb.org.br\/portal2\/?p=23690"},"modified":"2019-08-01T13:03:02","modified_gmt":"2019-08-01T16:03:02","slug":"kke-barrar-todos-os-processos-anticomunistas","status":"publish","type":"post","link":"https:\/\/pcb.org.br\/portal2\/23690","title":{"rendered":"KKE: Barrar todos os processos anticomunistas!"},"content":{"rendered":"<p><img decoding=\"async\" class=\"imagem\" title=\"imagem\" src=\"https:\/\/i0.wp.com\/inter.kke.gr\/export\/sites\/inter\/.content\/images\/news\/48195027826_26a710ef63_z.jpg_376170967.jpg\" alt=\"imagem\" \/><!--more-->KKE &#8211; Partido Comunista da Gr\u00e9cia<\/p>\n<p>Kostas Papadakis, eurodeputado do KKE, fez uma interven\u00e7\u00e3o sobre os processos anticomunistas na Pol\u00f4nia e na Ucr\u00e2nia, num debate com a comiss\u00e1ria V\u0115raJourov\u00e1 na Comiss\u00e3o das Liberdades Civis, Justi\u00e7a e Assuntos Internos do Parlamento Europeu (LIBE), denunciando as inaceit\u00e1veis respostas da Comiss\u00e1ria a quest\u00f5es relevantes encaminhadas pelo Grupo do KKE no Parlamento Europeu e o interesse hip\u00f3crita da UE em &#8220;direitos humanos&#8221;.<\/p>\n<p>No seu discurso, o eurodeputado do KKE sublinhou o seguinte:<\/p>\n<p>\u201cSenhora Comiss\u00e1ria, numa pergunta recente sobre a posi\u00e7\u00e3o da Comiss\u00e3o Europeia perante o processo inaceit\u00e1vel e anticomunista contra o Partido Comunista da Pol\u00f4nia, o seu jornal e o seu conselho editorial tentaram responder alegando que a Comiss\u00e3o &#8216;reconhece que alguns Estados Membros se adotou uma legisla\u00e7\u00e3o que pro\u00edbe a utiliza\u00e7\u00e3o de s\u00edmbolos do passado comunista&#8217; e que &#8216;a Comiss\u00e3o, no seu \u00e2mbito, sempre se comprometeu firmemente [&#8230;] com a mem\u00f3ria dos regimes totalit\u00e1rios&#8217;. &#8216;Cada Estado-Membro&#8217;, disse voc\u00ea, &#8216;encontrou sua pr\u00f3pria abordagem para lembrar sua hist\u00f3ria&#8217;.<\/p>\n<p>Mrs. Jourov\u00e1, a equipara\u00e7\u00e3o do comunismo ao monstro fascista \u00e9 a-hist\u00f3rica e insubstancial. O que voc\u00ea disse em rela\u00e7\u00e3o ao totalitarismo n\u00e3o tem fundamento, porque, acima de tudo, fascismo e democracia burguesa t\u00eam uma base econ\u00f4mica comum, que \u00e9 a propriedade capitalista. Ao contr\u00e1rio, no socialismo, riqueza e poder est\u00e3o nas m\u00e3os do povo.<\/p>\n<p>Ao mesmo tempo, a UE est\u00e1 fazendo um barulho na Pol\u00f4nia pela &#8216;situa\u00e7\u00e3o no setor da Justi\u00e7a&#8217;, que expressa as crescentes contradi\u00e7\u00f5es dos grandes interesses dentro da UE e d\u00e1 total cobertura \u00e0s leis anticomunistas e aos processos anticomunistas no mesmo pa\u00eds.<\/p>\n<p>O que voc\u00ea tamb\u00e9m tem a dizer sobre o fato de que, em 16 de julho, o Tribunal Constitucional da Ucr\u00e2nia imp\u00f4s uma proibi\u00e7\u00e3o ao Partido Comunista da Ucr\u00e2nia? \u00c9 hip\u00f3crita dizer que n\u00e3o tem qualquer responsabilidade sobre os Estados-Membros ou outros pa\u00edses, uma vez que a UE apoia e financia campanhas com conte\u00fados anticomunistas e n\u00e3o hist\u00f3ricos, como o programa &#8216;Europa para os Cidad\u00e3os&#8217; nos Estados-Membros.<\/p>\n<p>Acontece que a UE usa os &#8216;direitos humanos&#8217; e &#8216;liberdades pol\u00edticas&#8217; como uma ferramenta para interven\u00e7\u00f5es e para proteger os interesses a que serve. Aparece como um &#8216;defensor dos direitos humanos&#8217; supostamente sens\u00edvel e desinteressado, intervindo nos assuntos internos dos Estados em toda a extens\u00e3o do mundo. Aplaude e p\u00f5e a sua marca na escalada do anticomunismo em v\u00e1rios Estados-Membros, o que acompanha a intensidade da sua pol\u00edtica antipopular e contra os trabalhadores. Ao mesmo tempo, procura manchar as conquistas do socialismo na consci\u00eancia dos trabalhadores. Conquistas que os povos experimentaram e ainda relembram com altos \u00edndices de aprova\u00e7\u00e3o, como mostram as pesquisas nesses pa\u00edses, apesar de toda a lama e cal\u00fania.<\/p>\n<p>O anticomunismo n\u00e3o vingar\u00e1!<\/p>\n<p>Tirem as m\u00e3os dos partidos comunistas poloneses e ucranianos, nos pa\u00edses b\u00e1lticos!<\/p>\n<p>Tire as m\u00e3os dos monumentos comunistas e antifascistas e da verdade hist\u00f3rica!<\/p>\n<p>Exigimos que todos os processos anticomunistas parem aqui e agora!&#8221;<\/p>\n<p>Tradu\u00e7\u00e3o: Partido Comunista Brasileiro (PCB)<\/p>\n<p>Fonte: https:\/\/inter.kke.gr\/en\/articles\/All-anti-communist-prosecutions-must-stop\/<\/p>\n","protected":false},"excerpt":{"rendered":"<a class=\"moretag\" href=\"https:\/\/pcb.org.br\/portal2\/23690\"> <\/a>","protected":false},"author":1,"featured_media":0,"comment_status":"closed","ping_status":"closed","sticky":false,"template":"","format":"standard","meta":{"jetpack_post_was_ever_published":false,"_jetpack_newsletter_access":"","_jetpack_dont_email_post_to_subs":false,"_jetpack_newsletter_tier_id":0,"_jetpack_memberships_contains_paywalled_content":false,"_jetpack_memberships_contains_paid_content":false,"footnotes":"","jetpack_publicize_message":"","jetpack_publicize_feature_enabled":true,"jetpack_social_post_already_shared":true,"jetpack_social_options":{"image_generator_settings":{"template":"highway","default_image_id":0,"font":"","enabled":false},"version":2}},"categories":[107],"tags":[228],"class_list":["post-23690","post","type-post","status-publish","format-standard","hentry","category-c120-grecia","tag-5b"],"jetpack_publicize_connections":[],"jetpack_featured_media_url":"","jetpack_shortlink":"https:\/\/wp.me\/p659gw-6a6","jetpack-related-posts":[],"jetpack_likes_enabled":true,"jetpack_sharing_enabled":true,"_links":{"self":[{"href":"https:\/\/pcb.org.br\/portal2\/wp-json\/wp\/v2\/posts\/23690","targetHints":{"allow":["GET"]}}],"collection":[{"href":"https:\/\/pcb.org.br\/portal2\/wp-json\/wp\/v2\/posts"}],"about":[{"href":"https:\/\/pcb.org.br\/portal2\/wp-json\/wp\/v2\/types\/post"}],"author":[{"embeddable":true,"href":"https:\/\/pcb.org.br\/portal2\/wp-json\/wp\/v2\/users\/1"}],"replies":[{"embeddable":true,"href":"https:\/\/pcb.org.br\/portal2\/wp-json\/wp\/v2\/comments?post=23690"}],"version-history":[{"count":0,"href":"https:\/\/pcb.org.br\/portal2\/wp-json\/wp\/v2\/posts\/23690\/revisions"}],"wp:attachment":[{"href":"https:\/\/pcb.org.br\/portal2\/wp-json\/wp\/v2\/media?parent=23690"}],"wp:term":[{"taxonomy":"category","embeddable":true,"href":"https:\/\/pcb.org.br\/portal2\/wp-json\/wp\/v2\/categories?post=23690"},{"taxonomy":"post_tag","embeddable":true,"href":"https:\/\/pcb.org.br\/portal2\/wp-json\/wp\/v2\/tags?post=23690"}],"curies":[{"name":"wp","href":"https:\/\/api.w.org\/{rel}","templated":true}]}}