{"id":23692,"date":"2019-08-01T13:06:27","date_gmt":"2019-08-01T16:06:27","guid":{"rendered":"https:\/\/pcb.org.br\/portal2\/?p=23692"},"modified":"2019-08-01T20:28:27","modified_gmt":"2019-08-01T23:28:27","slug":"forum-de-sp-em-caracas-fortalecer-a-luta-de-classes","status":"publish","type":"post","link":"https:\/\/pcb.org.br\/portal2\/23692","title":{"rendered":"F\u00f3rum de SP em Caracas: fortalecer a luta de classes"},"content":{"rendered":"<p><img decoding=\"async\" class=\"imagem\" title=\"imagem\" src=\"https:\/\/i0.wp.com\/lh3.googleusercontent.com\/8RpWalYMrIbyrhSJAcB4mOwhseoyMZSiBFcXw5oJ9Jb49CR2MCgufWWL1QMyzBuT2W5T72P3-bhl9W5VNUsOVsL2U3j3fjZQzMj2qX2VjfR_kOBrupGBC01hthEO4vOWtIrTwAOpPl832G8e7_YrFBIbK0Tol9LXquXHwSCMHUkmsgy12f0atn9Pkdq-cmLmqbOk0h9-saVdqBQGBmGsPKjkkTzSSty3YWPYkauT1ZCWUI8eUoCulEW_yaBAACbsDtusVd8hD4SdwZUMnUJRXMyW8CBU-QyoZSqAzA0Jy1yDrCgYcyDGKPfPFBeLg4KKxcRkRAtjwtdEs1kQG3SHeNv3bRrq7xqmv4BO1QT0WeRHiW178BXxkxrhgwVaV1HwAq6WlyZt-oSaQ8WR2zubFT5v1COqTa6ORaY_aktdhZFgIfEtJozz4aJAF5LEsHhhy3HrLg89GpzZ5xOkrUGS7eIt_ax9fBDFVWrzMaXzf-SwOwki3tL5Ompr7wfE6VVOuiaaIcoBU6MsBDOPKhSdqEA41J0eoPgnFZ-PxAgultEXxfuBnZheVc0n3Qtt_t0NO8-Ljfyi76O86AtSeH2yc3NnPUIPx9uaYm8lPaPZh5VodkBC1GQACCTyOwBMFSzpd3VvgKeh6Fus1Ena9EP1sJO_ZQJTFEJH=w474-h129-no\" alt=\"imagem\" \/><!--more-->F\u00f3rum de SP em Caracas: fortalecer a luta de classes<\/p>\n<p>Tribuna Popular &#8211; Imprensa do Partido Comunista da Venezuela<\/p>\n<p><span lang=\"pt\">O 25\u00ba Encontro do F\u00f3rum de S\u00e3o Paulo (FSP), que aconteceu de 25 a 28 de julho, em Caracas, mobilizou cerca de 200 partidos e movimentos de esquerda da Am\u00e9rica Latina e do mundo, em tempos de incremento das a\u00e7\u00f5es intervencionistas agressivas do imperialismo dos EUA contra o processo bolivariano venezuelano e governos progressistas na regi\u00e3o.<\/span><\/p>\n<p>Oscar Figuera, secret\u00e1rio geral do Partido Comunista da Venezuela (PCV), disse que dezenas de organiza\u00e7\u00f5es revolucion\u00e1rias e comunistas de todos os continentes estavam presentes na capital da na\u00e7\u00e3o sul-americana para ratificar sua solidariedade ao povo venezuelano diante de medidas criminosas coercitivas que, por meio de a\u00e7\u00f5es econ\u00f4micas, comerciais, financeiras e diplom\u00e1ticas, a administra\u00e7\u00e3o Trump imp\u00f5e, assim como refor\u00e7ar o apoio \u00e0 luta patri\u00f3tica e de classes que o PCV desenvolve.<\/p>\n<p>POSI\u00c7\u00d5ES CLASSISTAS E REVOLUCION\u00c1RIAS<\/p>\n<p>O dirigente informou que o PCV est\u00e1 desenvolvendo uma agenda bilateral intensa com cerca de trinta partidos comunistas, assim como a Juventude Comunista da Venezuela (JCV) com organiza\u00e7\u00f5es juvenis presentes, a Corrente Oper\u00e1ria de Classe &#8220;Cruz Villegas&#8221; para a frente sindical, e tamb\u00e9m o Movimento das Mulheres \u00abClara Zetkin\u00bb, a Corrente Classista Camponesa \u00abNicomedes Abreu\u00bb, a Frente Popular Nacional Popular \u00abAlberto Lovera\u00bb, o Comit\u00ea de Solidariedade Internacional e Luta pela Paz (COSI) e o Instituto de Estudos Superiores \u00ab Bol\u00edvar-Marx \u00bb(IAEBM).<\/p>\n<p>Os partidos, organiza\u00e7\u00f5es e movimentos revolucion\u00e1rios expressaram grande interesse nas an\u00e1lises cr\u00edticas do PCV, expressas na Comunica\u00e7\u00e3o do Bir\u00f4 Pol\u00edtico ao Presidente Nicol\u00e1s Maduro, consignada no Pal\u00e1cio de Miraflores em 10 de maio, bem como sobre as viola\u00e7\u00f5es do Acordo Unit\u00e1rio PSUV-PCV, assinado em 26 de fevereiro de 2018 pelo pr\u00f3prio Maduro como compromissos para o apoio comunista \u00e0 sua candidatura presidencial.<\/p>\n<p>Nos dias que antecederam o in\u00edcio desta edi\u00e7\u00e3o da FSP &#8211; a segunda que acontece em Caracas -, o PCV e outros partidos do Grande P\u00f3lo Patri\u00f3tico &#8220;Sim\u00f3n Bol\u00edvar&#8221; assinaram o Manifesto de Caracas, no qual condensavam avalia\u00e7\u00f5es nacionais e internacionais e abordagens acordadas para apresentar ao 25\u00ba Encontro, mas adicionalmente, explicou Figuera, os comunistas venezuelanos est\u00e3o trazendo suas &#8220;Propostas de A\u00e7\u00e3o Revolucion\u00e1ria&#8221; para cada espa\u00e7o.<\/p>\n<p>O PCV, dentre estas propostas, enfatiza a defesa irrestrita dos direitos do povo trabalhador contra as pol\u00edticas antipopulares aplicadas por qualquer governo, bem como a import\u00e2ncia de assumir um plano continental de luta reivindicativa, pol\u00edtica e cultural pela independ\u00eancia e liberta\u00e7\u00e3o dos povos.<\/p>\n<p>Nesse contexto, o Partido do Galo Vermelho apresenta a necessidade de promover uma Frente Anti-imperialista Internacional, ao mesmo tempo em que confirma que o socialismo &#8211; em bases cient\u00edficas, de classe e revolucion\u00e1rias &#8211; \u00e9 a \u00fanica alternativa para os povos diante da crise geral do capitalismo; para o que reivindica o direito dos povos de empregar todas as formas de luta de massas contra o imperialismo e as oligarquias.<\/p>\n<p>Finalmente, consistente com o internacionalismo prolet\u00e1rio, o PCV promove a constitui\u00e7\u00e3o de Comit\u00eas pela liberdade do revolucion\u00e1rio colombiano Sim\u00f3n Trinidad, preso em c\u00e1rceres dos EUA, e pelo repatriamento de Ilich Ram\u00edrez S\u00e1nchez, combatente venezuelano pela causa palestina, preso na Fran\u00e7a.<\/p>\n<p>PRESEN\u00c7A COMBATIVA E PROPOSTA<\/p>\n<p>O primeiro dia do 25\u00ba Encontro foi repleto de atividades pol\u00edticas e de coordena\u00e7\u00e3o, a partir da reuni\u00e3o do Grupo de Trabalho do FSP, na qual participou uma delega\u00e7\u00e3o do Bir\u00f4 Pol\u00edtico do PCV, liderada por Carolus Wimmer, secret\u00e1rio de Rela\u00e7\u00f5es Internacionais, complementada por Yul Jabour e H\u00e9ctor Alejo Rodr\u00edguez.<\/p>\n<p>Posteriormente, foi realizada a segunda edi\u00e7\u00e3o do \u201cFSP &#8211; Di\u00e1logo com as Plataformas, Articula\u00e7\u00f5es e Redes do Movimento Social e Popular\u201d, do qual participaram Elio Pimentel, chefe do Movimento Comunidade Popular, Eduardo Lin\u00e1rez, Secret\u00e1rio Nacional Agr\u00e1rio do Comit\u00ea Central do PCV, e Gabriel Aguirre, secret\u00e1rio geral do COSI, contribuindo para a elabora\u00e7\u00e3o de um plano comum de luta.<\/p>\n<p>\u00c0 tarde realizou-se em \u00abEncontro de Centros de Estudos e Escolas de Forma\u00e7\u00e3o Pol\u00edtica\u00bb, com a presen\u00e7a de membros do Bir\u00f4 Pol\u00edtico Carlos Ojeda Falc\u00f3n, secret\u00e1rio nacional de Ideologia, e Carlos Lazo, diretor de Pesquisa da IAEBM, intercambiando sobre a planifica\u00e7\u00e3o de estrat\u00e9gias e iniciativas que visem ao fortalecimento dos espa\u00e7os e mecanismos para a socializa\u00e7\u00e3o das diferentes experi\u00eancias e propostas que, a partir do vi\u00e9s te\u00f3rico e metodol\u00f3gico, contribuem para os processos de forma\u00e7\u00e3o pol\u00edtica e ideol\u00f3gica.<\/p>\n<p><span title=\"\">Simultaneamente, a Juventude Comunista da Venezuela apresentou um contingente de propostas voltadas ao desenvolvimento pol\u00edtico e organizacional para dar continuidade \u00e0 campanha internacional de solidariedade &#8220;Imperialismo: M\u00e3os fora da Venezuela!&#8221;, com as diferentes organiza\u00e7\u00f5es de jovens que visitam o pa\u00eds.<\/span><\/p>\n<p>Tradu\u00e7\u00e3o: Partido Comunista Brasileiro (PCB)<\/p>\n<p>Fonte:\u00a0<a href=\"https:\/\/www.google.com\/url?q=https%3A%2F%2Fprensapcv.wordpress.com%2F2019%2F07%2F26%2Fforo-de-sao-paulo-escenario-para-fortalecer-la-lucha-de-clases%2F%23more-13824&amp;sa=D&amp;sntz=1&amp;usg=AFQjCNHMNg0IXFyPq8XvGe6WQWpDkzdwTg\" target=\"_blank\" rel=\"noopener noreferrer\" data-saferedirecturl=\"https:\/\/www.google.com\/url?hl=pt-BR&amp;q=https:\/\/www.google.com\/url?q%3Dhttps%253A%252F%252Fprensapcv.wordpress.com%252F2019%252F07%252F26%252Fforo-de-sao-paulo-escenario-para-fortalecer-la-lucha-de-clases%252F%2523more-13824%26sa%3DD%26sntz%3D1%26usg%3DAFQjCNHMNg0IXFyPq8XvGe6WQWpDkzdwTg&amp;source=gmail&amp;ust=1564761790845000&amp;usg=AFQjCNFgbMjL89apHuPj3T2muVmGGt2vPA\">https:\/\/prensapcv.wordpress.<wbr \/>com\/2019\/07\/26\/foro-de-sao-<wbr \/>paulo-escenario-para-<wbr \/>fortalecer-la-lucha-de-clases\/<wbr \/>#more-13824<\/a><\/p>\n","protected":false},"excerpt":{"rendered":"<a class=\"moretag\" href=\"https:\/\/pcb.org.br\/portal2\/23692\"> <\/a>","protected":false},"author":1,"featured_media":0,"comment_status":"closed","ping_status":"closed","sticky":false,"template":"","format":"standard","meta":{"jetpack_post_was_ever_published":false,"_jetpack_newsletter_access":"","_jetpack_dont_email_post_to_subs":false,"_jetpack_newsletter_tier_id":0,"_jetpack_memberships_contains_paywalled_content":false,"_jetpack_memberships_contains_paid_content":false,"footnotes":"","jetpack_publicize_message":"","jetpack_publicize_feature_enabled":true,"jetpack_social_post_already_shared":true,"jetpack_social_options":{"image_generator_settings":{"template":"highway","default_image_id":0,"font":"","enabled":false},"version":2}},"categories":[45],"tags":[227],"class_list":["post-23692","post","type-post","status-publish","format-standard","hentry","category-c54-venezuela","tag-5a"],"jetpack_publicize_connections":[],"jetpack_featured_media_url":"","jetpack_shortlink":"https:\/\/wp.me\/p659gw-6a8","jetpack-related-posts":[],"jetpack_likes_enabled":true,"jetpack_sharing_enabled":true,"_links":{"self":[{"href":"https:\/\/pcb.org.br\/portal2\/wp-json\/wp\/v2\/posts\/23692","targetHints":{"allow":["GET"]}}],"collection":[{"href":"https:\/\/pcb.org.br\/portal2\/wp-json\/wp\/v2\/posts"}],"about":[{"href":"https:\/\/pcb.org.br\/portal2\/wp-json\/wp\/v2\/types\/post"}],"author":[{"embeddable":true,"href":"https:\/\/pcb.org.br\/portal2\/wp-json\/wp\/v2\/users\/1"}],"replies":[{"embeddable":true,"href":"https:\/\/pcb.org.br\/portal2\/wp-json\/wp\/v2\/comments?post=23692"}],"version-history":[{"count":0,"href":"https:\/\/pcb.org.br\/portal2\/wp-json\/wp\/v2\/posts\/23692\/revisions"}],"wp:attachment":[{"href":"https:\/\/pcb.org.br\/portal2\/wp-json\/wp\/v2\/media?parent=23692"}],"wp:term":[{"taxonomy":"category","embeddable":true,"href":"https:\/\/pcb.org.br\/portal2\/wp-json\/wp\/v2\/categories?post=23692"},{"taxonomy":"post_tag","embeddable":true,"href":"https:\/\/pcb.org.br\/portal2\/wp-json\/wp\/v2\/tags?post=23692"}],"curies":[{"name":"wp","href":"https:\/\/api.w.org\/{rel}","templated":true}]}}