{"id":2375,"date":"2012-02-07T21:00:44","date_gmt":"2012-02-07T21:00:44","guid":{"rendered":"http:\/\/pcb.org.br\/portal2\/?p=2375"},"modified":"2012-02-07T21:00:44","modified_gmt":"2012-02-07T21:00:44","slug":"derrota-dos-eua","status":"publish","type":"post","link":"https:\/\/pcb.org.br\/portal2\/2375","title":{"rendered":"Derrota dos EUA"},"content":{"rendered":"\n<p>Os EUA e os seus aliados europeus sofreram no s\u00e1bado uma importante derrota no Conselho de Seguran\u00e7a da ONU com o veto da R\u00fassia e da China a um projecto de resolu\u00e7\u00e3o que condenava o governo s\u00edrio. O novo texto apresentado por Marrocos e a Liga \u00c1rabe (na realidade redigido em Washington) n\u00e3o exigia como o anterior a ren\u00fancia do presidente Bachar Al Asad, mas insistia pela necessidade urgente de \u00abum regime democr\u00e1tico\u00bb, responsabilizando Damasco pela onda de viol\u00eancia.<\/p>\n<p>O representante da R\u00fassia justificou o veto &#8211; acompanhado pela China &#8211; por considerar inaceit\u00e1vel qualquer inger\u00eancia internacional nos assuntos internos de um Estado soberano. Moscovo, excluindo qualquer tipo de san\u00e7\u00f5es, sugere que a sa\u00edda para o conflito s\u00edrio deve passar por uma transi\u00e7\u00e3o pac\u00edfica atrav\u00e9s da negocia\u00e7\u00e3o entre o governo e a oposi\u00e7\u00e3o.<\/p>\n<p>Numa atitude arrogante e desafiadora, o presidente Obama, minutos antes da vota\u00e7\u00e3o cujo adiamento fora solicitado pela R\u00fassia \u2013 exigiu a demiss\u00e3o imediata de Bachar al Asad e a transfer\u00eancia do poder para \u00abum regime democr\u00e1tico\u00bb.<\/p>\n<p>Os governos da Fran\u00e7a, da Gr\u00e3-bretanha, da Alemanha e de Israel e os grandes media do Ocidente apressaram-se a criticar com dureza o veto russo-chin\u00eas, apresentando-o, como derrota da comunidade dita internacional.<\/p>\n<p>Esses protestos escondem a evidencia: o imperialismo, o sionismo e as corruptas monarquias feudais do Golfo sofreram uma derrota que contraria e ter\u00e1 implica\u00e7\u00f5es na agressiva estrat\u00e9gia dos EUA para a Regi\u00e3o.<\/p>\n<p>A R\u00fassia, cujo \u00fanico aliado no M\u00e9dio Oriente \u00e9 hoje a S\u00edria, soube tirar conclus\u00f5es da sua cumplicidade passiva na agress\u00e3o \u00e0 L\u00edbia. N\u00e3o podia aceitar a implanta\u00e7\u00e3o de um governo titere em Damasco. A presen\u00e7a de uma frota russa na base naval de Tartus tem funcionado como elemento de dissuas\u00e3o, contendo \u00edmpetos intervencionistas norte-americanos e israelenses.<\/p>\n<p>O fornecimento recente de avi\u00f5es de combate russos \u00e0 S\u00edria foi ali\u00e1s uma resposta \u00e0 entrega de armas e dinheiro por organiza\u00e7\u00f5es ocidentais aos bandos que combatem o governo s\u00edrio, qualificados de democr\u00e1ticos.<\/p>\n<p>Para a credibilidade da campanha anti-s\u00edria de Washington foi tamb\u00e9m um rude golpe a publica\u00e7\u00e3o, nas v\u00e9speras do debate no Conselho de Seguran\u00e7a, do relat\u00f3rio de observadores internacionais que desmentia a vers\u00e3o dos EUA e da Uni\u00e3o Europeia sobre a repress\u00e3o das manifesta\u00e7\u00f5es e que apresentava provas da infiltra\u00e7\u00e3o de marginais e provocadores nos motins de Damasco, Homs e Alepo.<\/p>\n<p>Na semana passada, Leo Panetta, secret\u00e1rio da Defesa dos EUA e ex director da CIA, tinha anunciado um iminente ataque de Israel \u00e0s instala\u00e7\u00f5es nucleares iranianas, deixando transparente que os EUA apoiariam o seu grande aliado.<\/p>\n<p>Tudo indica que a principal consequ\u00eancia do veto russo ser\u00e1 o for\u00e7ado adiamento desse plano. Para Washington \u00abo grande inimigo\u00bb no M\u00e9dio Oriente \u00e9 o Ir\u00e3o e o derrubamento do regime s\u00edrio deveria para o Pent\u00e1gono preceder qualquer ac\u00e7\u00e3o militar contra Teer\u00e3o, projecto que continua a ser encarado com apreens\u00e3o por influentes chefes militares estado-unidenses.<\/p>\n<p>OS EDITORES DE\u00a0<a href=\"http:\/\/odiario.info\/\" target=\"_blank\">ODIARIO.INFO<\/a><\/p>\n","protected":false},"excerpt":{"rendered":"\n\n\nCr\u00e9dito: Latuff\n\n\n\n\n\n\n\n\nNa ofensiva contra a S\u00edria\n<a class=\"moretag\" href=\"https:\/\/pcb.org.br\/portal2\/2375\"> <\/a>","protected":false},"author":1,"featured_media":0,"comment_status":"open","ping_status":"open","sticky":false,"template":"","format":"standard","meta":{"jetpack_post_was_ever_published":false,"_jetpack_newsletter_access":"","_jetpack_dont_email_post_to_subs":false,"_jetpack_newsletter_tier_id":0,"_jetpack_memberships_contains_paywalled_content":false,"_jetpack_memberships_contains_paid_content":false,"footnotes":"","jetpack_publicize_message":"","jetpack_publicize_feature_enabled":true,"jetpack_social_post_already_shared":false,"jetpack_social_options":{"image_generator_settings":{"template":"highway","default_image_id":0,"font":"","enabled":false},"version":2}},"categories":[38],"tags":[],"class_list":["post-2375","post","type-post","status-publish","format-standard","hentry","category-c43-imperialismo"],"jetpack_publicize_connections":[],"jetpack_featured_media_url":"","jetpack_shortlink":"https:\/\/wp.me\/p659gw-Cj","jetpack-related-posts":[],"jetpack_likes_enabled":true,"jetpack_sharing_enabled":true,"_links":{"self":[{"href":"https:\/\/pcb.org.br\/portal2\/wp-json\/wp\/v2\/posts\/2375","targetHints":{"allow":["GET"]}}],"collection":[{"href":"https:\/\/pcb.org.br\/portal2\/wp-json\/wp\/v2\/posts"}],"about":[{"href":"https:\/\/pcb.org.br\/portal2\/wp-json\/wp\/v2\/types\/post"}],"author":[{"embeddable":true,"href":"https:\/\/pcb.org.br\/portal2\/wp-json\/wp\/v2\/users\/1"}],"replies":[{"embeddable":true,"href":"https:\/\/pcb.org.br\/portal2\/wp-json\/wp\/v2\/comments?post=2375"}],"version-history":[{"count":0,"href":"https:\/\/pcb.org.br\/portal2\/wp-json\/wp\/v2\/posts\/2375\/revisions"}],"wp:attachment":[{"href":"https:\/\/pcb.org.br\/portal2\/wp-json\/wp\/v2\/media?parent=2375"}],"wp:term":[{"taxonomy":"category","embeddable":true,"href":"https:\/\/pcb.org.br\/portal2\/wp-json\/wp\/v2\/categories?post=2375"},{"taxonomy":"post_tag","embeddable":true,"href":"https:\/\/pcb.org.br\/portal2\/wp-json\/wp\/v2\/tags?post=2375"}],"curies":[{"name":"wp","href":"https:\/\/api.w.org\/{rel}","templated":true}]}}