{"id":238,"date":"2009-03-06T10:08:24","date_gmt":"2009-03-06T10:08:24","guid":{"rendered":"http:\/\/pcb.org.br\/portal2\/?p=238"},"modified":"2009-03-06T10:08:24","modified_gmt":"2009-03-06T10:08:24","slug":"campinas-pcb-presente-em-manifestacao-contra-a-crise-economica","status":"publish","type":"post","link":"https:\/\/pcb.org.br\/portal2\/238","title":{"rendered":"Campinas: PCB presente em manifesta\u00e7\u00e3o contra a crise econ\u00f4mica"},"content":{"rendered":"\n<p>A milit\u00e2ncia comunista se fez presente no ato com suas bandeiras e uma faixa. Pelo PCB falou o camarada Beto, dirigente dos Qu\u00edmicos Unificados, que apontou para a necessidade da forma\u00e7\u00e3o de uma frente anti-capitalista que reuna partidos de esquerda e organiza\u00e7\u00f5es populares e sindicais que lute contra a crise e salientou a necessidade de construir uma unidade a partir da base e das lutas concretas da classe.<\/p>\n","protected":false},"excerpt":{"rendered":"No dia 28 de fevereiro foi realizado, em Campinas, um ato pol\u00edtico contra os efeitos da crise econ\u00f4mica sobre os trabalhadores e o oportunismo patronal de jogar sobre nossas costas o pre\u00e7o a pagar.\nO ato, que reuniu cerca de 500 pessoas marchando pelo centro da cidade, contou com a presen\u00e7a de sindicatos combativos (Metal\u00fargicos, Qu\u00edmicos Unificados e Constru\u00e7\u00e3o Civil), partido pol\u00edticos (PCB, PSOL, PSTU e PT), organiza\u00e7\u00f5es do movimento social (MTST, MST e Abra\u00e7o), al\u00e9m do Centro de Refer\u00eancia em Sa\u00fade do Trabalhador de Campinas.\n<a class=\"moretag\" href=\"https:\/\/pcb.org.br\/portal2\/238\"> <\/a>","protected":false},"author":1,"featured_media":0,"comment_status":"open","ping_status":"open","sticky":false,"template":"","format":"standard","meta":{"jetpack_post_was_ever_published":false,"_jetpack_newsletter_access":"","_jetpack_dont_email_post_to_subs":false,"_jetpack_newsletter_tier_id":0,"_jetpack_memberships_contains_paywalled_content":false,"_jetpack_memberships_contains_paid_content":false,"footnotes":"","jetpack_publicize_message":"","jetpack_publicize_feature_enabled":true,"jetpack_social_post_already_shared":false,"jetpack_social_options":{"image_generator_settings":{"template":"highway","default_image_id":0,"font":"","enabled":false},"version":2}},"categories":[31],"tags":[],"class_list":["post-238","post","type-post","status-publish","format-standard","hentry","category-c31-unidade-classista"],"jetpack_publicize_connections":[],"jetpack_featured_media_url":"","jetpack_shortlink":"https:\/\/wp.me\/p659gw-3Q","jetpack-related-posts":[],"jetpack_likes_enabled":true,"jetpack_sharing_enabled":true,"_links":{"self":[{"href":"https:\/\/pcb.org.br\/portal2\/wp-json\/wp\/v2\/posts\/238","targetHints":{"allow":["GET"]}}],"collection":[{"href":"https:\/\/pcb.org.br\/portal2\/wp-json\/wp\/v2\/posts"}],"about":[{"href":"https:\/\/pcb.org.br\/portal2\/wp-json\/wp\/v2\/types\/post"}],"author":[{"embeddable":true,"href":"https:\/\/pcb.org.br\/portal2\/wp-json\/wp\/v2\/users\/1"}],"replies":[{"embeddable":true,"href":"https:\/\/pcb.org.br\/portal2\/wp-json\/wp\/v2\/comments?post=238"}],"version-history":[{"count":0,"href":"https:\/\/pcb.org.br\/portal2\/wp-json\/wp\/v2\/posts\/238\/revisions"}],"wp:attachment":[{"href":"https:\/\/pcb.org.br\/portal2\/wp-json\/wp\/v2\/media?parent=238"}],"wp:term":[{"taxonomy":"category","embeddable":true,"href":"https:\/\/pcb.org.br\/portal2\/wp-json\/wp\/v2\/categories?post=238"},{"taxonomy":"post_tag","embeddable":true,"href":"https:\/\/pcb.org.br\/portal2\/wp-json\/wp\/v2\/tags?post=238"}],"curies":[{"name":"wp","href":"https:\/\/api.w.org\/{rel}","templated":true}]}}