{"id":2383,"date":"2012-02-08T17:08:49","date_gmt":"2012-02-08T17:08:49","guid":{"rendered":"http:\/\/pcb.org.br\/portal2\/?p=2383"},"modified":"2012-02-08T17:08:49","modified_gmt":"2012-02-08T17:08:49","slug":"a-semana-no-olhar-comunista-0028","status":"publish","type":"post","link":"https:\/\/pcb.org.br\/portal2\/2383","title":{"rendered":"A Semana no Olhar Comunista &#8211; 0028"},"content":{"rendered":"\n<p>\u00a0<\/p>\n<hr \/>\n<p>Na reuni\u00e3o de Dilma com 90 representantes de 35 entidades, a presidente teve a cara de pau de fazer coment\u00e1rios sobre a violenta a\u00e7\u00e3o de despejo contra sem-teto em S\u00e3o Jos\u00e9 dos Campos. O caso Pinheirinho, ali\u00e1s, foi aproveitado pelo governo para mostrar aos movimentos que eles seriam &#8220;aliados&#8221;. Que o Governo Federal tinha lavado as m\u00e3os quanto ao caso para dar tratamento eleitoral e politiqueiro, j\u00e1 era sabido. Mas usar isso como mais um argumento de coopta\u00e7\u00e3o ultrapassa os limites. Outro ponto a destacar: o ministro Gilberto Carvalho (Secretaria Geral da Presid\u00eancia) anunciou no encontro que vai revisar a legisla\u00e7\u00e3o das ONGs, mantendo o or\u00e7amento de &#8220;apoio&#8221; do governo: oportunistas de plant\u00e3o, a oportunidade de se institucionalizar sob desculpas est\u00e1 a\u00ed&#8230;<\/p>\n<p>\u00a0<\/p>\n<hr \/>\n<p><strong>Vergonha: 3,8 milh\u00f5es de crian\u00e7as e jovens est\u00e3o fora da escola!<\/strong><\/p>\n<p>Segundo o relat\u00f3rio &#8220;De Olho nas Metas 2011&#8221;, divulgado nesta ter\u00e7a-feira, 3,8 milh\u00f5es de indiv\u00edduos de 4 a 17 anos ainda est\u00e3o fora da escola. Baseado no Censo de 2010, o estudo mostra que este n\u00famero representa 8,5% da popula\u00e7\u00e3o nesta faixa et\u00e1ria. S\u00e3o Paulo, unidade mais rica da federa\u00e7\u00e3o, \u00e9 tamb\u00e9m aquela com mais crian\u00e7as e jovens a incluir no sistema de ensino: 607 mil. Na sequ\u00eancia est\u00e3o Minas Gerais (363.981 crian\u00e7as e jovens fora da escola) e Bahia (277.690). O estudo tamb\u00e9m leva em considera\u00e7\u00e3o a Prova ABC (do final do ciclo de alfabetiza\u00e7\u00e3o) realizada em 2011. Aplicado em todas as capitais brasileiras a 6 mil alunos do in\u00edcio do 4\u00ba ano (que conclu\u00edram com \u00eaxito o 3\u00ba ano) de escolas p\u00fablicas e privadas, o teste revelou que apenas 56,1% das crian\u00e7as atingiram o conhecimento esperado em leitura, 53,3% em escrita e 42,8% em matem\u00e1tica. Resumimos nosso coment\u00e1rio a uma \u00fanica palavra: vergonha!<\/p>\n<p>\u00a0<\/p>\n<hr \/>\n<p><strong>Malandragem dupla<\/strong><\/p>\n<p>O governador do Rio de Janeiro, S\u00e9rgio Cabral, antecipou para este m\u00eas o pagamento dos reajustes de bombeiros e de policiais militares e civis que aconteceria ao longo de 2012. Bondade? N\u00e3o&#8230; Trata-se de uma tentativa de esvaziar a amea\u00e7a de greve da pol\u00edcia e da defesa civil \u00e0s v\u00e9speras do Carnaval. Na quinta-feira, as categorias se re\u00fanem na Cinel\u00e2ndia, &#8220;cora\u00e7\u00e3o&#8221; do Rio, em assembleia que decidir\u00e1 se iniciam ou n\u00e3o a paraliza\u00e7\u00e3o no dia seguinte. Vamos ver quem \u00e9 mais malandro&#8230;<\/p>\n<p>\u00a0<\/p>\n<hr \/>\n<p><strong>China medir\u00e1 distribui\u00e7\u00e3o de riqueza<\/strong><\/p>\n<p>O jornal\u00a0<strong><em>China Daily <\/em><\/strong>divulgou a informa\u00e7\u00e3o de que o pa\u00eds prepara uma medi\u00e7\u00e3o da distribui\u00e7\u00e3o interna da riqueza. Desde 2000, o governo divulga seu \u00edndice de Gini para as zonas rurais. Agora, entretanto, quase metade da popula\u00e7\u00e3o chinesa vive no meio urbano. Para o escrit\u00f3rio oficial de estat\u00edsticas chin\u00eas, o fato de o c\u00e1lculo atual n\u00e3o abranger os milion\u00e1rio chineses (960 mil pessoas com patrim\u00f4nio de mais de 10 milh\u00f5es de yuans, ou US$ 1,58 milh\u00e3o) \u00e9 o principal motivo de o c\u00e1lculo da desigualdade estar incompleto.<\/p>\n<p>\u00a0<\/p>\n<hr \/>\n<p><strong>Agente do capital aumenta press\u00e3o<\/strong><\/p>\n<p>A ag\u00eancia de classifica\u00e7\u00e3o de risco Fitch Ratings, que ao lado da Standard &amp; Poor&#8217;s e da Moody&#8217;s formam o tridente do capeta a espetar a autodetermina\u00e7\u00e3o dos povos nesta crise econ\u00f4mica, aumentou a press\u00e3o para que a Gr\u00e9cia caia de joelhos diante de seus credores: ela afirmou que &#8220;se a Gr\u00e9cia n\u00e3o chegar a um acordo sobre medidas de austeridade haver\u00e1 um &#8216;perigo real&#8217; porque o pa\u00eds n\u00e3o conseguir\u00e1 pagar \u20ac 14,4 bilh\u00f5es em d\u00edvidas que vencem em 20 de mar\u00e7o, o que resultaria em um default desordenado. Isso vai continuar tendo impacto negativo sobre o sistema banc\u00e1rio grego e vai se espalhar para outros pa\u00edses da zona do euro, como Portugal, Irlanda, It\u00e1lia e Espanha&#8221;. O jogo de cena para que se imponha ao povo grego medidas draconianas, divulgado pela\u00a0<strong><em>Dow Jones<\/em><\/strong>, vai se refor\u00e7ando&#8230;<\/p>\n<p>\u00a0<\/p>\n<hr \/>\n<p><strong>A direita contra-ataca<\/strong><\/p>\n<p>O processo contra o juiz Baltasar Garz\u00f3n por abuso de poder ao investigar os crimes da ditadura Franco (1936-1975) \u00e9 fruto da rea\u00e7\u00e3o dos setores mais conservadores da sociedade espanhola. Nesta semana ele voltar\u00e1 a sentar no banco dos r\u00e9us, e \u00e9 preciso estarmos todos atentos para as poss\u00edveis consequ\u00eancias de uma condena\u00e7\u00e3o. Afinal, como afirma mat\u00e9ria da\u00a0<strong><em>BBC Brasil<\/em><\/strong>, &#8220;esse processo contra Garz\u00f3n \u00e9 um aviso da direita espanhola, que tenta impor um limite \u00e0 Justi\u00e7a. Pode-se julgar crimes contra a humanidade ocorridos em outros pa\u00edses, mas n\u00e3o aqui&#8221;. Outra pol\u00eamica, que pode ser um retrocesso, deve ser evitada: o tratamento judicial que deve ser dado aos crimes contra a humanidade. Coloca-se em quest\u00e3o, na Espanha, se os delitos contra a humanidade s\u00e3o permanentes ou podem ser abarcados pelas leis nacionais de anistia. Pelo exemplo do Brasil, esperamos que a primeira vis\u00e3o prevale\u00e7a.<\/p>\n<p>\u00a0<\/p>\n<hr \/>\n<p><strong>Vazamento de \u00f3leo do pr\u00e9-sal na Bacia de Santos derruba a\u00e7\u00f5es da Petrobr\u00e1s<\/strong><\/p>\n<p>Uma coluna de produ\u00e7\u00e3o rompeu-se, deixando vazar 160 barris de petr\u00f3leo. Os sistemas de fechamento autom\u00e1tico do po\u00e7o funcionaram bem e, como o derramamento se deu a 300 km da costa, n\u00e3o dever\u00e1 haver problemas nas praias da regi\u00e3o. No entanto, o fato \u00e9 preocupante, pois a explora\u00e7\u00e3o de petr\u00f3leo na camada pr\u00e9-sal \u00e9 extremamente complexa e sujeita a grande margem de risco. No caso de sua explora\u00e7\u00e3o privada, qualquer medida de seguran\u00e7a a mais \u00e9 vista como um custo a ser minimizado ou mesmo evitado, para que as margens de lucro se mantenham elevadas, gerando assim, elevados riscos para o meio ambiente e a sociedade.<\/p>\n<p>\u00a0<\/p>\n<hr \/>\n<p><strong>Direitos humanos sim, principalmente nos Estados Unidos<\/strong><\/p>\n<p>A declara\u00e7\u00e3o dada pela presidente Dilma Roussef, em Cuba, no dia 1\u00ba de fevereiro, em resposta a perguntas da imprensa sobre a \u201cquest\u00e3o dos direitos humanos\u201d naquele pa\u00eds, de que o tema n\u00e3o deve ser usado como arma pol\u00edtica e que deve ser tratado de forma abrangente, por todos os pa\u00edses, teve um alvo claro: os EUA e sua pol\u00edtica de falar uma coisa e fazer o contr\u00e1rio. Citando o exemplo da base de Guant\u00e1namo, mantida pelas for\u00e7as armadas norte-americanas em solo cubano, onde se realizam, assumidamente, pr\u00e1ticas de tortura sem qualquer respeito a leis internacionais. Mas \u00e9 bom lembrar que os Estados Unidos e seus aliados imperialistas n\u00e3o apenas violam direitos humanos em seus territ\u00f3rios mas tamb\u00e9m exportaram estas viola\u00e7\u00f5es n\u00e3o apenas na forma de apoios efetivos a ditaduras sanguin\u00e1rias, como nos casos do Brasil Argentina, Chile e outros pa\u00edses, em d\u00e9cadas passadas, mas tamb\u00e9m na sustenta\u00e7\u00e3o que d\u00e3o, hoje, a monarquias absolutistas e regimes semelhantes, onde n\u00e3o h\u00e1 sequer uma Constitui\u00e7\u00e3o ou Parlamento, onde mulheres n\u00e3o h\u00e1 direitos civis plenos, como nos exemplos de muitos pa\u00edses \u00e1rabes e em muitas partes do mundo.<\/p>\n<p>\u00a0<\/p>\n<hr \/>\n<p><strong>Privatiza\u00e7\u00e3o de aeroportos: vinho velho em garrafas novas<\/strong><\/p>\n<p>A privatiza\u00e7\u00e3o dos aeroportos de Guarulhos, Viracopos e Bras\u00edlia, pro um valor total de cerca de 25 bilh\u00f5es de reais, a serem pagos em at\u00e9 30 anos, se deu com um modelo diferente daquele adotado no governo FHC, nos anos 90, pois o Estado, agora, far\u00e1 parte dos cons\u00f3rcios que administrar\u00e3o os aeroportos, com 49% de participa\u00e7\u00e3o. \u00c9 uma garrafa nova, mas o vinho \u00e9 antigo: os grupos privados que compraram os aeroportos foram financiados com recursos p\u00fablicos (do BNDES, que poder\u00e1 arcar com at\u00e9 80% dos investimentos totais previstos); predominam os interesses dos grupos privados, que n\u00e3o pagaram pela constru\u00e7\u00e3o dos aer\u00f3dromos e ter\u00e3o o poder de determinar as tarifas a serem cobradas dos usu\u00e1rios; n\u00e3o h\u00e1 garantia de emprego para os novos trabalhadores a serem contratados, e a pr\u00f3pria soberania brasileira fica comprometida. E mais: ao contr\u00e1rio do que vem sendo dito pelo governo, a gest\u00e3o privada n\u00e3o \u00e9 o modelo predominante nos pa\u00edses capitalistas desenvolvidos.<\/p>\n","protected":false},"excerpt":{"rendered":"\n\n\n\n\n\n\n\n\n\n\n\nDilma quer &#8220;reaproxima\u00e7\u00e3o&#8221; com movimentos. Afinal, 2012 \u00e9 ano de elei\u00e7\u00f5es\nO OLHAR COMUNISTA dessa semana destaca o encontro entre a presidente Dilma Roussef e os movimentos sociais durante o F\u00f3rum Social Tem\u00e1tico de Porto Alegre.\n<a class=\"moretag\" href=\"https:\/\/pcb.org.br\/portal2\/2383\"> <\/a>","protected":false},"author":1,"featured_media":0,"comment_status":"open","ping_status":"open","sticky":false,"template":"","format":"standard","meta":{"jetpack_post_was_ever_published":false,"_jetpack_newsletter_access":"","_jetpack_dont_email_post_to_subs":false,"_jetpack_newsletter_tier_id":0,"_jetpack_memberships_contains_paywalled_content":false,"_jetpack_memberships_contains_paid_content":false,"footnotes":"","jetpack_publicize_message":"","jetpack_publicize_feature_enabled":true,"jetpack_social_post_already_shared":false,"jetpack_social_options":{"image_generator_settings":{"template":"highway","default_image_id":0,"font":"","enabled":false},"version":2}},"categories":[100],"tags":[],"class_list":["post-2383","post","type-post","status-publish","format-standard","hentry","category-c113-a-semana-no-olhar-comunista"],"jetpack_publicize_connections":[],"jetpack_featured_media_url":"","jetpack_shortlink":"https:\/\/wp.me\/p659gw-Cr","jetpack-related-posts":[],"jetpack_likes_enabled":true,"jetpack_sharing_enabled":true,"_links":{"self":[{"href":"https:\/\/pcb.org.br\/portal2\/wp-json\/wp\/v2\/posts\/2383","targetHints":{"allow":["GET"]}}],"collection":[{"href":"https:\/\/pcb.org.br\/portal2\/wp-json\/wp\/v2\/posts"}],"about":[{"href":"https:\/\/pcb.org.br\/portal2\/wp-json\/wp\/v2\/types\/post"}],"author":[{"embeddable":true,"href":"https:\/\/pcb.org.br\/portal2\/wp-json\/wp\/v2\/users\/1"}],"replies":[{"embeddable":true,"href":"https:\/\/pcb.org.br\/portal2\/wp-json\/wp\/v2\/comments?post=2383"}],"version-history":[{"count":0,"href":"https:\/\/pcb.org.br\/portal2\/wp-json\/wp\/v2\/posts\/2383\/revisions"}],"wp:attachment":[{"href":"https:\/\/pcb.org.br\/portal2\/wp-json\/wp\/v2\/media?parent=2383"}],"wp:term":[{"taxonomy":"category","embeddable":true,"href":"https:\/\/pcb.org.br\/portal2\/wp-json\/wp\/v2\/categories?post=2383"},{"taxonomy":"post_tag","embeddable":true,"href":"https:\/\/pcb.org.br\/portal2\/wp-json\/wp\/v2\/tags?post=2383"}],"curies":[{"name":"wp","href":"https:\/\/api.w.org\/{rel}","templated":true}]}}