{"id":23830,"date":"2019-08-27T05:53:24","date_gmt":"2019-08-27T08:53:24","guid":{"rendered":"https:\/\/pcb.org.br\/portal2\/?p=23830"},"modified":"2019-08-27T05:53:24","modified_gmt":"2019-08-27T08:53:24","slug":"crime-contra-a-humanidade","status":"publish","type":"post","link":"https:\/\/pcb.org.br\/portal2\/23830","title":{"rendered":"Crime contra a humanidade"},"content":{"rendered":"<p><img decoding=\"async\" class=\"imagem\" title=\"imagem\" src=\"https:\/\/i0.wp.com\/farm66.staticflickr.com\/65535\/48611828701_818c1fcf1b_z.jpg\" alt=\"imagem\" \/><!--more-->Brasil de Fato<br \/>\nEm nota, organiza\u00e7\u00e3o camponesa denuncia pol\u00edtica destrutiva de Bolsonaro e exige combate aos crimes ambientais<br \/>\nMovimento dos Trabalhadores Sem Terra<br \/>\nMST<\/p>\n<p>Ambientalistas e pol\u00edticos do mundo todos come\u00e7aram a debater os inc\u00eandios que est\u00e3o queimando a Floresta Amaz\u00f4nica h\u00e1 algumas semanas. Sendo a Amaz\u00f4nia um dos maiores reposit\u00f3rios de di\u00f3xido de carbono do planeta, imagens divulgadas pela NASA mostram a situa\u00e7\u00e3o alarmante na qual nos encontramos.<\/p>\n<p>Neste contexto, o governo Bolsonaro tem divulgado v\u00e1rias explica\u00e7\u00f5es para o n\u00famero recorde de inc\u00eandios, incluindo uma teoria de que ONGs ambientais poderiam ter criado as chamas para &#8220;envergonh\u00e1-lo&#8221;.<\/p>\n<p>Dados cient\u00edficos e especialistas apontam que esta crise est\u00e1 ligada diretamente \u00e0s medidas do governo Bolsonaro para \u00e1rea. Ao contr\u00e1rio do que afirma o ministro do Meio Ambiente, Ricardo Salles, 2019 n\u00e3o \u00e9 realmente um ano de seca extrema. Se fosse esse o caso, o n\u00famero de inc\u00eandios florestais seria o dobro do que estamos vendo hoje.<\/p>\n<p>Diante das acusa\u00e7\u00f5es e das mentiras deflagradas por este governo, a Via Campesina alerta sobre os riscos destas pol\u00edticas destrutivas e a necessidade de a\u00e7\u00e3o contra os ataques \u00e0s institui\u00e7\u00f5es e \u00e0 Amaz\u00f4nia.<\/p>\n<p>Confira abaixo a nota na \u00edntegra:<\/p>\n<p>Queimar a Amaz\u00f4nia \u00e9 crime contra a humanidade<\/p>\n<p>Nos \u00faltimos dias povos e governos de todo o mundo tem assistido \u00e0s consequ\u00eancias dos recentes e graves crimes contra a floresta amaz\u00f4nica. As nuvens de fuma\u00e7a que tomaram o sudeste do Brasil e, em especial, a capital S\u00e3o Paulo se conectam diretamente com o aumento dram\u00e1tico das queimadas em diversas partes da floresta e das zonas de transi\u00e7\u00e3o com o Cerrado.<\/p>\n<p>\u00c9 fundamental que toda a sociedade brasileira, latino-americana e mundial tenha clareza que este n\u00e3o \u00e9 um fen\u00f4meno isolado. Na realidade, ele \u00e9 o resultado de uma s\u00e9rie de a\u00e7\u00f5es do agroneg\u00f3cio e das mineradoras, amplamente apoiadas e incentivadas pelo Governo Bolsonaro, que tiveram in\u00edcio desde sua elei\u00e7\u00e3o. Ap\u00f3s quase duas d\u00e9cadas de redu\u00e7\u00e3o do desmatamento, o atual presidente e seu ministro de meio ambiente, Ricardo Salles, articularam um violento discurso contra a legisla\u00e7\u00e3o e os mecanismos de conserva\u00e7\u00e3o ambiental brasileiros, ao mesmo tempo que amentaram a persegui\u00e7\u00e3o e criminaliza\u00e7\u00e3o dos povos que historicamente protegeram os biomas brasileiros: fam\u00edlias camponesas e povos ind\u00edgenas.<\/p>\n<p>Desde o governo de transi\u00e7\u00e3o, os discursos vindos de Bras\u00edlia atacaram o licenciamento ambiental e o controle e monitoramento do Estado sobre as atividades agropecu\u00e1rias e miner\u00e1rias \u2013 justamente elementos que poderiam ter evitado os crimes de Mariana e Brumadinho, em Minas Gerais. Ao mesmo tempo, o governo entregou o Servi\u00e7o Florestal Brasileiro para representantes ruralistas, implementou uma interven\u00e7\u00e3o militar no Instituto Chico Mendes (ICMBio) e proibiu a\u00e7\u00f5es de fiscaliza\u00e7\u00e3o pelo IBAMA, al\u00e9m de atacar publicamente servidores de todos esses \u00f3rg\u00e3os. O quase total contingenciamento dos recursos, impostos pela pol\u00edtica neoliberal comandada pelo ministro Paulo Guedes, tornou a situa\u00e7\u00e3o completamente insustent\u00e1vel.<\/p>\n<p>As den\u00fancias come\u00e7aram ainda em 2018, por meio de povos e comunidades tradicionais da regi\u00e3o, que est\u00e3o sendo perseguidas por latifundi\u00e1rios e policiais. As ONGs socioambientais tamb\u00e9m est\u00e3o sendo criminalizadas e perseguidas por este governo. Por \u00faltimo, cientistas de diversas organiza\u00e7\u00f5es, universidades e at\u00e9 mesmo do Instituto Nacional de Pesquisas Espaciais (INPE), internacionalmente reconhecido, tamb\u00e9m denunciaram as consequ\u00eancias, e foram recebidos com demiss\u00f5es e ordem de n\u00e3o divulga\u00e7\u00e3o de dados. A resposta de pa\u00edses como Noruega e Alemanha a essa mudan\u00e7a brutal na pol\u00edtica governamental foi a suspens\u00e3o dos repasses para o Fundo Amaz\u00f4nia, ao que o governo Bolsonaro respondeu com desdenho e acusa\u00e7\u00f5es completamente infundadas.<\/p>\n<p>As dimens\u00f5es do crime contra a humanidade s\u00e3o alarmantes. Apenas esse ano s\u00e3o mais de 70 mil focos de inc\u00eandios, sendo que 33 mil s\u00e3o apenas na Amaz\u00f4nia, um aumento de 60% da m\u00e9dia dos \u00faltimos tr\u00eas anos. Somente entre os dias 10 e 11 de agosto houve um aumento de 300%, quando o agroneg\u00f3cio da regi\u00e3o declarou o \u201cdia do Fogo\u201d. Imagens de sat\u00e9lites tamb\u00e9m mostram um avan\u00e7o n\u00e3o visto desde os anos de 1980 de garimpos ilegais, principalmente em territ\u00f3rios ind\u00edgenas.<\/p>\n<p>Essas a\u00e7\u00f5es, completamente apoiadas pelo atual governo brasileiro, devem ser reconhecidas como crime \u00e0 humanidade e um dano irrepar\u00e1vel ao povo e \u00e0 natureza brasileira. Em tempos que o mundo se depara com as consequ\u00eancias das mudan\u00e7as clim\u00e1ticas, \u00e9 completamente inaceit\u00e1vel essa postura.<\/p>\n<p>Devemos tamb\u00e9m lembrar que a Amaz\u00f4nia n\u00e3o \u00e9 um territ\u00f3rio \u201cselvagem\u201d, mas sim uma regi\u00e3o megadiversa em sua biodiversidade e em seus povos. H\u00e1 mil\u00eanios, diferentes formas de conviv\u00eancia com esse bioma produziram os bens comuns que hoje n\u00e3o se separam da floresta. N\u00e3o existe floresta amaz\u00f4nica sem seus povos, nem tampouco n\u00f3s existimos sem ela. A conserva\u00e7\u00e3o da Amaz\u00f4nia s\u00f3 \u00e9 poss\u00edvel com defesa dos territ\u00f3rios ind\u00edgenas e tradicionais, agroecologia e pol\u00edticas p\u00fablicas de sa\u00fade, cultura e educa\u00e7\u00e3o que tenham como sujeitos os povos da regi\u00e3o.<\/p>\n<p>Por isso, n\u00f3s, organiza\u00e7\u00f5es camponesas da Via Campesina, denunciamos os verdadeiros culpados por esse crime de propor\u00e7\u00f5es hist\u00f3ricas: o agroneg\u00f3cio e a minera\u00e7\u00e3o, apoiados pelo Governo Bolsonaro. Exigimos o combate imediato aos crimes ambientais, ao mesmo tempo em que exigimos a garantia dos direitos dos povos da Amaz\u00f4nia, seus reais e hist\u00f3ricos protetores. \u00c9 decisivo que toda a sociedade brasileira se levante contra essa atrocidade! A Amaz\u00f4nia \u00e9 territ\u00f3rio de vida, de alimentos, de \u00e1guas, de culturas, n\u00e3o de destrui\u00e7\u00e3o, morte, explora\u00e7\u00e3o!<\/p>\n<p>Contra o avan\u00e7o do capital, povos em defesa da Amaz\u00f4nia!<\/p>\n<p>Via Campesina Brasil:<\/p>\n<p>MST \u2013 Movimento dos Trabalhadores Rurais Sem Terra<\/p>\n<p>MPA \u2013 Movimento dos Pequenos Produtores<\/p>\n<p>MAM \u2013 Movimento pela Soberania Popular na Minera\u00e7\u00e3o<\/p>\n<p>CIMI \u2013 Conselho Indigenista Mission\u00e1rio<\/p>\n<p>CPT \u2013 Comiss\u00e3o Pastoral da Terra<\/p>\n<p>APIP \u2013 Articula\u00e7\u00e3o dos Povos Ind\u00edgenas do Brasil<\/p>\n<p>ABEEF \u2013 Associa\u00e7\u00e3o Brasileira dos Estudantes de Engenharia Florestal<\/p>\n<p>CONAQ \u2013 Coordena\u00e7\u00e3o Nacional de Articula\u00e7\u00e3o das Comunidades Negras Rurais Quilombolas<\/p>\n<p>FEAB \u2013 Federa\u00e7\u00e3o dos Estudantes de Agronomia do Brasil<\/p>\n<p>MAB \u2013 Movimento dos Atingidos por Barragens<\/p>\n<p>MMC \u2013 Movimentos de Mulheres Camponesas<\/p>\n<p>PJR \u2013 Pastoral da Juventude Rural<\/p>\n<p>ADERE \u2013 Articula\u00e7\u00e3o dos Assalariados Rurais<\/p>\n<p>MPP \u2013 Movimento dos Pescadores e Pescadoras<\/p>\n<p>https:\/\/www.brasildefato.com.br\/2019\/08\/24\/via-campesina-queimar-a-amazonia-e-crime-contra-a-humanidade\/<\/p>\n","protected":false},"excerpt":{"rendered":"<a class=\"moretag\" href=\"https:\/\/pcb.org.br\/portal2\/23830\"> <\/a>","protected":false},"author":1,"featured_media":0,"comment_status":"closed","ping_status":"closed","sticky":false,"template":"","format":"standard","meta":{"jetpack_post_was_ever_published":false,"_jetpack_newsletter_access":"","_jetpack_dont_email_post_to_subs":false,"_jetpack_newsletter_tier_id":0,"_jetpack_memberships_contains_paywalled_content":false,"_jetpack_memberships_contains_paid_content":false,"footnotes":"","jetpack_publicize_message":"","jetpack_publicize_feature_enabled":true,"jetpack_social_post_already_shared":true,"jetpack_social_options":{"image_generator_settings":{"template":"highway","default_image_id":0,"font":"","enabled":false},"version":2}},"categories":[9],"tags":[234],"class_list":["post-23830","post","type-post","status-publish","format-standard","hentry","category-s10-internacional","tag-6b"],"jetpack_publicize_connections":[],"jetpack_featured_media_url":"","jetpack_shortlink":"https:\/\/wp.me\/p659gw-6cm","jetpack-related-posts":[],"jetpack_likes_enabled":true,"jetpack_sharing_enabled":true,"_links":{"self":[{"href":"https:\/\/pcb.org.br\/portal2\/wp-json\/wp\/v2\/posts\/23830","targetHints":{"allow":["GET"]}}],"collection":[{"href":"https:\/\/pcb.org.br\/portal2\/wp-json\/wp\/v2\/posts"}],"about":[{"href":"https:\/\/pcb.org.br\/portal2\/wp-json\/wp\/v2\/types\/post"}],"author":[{"embeddable":true,"href":"https:\/\/pcb.org.br\/portal2\/wp-json\/wp\/v2\/users\/1"}],"replies":[{"embeddable":true,"href":"https:\/\/pcb.org.br\/portal2\/wp-json\/wp\/v2\/comments?post=23830"}],"version-history":[{"count":0,"href":"https:\/\/pcb.org.br\/portal2\/wp-json\/wp\/v2\/posts\/23830\/revisions"}],"wp:attachment":[{"href":"https:\/\/pcb.org.br\/portal2\/wp-json\/wp\/v2\/media?parent=23830"}],"wp:term":[{"taxonomy":"category","embeddable":true,"href":"https:\/\/pcb.org.br\/portal2\/wp-json\/wp\/v2\/categories?post=23830"},{"taxonomy":"post_tag","embeddable":true,"href":"https:\/\/pcb.org.br\/portal2\/wp-json\/wp\/v2\/tags?post=23830"}],"curies":[{"name":"wp","href":"https:\/\/api.w.org\/{rel}","templated":true}]}}