{"id":23833,"date":"2019-08-27T06:04:01","date_gmt":"2019-08-27T09:04:01","guid":{"rendered":"https:\/\/pcb.org.br\/portal2\/?p=23833"},"modified":"2019-08-27T06:04:01","modified_gmt":"2019-08-27T09:04:01","slug":"mulheres-cubanas","status":"publish","type":"post","link":"https:\/\/pcb.org.br\/portal2\/23833","title":{"rendered":"Mulheres Cubanas"},"content":{"rendered":"<p><img decoding=\"async\" class=\"imagem\" title=\"imagem\" src=\"https:\/\/i0.wp.com\/pt.granma.cu\/file\/img\/2019\/08\/medium\/f0017561.jpg\" alt=\"imagem\" \/><!--more-->Vilma Esp\u00edn fundou com Fidel a Federa\u00e7\u00e3o das Mulheres Cubanas e ser\u00e1 sua eterna presidenta.\u00a0<strong>Photo:\u00a0<\/strong>Arquivo do Granma<\/p>\n<p>Autor:\u00a0Leslie Diaz Monserrat<br \/>\ninformacion@<wbr \/>granmai.cu<\/p>\n<p>A Federa\u00e7\u00e3o das Mulheres Cubanas, uma organiza\u00e7\u00e3o que colocou as cubanas no centro da vida da Revolu\u00e7\u00e3o, completou 59 anos em 22 de agosto.<\/p>\n<p>\u2022 Para as mulheres, para Cuba toda, a homenagem<\/p>\n<p>SE Cuba fosse uma mulher, ela seria chamada Mariana, como a m\u00e3e forte que forja crian\u00e7as guerreiras.<\/p>\n<p>Se Cuba fosse uma mulher, usaria um longo traje de listras brancas e azuis com uma estrela no peito.<\/p>\n<p>Se Cuba fosse uma mulher, seria atraente, n\u00e3o pela silhueta com a qual ela reina no Caribe, mas pelo temperamento de seu car\u00e1ter, por sua coragem.<\/p>\n<p>Suas cores seriam o verde dos campos, o azul do mar que a acaricia, o vermelho do sangue de seu povo nas guerras pela independ\u00eancia.<\/p>\n<p>Ela deu \u00e0 luz a liberdade, em um parto dif\u00edcil e prolongado. Depois pariu a Revolu\u00e7\u00e3o e a embalou em seus bra\u00e7os. Da\u00ed nasceram homens e mulheres valiosos, combatentes, incans\u00e1veis.<\/p>\n<p>Ela se veste todos os dias com palmeiras e, embora pequena, n\u00e3o conhece a palavra medo. Um tempo atr\u00e1s, ela aprendeu a lutar contra gigantes.<\/p>\n<p>Sua vida n\u00e3o foi f\u00e1cil. Teve que resistir, impor-se, como as senhoras que n\u00e3o se conformavam com a norma opressiva e decidiram lutar.<\/p>\n<p>Ter ela como m\u00e3e gera um orgulho infinito. Somos todos irm\u00e3os de um povo.<\/p>\n<p>Sim, Cuba tem que ser uma mulher e de l\u00e1, do belo que a rodeia, seus filhos, apaixonados, contemplam-na com orgulho.<\/p>\n<p><strong>O PROTAGONISMO DAS MULHERES CUBANAS EM N\u00daMEROS<\/strong><\/p>\n<p>\u2022 Cuba tem mais de 4.300.000 mulheres afiliadas \u00e0 FMC, o que excede 90% das mulheres com mais de 14 anos.<\/p>\n<p>\u2022 As mulheres representam 53,22% dos cargos ocupados na Assembleia Nacional do Poder Popular (ANPP), o mais alto \u00f3rg\u00e3o legislativo do pa\u00eds; e constituem 48,4% dos membros do Conselho de Estado.<\/p>\n<p>\u2022 Constituem 60,5% dos graduados do ensino superior e 67,2% dos t\u00e9cnicos e profissionais em todo o pa\u00eds.<\/p>\n<p>\u2022 S\u00e3o 49% da for\u00e7a de trabalho no setor estatal civil;<\/p>\n<p>\u2022 48,6% dos l\u00edderes;<\/p>\n<p>\u2022 81,9% dos professores, mestres e cientistas;<\/p>\n<p>\u2022 80% dos procuradores, presidentes de tribunais provinciais, ju\u00edzes profissionais e da for\u00e7a de trabalho nos setores da sa\u00fade e da educa\u00e7\u00e3o.<\/p>\n<p><img decoding=\"async\" class=\"imagem100\" src=\"https:\/\/ci3.googleusercontent.com\/proxy\/y-G8ziKRDRuVjZK1uc4K3h2Bir73Pg-MeqbuC-f9SdZWRDWKlnfHPFdkB9DyK2DWDQ0n4ZV76_CHcWy8-1rbgPe3QoX4KiJhirdA=s0-d-e1-ft#http:\/\/pt.granma.cu\/file\/img\/2019\/08\/medium\/f0017555.jpg\" alt=\"imagem\" \/><\/p>\n<p>Mariana Grajales, a m\u00e3e de todos os cubanos, \u00e9 um exemplo de for\u00e7a e dedica\u00e7\u00e3o \u00e0 P\u00e1tria.\u00a0<strong>Photo: Arquivo do Granma<\/strong><\/p>\n<p><img decoding=\"async\" class=\"imagem100\" src=\"https:\/\/ci3.googleusercontent.com\/proxy\/LWUyOPyh6KZtrD-NpWO-bzKA2R-U0rwwW6F_tSipiGhKQrcIo0lsTOYUceZBt7lEU7SwdMM_3otCv5rzT_J9cAToFvMf4pCyKco6=s0-d-e1-ft#http:\/\/pt.granma.cu\/file\/img\/2019\/08\/medium\/f0017557.jpg\" alt=\"imagem\" \/><\/p>\n<p>Ana Betancourt levantou a voz na Assembleia de Gu\u00e1imaro, em 1869, pelos direitos das mulheres.\u00a0<strong>Photo:\u00a0<\/strong>Arquivo do Granma<\/p>\n<p><img decoding=\"async\" class=\"imagem100\" src=\"https:\/\/ci5.googleusercontent.com\/proxy\/dgOQaDOP-N9BxU7LxcbBM8uuvkE9nBB5bk8TRygtOVAM1zjc6d5nnXfkLn1qIx22nDAxBr-l_xHH69hq6NpFzklKPX_Vac4NlFkq=s0-d-e1-ft#http:\/\/pt.granma.cu\/file\/img\/2019\/08\/medium\/f0017559.jpg\" alt=\"imagem\" \/><\/p>\n<p>Celia S\u00e1nchez foi uma das hero\u00ednas da Revolu\u00e7\u00e3o e lutadora na Serra Maestra.\u00a0<strong>Photo:\u00a0<\/strong>Arquivo do Granma<\/p>\n<p><a href=\"http:\/\/pt.granma.cu\/cuba\/2019-08-22\/mae-cuba\">http:\/\/pt.granma.cu\/cuba\/2019-<wbr \/>08-22\/mae-cuba<\/a><\/p>\n","protected":false},"excerpt":{"rendered":"<a class=\"moretag\" href=\"https:\/\/pcb.org.br\/portal2\/23833\"> <\/a>","protected":false},"author":1,"featured_media":0,"comment_status":"closed","ping_status":"closed","sticky":false,"template":"","format":"standard","meta":{"jetpack_post_was_ever_published":false,"_jetpack_newsletter_access":"","_jetpack_dont_email_post_to_subs":false,"_jetpack_newsletter_tier_id":0,"_jetpack_memberships_contains_paywalled_content":false,"_jetpack_memberships_contains_paid_content":false,"footnotes":"","jetpack_publicize_message":"","jetpack_publicize_feature_enabled":true,"jetpack_social_post_already_shared":true,"jetpack_social_options":{"image_generator_settings":{"template":"highway","default_image_id":0,"font":"","enabled":false},"version":2}},"categories":[47],"tags":[233],"class_list":["post-23833","post","type-post","status-publish","format-standard","hentry","category-c57-revolucao-cubana","tag-6a"],"jetpack_publicize_connections":[],"jetpack_featured_media_url":"","jetpack_shortlink":"https:\/\/wp.me\/p659gw-6cp","jetpack-related-posts":[],"jetpack_likes_enabled":true,"jetpack_sharing_enabled":true,"_links":{"self":[{"href":"https:\/\/pcb.org.br\/portal2\/wp-json\/wp\/v2\/posts\/23833","targetHints":{"allow":["GET"]}}],"collection":[{"href":"https:\/\/pcb.org.br\/portal2\/wp-json\/wp\/v2\/posts"}],"about":[{"href":"https:\/\/pcb.org.br\/portal2\/wp-json\/wp\/v2\/types\/post"}],"author":[{"embeddable":true,"href":"https:\/\/pcb.org.br\/portal2\/wp-json\/wp\/v2\/users\/1"}],"replies":[{"embeddable":true,"href":"https:\/\/pcb.org.br\/portal2\/wp-json\/wp\/v2\/comments?post=23833"}],"version-history":[{"count":0,"href":"https:\/\/pcb.org.br\/portal2\/wp-json\/wp\/v2\/posts\/23833\/revisions"}],"wp:attachment":[{"href":"https:\/\/pcb.org.br\/portal2\/wp-json\/wp\/v2\/media?parent=23833"}],"wp:term":[{"taxonomy":"category","embeddable":true,"href":"https:\/\/pcb.org.br\/portal2\/wp-json\/wp\/v2\/categories?post=23833"},{"taxonomy":"post_tag","embeddable":true,"href":"https:\/\/pcb.org.br\/portal2\/wp-json\/wp\/v2\/tags?post=23833"}],"curies":[{"name":"wp","href":"https:\/\/api.w.org\/{rel}","templated":true}]}}