{"id":23847,"date":"2021-07-21T01:53:03","date_gmt":"2021-07-21T01:53:03","guid":{"rendered":"https:\/\/pcb.org.br\/portal2\/?p=23847"},"modified":"2021-07-21T01:54:22","modified_gmt":"2021-07-21T04:54:22","slug":"as-ruas-contra-a-politica-da-morte","status":"publish","type":"post","link":"https:\/\/pcb.org.br\/portal2\/23847","title":{"rendered":"\u00c0s ruas contra a pol\u00edtica da morte!"},"content":{"rendered":"<p><img decoding=\"async\" class=\"imagem\" title=\"imagem\" src=\"https:\/\/i0.wp.com\/ujc.org.br\/wp-content\/uploads\/2021\/07\/IMG_20210716_123801_730.png\" alt=\"imagem\" \/><!--more-->A Juventude Trabalhadora Contra a Pol\u00edtica da Morte<\/p>\n<p>Jovens Trabalhadores da Grande Florian\u00f3polis \u2013 UJC<\/p>\n<p>A classe trabalhadora brasileira encara no momento uma sequ\u00eancia brutal de ataques \u00e0s suas condi\u00e7\u00f5es b\u00e1sicas de vida e trabalho pelo governo ultraliberal Bolsonaro-Mour\u00e3o, que tem aprofundado o desmonte de qualquer garantia trabalhista e se colocado como aliado da morte atrav\u00e9s das pol\u00edticas de sa\u00fade referentes \u00e0 pandemia do COVID-19.<\/p>\n<p>No que se refere \u00e0 pandemia, a postura do governo \u00e9 resumida na neglig\u00eancia deliberada com a sa\u00fade do povo, como se v\u00ea no caso escrachado da hidroxicloroquina beneficiando empresas da ind\u00fastria farmac\u00eautica dirigidas por empres\u00e1rios ligados ao bolsonarismo.<\/p>\n<p>Com o desmonte do SUS e a reabertura dos trabalhos n\u00e3o essenciais, o colapso na sa\u00fade se tornou uma realidade, com a falta de leitos de UTI, respiradores e profissionais em compara\u00e7\u00e3o \u00e0 demanda de pacientes.<\/p>\n<p>Pelo boicote \u00e0 compra das vacinas, a campanha de vacina\u00e7\u00e3o no Brasil anda a passos lentos, minada pela propaganda de que a via seria de uma suposta \u201cimuniza\u00e7\u00e3o de rebanho\u201d, o que j\u00e1 explicita como a classe dominante enxerga o povo brasileiro.<\/p>\n<p>N\u00e3o bastasse a constante amea\u00e7a de sofrimento e morte pelo v\u00edrus, que j\u00e1 ceifou mais de meio milh\u00e3o de vidas no pa\u00eds, a precariza\u00e7\u00e3o do trabalho se expressa gravemente no crescimento galopante do desemprego e da informalidade, crescimento este acompanhado do aprofundamento da superexplora\u00e7\u00e3o e do agravamento da insalubridade nos locais de trabalho.<\/p>\n<p>Especialmente para jovens que se encontram em empregos formais, a ida e vinda ao trabalho \u00e9 marcada pela exposi\u00e7\u00e3o di\u00e1ria ao v\u00edrus no transporte p\u00fablico, lotado, sem acesso regular a equipamentos de prote\u00e7\u00e3o adequados.<\/p>\n<p>No trabalho informal, encara-se muitas vezes jornadas massacrantes de mais de doze horas di\u00e1rias, sendo recorrente o abandono de paradas para descansar ou comer, buscando garantir o m\u00ednimo para sua sobreviv\u00eancia.<\/p>\n<p>Essas condi\u00e7\u00f5es colocam uma grande parcela da juventude em um cotidiano de vender o almo\u00e7o para garantir a janta.<br \/>\nA juventude trabalhadora, principalmente a que mora em bairros perif\u00e9ricos, vive em uma situa\u00e7\u00e3o extremamente prec\u00e1ria, se encontrando mais exposta ao v\u00edrus devido \u00e0s precariedades de quest\u00f5es b\u00e1sicas como moradia e acesso \u00e0 sa\u00fade que j\u00e1 enfrentava antes da pandemia.<br \/>\nCom essa precariedade, os e as jovens que se encontram desempregados t\u00eam sua inser\u00e7\u00e3o no mercado de trabalho ainda mais dificultada e for\u00e7ada \u00e0 imobilidade, impactando na perspectiva de futuro da juventude e subutilizando sua for\u00e7a de trabalho no presente.<\/p>\n<p>Tendo em vista esta realidade, a classe trabalhadora vive numa luta obstinada contra a amea\u00e7a do v\u00edrus e da fome, empenhando-se para mediar o aumento dos pre\u00e7os dos insumos b\u00e1sicos, como luz, g\u00e1s e comida, com as limita\u00e7\u00f5es de sua renda.<\/p>\n<p>Um amplo programa de aux\u00edlio de renda, aumentado para um sal\u00e1rio m\u00ednimo, se faz uma necessidade urgente como forma de enfrentar as dificuldades da conjuntura e abrir possibilidade da juventude n\u00e3o s\u00f3 ter condi\u00e7\u00f5es adequadas de vida, mas tamb\u00e9m para ter acesso ao emprego.<\/p>\n<p>Frente a esse cen\u00e1rio de genoc\u00eddio do povo brasileiro, reafirmamos a necessidade da luta contra o bolsonarismo e seus aliados, pelo fim do capitalismo e do imperialismo, e chamamos o povo da Grande Florian\u00f3polis a comparecer ao ato do dia 24 de julho, para unirmos nossas for\u00e7as na luta por vida e trabalho dignos, por vacina no bra\u00e7o e comida no prato!<\/p>\n<p>FORA BOLSONARO, MOUR\u00c3O E GUEDES!<br \/>\nEM DEFESA DO SUS, CONTRA A PRECARIZA\u00c7\u00c3O DA SA\u00daDE!<\/p>\n<p>PELA VACINA\u00c7\u00c3O EM MASSA!<\/p>\n<p>PELO AUX\u00cdLIO EMERGENCIAL DIGNO!<\/p>\n<p>PELO PODER POPULAR E RUMO AO SOCIALISMO!<\/p>\n<blockquote class=\"wp-embedded-content\" data-secret=\"f6UbgFsovp\"><p><a href=\"http:\/\/ujc.org.br\/24-de-julho-a-juventude-trabalhadora-contra-a-politica-da-morte\/\">24 DE JULHO: A Juventude Trabalhadora Contra a Pol\u00edtica da Morte<\/a><\/p><\/blockquote>\n<p><iframe loading=\"lazy\" class=\"wp-embedded-content\" sandbox=\"allow-scripts\" security=\"restricted\" style=\"position: absolute; clip: rect(1px, 1px, 1px, 1px);\" title=\"&#8220;24 DE JULHO: A Juventude Trabalhadora Contra a Pol\u00edtica da Morte&#8221; &#8212; UJC\" src=\"http:\/\/ujc.org.br\/24-de-julho-a-juventude-trabalhadora-contra-a-politica-da-morte\/embed\/#?secret=f6UbgFsovp\" data-secret=\"f6UbgFsovp\" width=\"600\" height=\"338\" frameborder=\"0\" marginwidth=\"0\" marginheight=\"0\" scrolling=\"no\"><\/iframe><\/p>\n","protected":false},"excerpt":{"rendered":"<a class=\"moretag\" href=\"https:\/\/pcb.org.br\/portal2\/23847\"> <\/a>","protected":false},"author":1,"featured_media":0,"comment_status":"closed","ping_status":"closed","sticky":false,"template":"","format":"standard","meta":{"jetpack_post_was_ever_published":false,"_jetpack_newsletter_access":"","_jetpack_dont_email_post_to_subs":false,"_jetpack_newsletter_tier_id":0,"_jetpack_memberships_contains_paywalled_content":false,"_jetpack_memberships_contains_paid_content":false,"footnotes":"","jetpack_publicize_message":"","jetpack_publicize_feature_enabled":true,"jetpack_social_post_already_shared":true,"jetpack_social_options":{"image_generator_settings":{"template":"highway","default_image_id":0,"font":"","enabled":false},"version":2}},"categories":[27],"tags":[223],"class_list":["post-23847","post","type-post","status-publish","format-standard","hentry","category-c27-ujc","tag-3a"],"jetpack_publicize_connections":[],"jetpack_featured_media_url":"","jetpack_shortlink":"https:\/\/wp.me\/p659gw-6cD","jetpack-related-posts":[],"jetpack_likes_enabled":true,"jetpack_sharing_enabled":true,"_links":{"self":[{"href":"https:\/\/pcb.org.br\/portal2\/wp-json\/wp\/v2\/posts\/23847","targetHints":{"allow":["GET"]}}],"collection":[{"href":"https:\/\/pcb.org.br\/portal2\/wp-json\/wp\/v2\/posts"}],"about":[{"href":"https:\/\/pcb.org.br\/portal2\/wp-json\/wp\/v2\/types\/post"}],"author":[{"embeddable":true,"href":"https:\/\/pcb.org.br\/portal2\/wp-json\/wp\/v2\/users\/1"}],"replies":[{"embeddable":true,"href":"https:\/\/pcb.org.br\/portal2\/wp-json\/wp\/v2\/comments?post=23847"}],"version-history":[{"count":0,"href":"https:\/\/pcb.org.br\/portal2\/wp-json\/wp\/v2\/posts\/23847\/revisions"}],"wp:attachment":[{"href":"https:\/\/pcb.org.br\/portal2\/wp-json\/wp\/v2\/media?parent=23847"}],"wp:term":[{"taxonomy":"category","embeddable":true,"href":"https:\/\/pcb.org.br\/portal2\/wp-json\/wp\/v2\/categories?post=23847"},{"taxonomy":"post_tag","embeddable":true,"href":"https:\/\/pcb.org.br\/portal2\/wp-json\/wp\/v2\/tags?post=23847"}],"curies":[{"name":"wp","href":"https:\/\/api.w.org\/{rel}","templated":true}]}}