{"id":23857,"date":"2019-08-31T06:33:44","date_gmt":"2019-08-31T09:33:44","guid":{"rendered":"https:\/\/pcb.org.br\/portal2\/?p=23857"},"modified":"2019-08-31T06:33:44","modified_gmt":"2019-08-31T09:33:44","slug":"destruicao-ambiental-em-favor-do-lucro","status":"publish","type":"post","link":"https:\/\/pcb.org.br\/portal2\/23857","title":{"rendered":"Destrui\u00e7\u00e3o ambiental em favor do lucro"},"content":{"rendered":"<p><img decoding=\"async\" class=\"imagem\" title=\"imagem\" src=\"https:\/\/i0.wp.com\/inter.kke.gr\/export\/sites\/inter\/.content\/images\/news\/sintagma-kne-24.jpg_2126691551.jpg\" alt=\"imagem\" \/><!--more-->O desenvolvimento capitalista destr\u00f3i o meio ambiente para obter seus lucros<\/p>\n<p>KNE &#8211; Juventude Comunista da Gr\u00e9cia<\/p>\n<p>A Juventude Comunista da Gr\u00e9cia (KNE) fez uma mobiliza\u00e7\u00e3o, na ter\u00e7a-feira, 27 de agosto, na Pra\u00e7a Syntagma (em frente ao parlamento grego), contra o desastre ambiental que est\u00e1 ocorrendo na Amaz\u00f4nia. O objetivo da mobiliza\u00e7\u00e3o foi conscientizar o povo, seguindo-se um protesto diante da embaixada brasileira.<\/p>\n<p>Conforme declarado em um comunicado do Gabinete de Imprensa da KNE:<\/p>\n<p>&#8220;A enorme cat\u00e1strofe que se desenvolve na regi\u00e3o amaz\u00f4nica, o ecossistema corretamente chamado de &#8216;pulm\u00e3o&#8217; da Terra, prova mais uma vez, da maneira mais tr\u00e1gica, que o capitalismo, com a busca incans\u00e1vel de lucros por grandes grupos neg\u00f3cios, est\u00e1 causando enormes desastres no planeta!<\/p>\n<p>O desastre na Amaz\u00f4nia est\u00e1 diretamente relacionado \u00e0 pol\u00edtica antiambiental do governo reacion\u00e1rio brasileiro de Jair Bolsonaro, que concede a \u00e1rea a ser explorada pelas multinacionais para biocombust\u00edveis, produ\u00e7\u00e3o agr\u00edcola, minera\u00e7\u00e3o e extra\u00e7\u00e3o de madeira, algo que os governos anteriores &#8211; inclusive os governos socialdemocratas de Lula e Dilma &#8211; come\u00e7aram a fazer.<\/p>\n<p>A &#8220;sensibilidade&#8221; dos governos da UE e do G7 \u00e9 hip\u00f3crita, pois as contradi\u00e7\u00f5es entre eles dizem respeito, entre outras coisas, \u00e0 explora\u00e7\u00e3o da Amaz\u00f4nia, que \u00e9 a ma\u00e7\u00e3 da disc\u00f3rdia entre os grandes grupos empresariais, ao mesmo tempo em que tudo se faz para que o Acordo UE &#8211; Mercosul (Brasil, Argentina, Uruguai, Paraguai) seja lan\u00e7ado e ativado, o que fortalece sua a\u00e7\u00e3o.<\/p>\n<p>Nesta &#8220;luta&#8221; hip\u00f3crita, tamb\u00e9m est\u00e3o envolvidos o governo do ND e do SYRIZA, quando ambos t\u00eam uma enorme responsabilidade pelos grandes desastres ambientais, como o inc\u00eandio de Mati e as inunda\u00e7\u00f5es de Mandra, que custam centenas de vidas, os inc\u00eandios em Peloponisos e em Evia, o abandono planejado de \u00e1reas verdes, parques (por exemplo, Tritsi Park) etc. com um objetivo aparente de privatiza\u00e7\u00e3o. Sua &#8220;lei&#8221; \u00e9 a pol\u00edtica &#8220;incendi\u00e1ria&#8221; que considera &#8220;custo&#8221; proteger a vida das pessoas, mas v\u00ea como &#8220;benef\u00edcio&#8221; o refor\u00e7o dos monop\u00f3lios.<\/p>\n<p>A prote\u00e7\u00e3o do meio ambiente \u00e9 um problema que diz respeito \u00e0 pr\u00f3pria vida das pessoas e dos jovens! \u00c9 por isso que n\u00e3o pode ser deixado para os exploradores respons\u00e1veis pela situa\u00e7\u00e3o em que vivemos, mas pode se tornar um elemento da luta para derrubar esse sistema e aqueles que o servem!<\/p>\n<p>Mobiliza\u00e7\u00f5es semelhantes foram realizadas na quinta-feira, 29 de agosto, em toda a Gr\u00e9cia.<\/p>\n<p>Tradu\u00e7\u00e3o: Partido Comunista Brasileiro (PCB)<\/p>\n<p>Fonte:<br \/>\nhttps:\/\/inter.kke.gr\/es\/articles\/El-desarrollo-capitalista-destruye-el-medio-ambiente-para-obtener-ganancias\/<\/p>\n","protected":false},"excerpt":{"rendered":"<a class=\"moretag\" href=\"https:\/\/pcb.org.br\/portal2\/23857\"> <\/a>","protected":false},"author":1,"featured_media":0,"comment_status":"closed","ping_status":"closed","sticky":false,"template":"","format":"standard","meta":{"jetpack_post_was_ever_published":false,"_jetpack_newsletter_access":"","_jetpack_dont_email_post_to_subs":false,"_jetpack_newsletter_tier_id":0,"_jetpack_memberships_contains_paywalled_content":false,"_jetpack_memberships_contains_paid_content":false,"footnotes":"","jetpack_publicize_message":"","jetpack_publicize_feature_enabled":true,"jetpack_social_post_already_shared":true,"jetpack_social_options":{"image_generator_settings":{"template":"highway","default_image_id":0,"font":"","enabled":false},"version":2}},"categories":[239,7],"tags":[228],"class_list":["post-23857","post","type-post","status-publish","format-standard","hentry","category-ambiental","category-s8-brasil","tag-5b"],"jetpack_publicize_connections":[],"jetpack_featured_media_url":"","jetpack_shortlink":"https:\/\/wp.me\/p659gw-6cN","jetpack-related-posts":[],"jetpack_likes_enabled":true,"jetpack_sharing_enabled":true,"_links":{"self":[{"href":"https:\/\/pcb.org.br\/portal2\/wp-json\/wp\/v2\/posts\/23857","targetHints":{"allow":["GET"]}}],"collection":[{"href":"https:\/\/pcb.org.br\/portal2\/wp-json\/wp\/v2\/posts"}],"about":[{"href":"https:\/\/pcb.org.br\/portal2\/wp-json\/wp\/v2\/types\/post"}],"author":[{"embeddable":true,"href":"https:\/\/pcb.org.br\/portal2\/wp-json\/wp\/v2\/users\/1"}],"replies":[{"embeddable":true,"href":"https:\/\/pcb.org.br\/portal2\/wp-json\/wp\/v2\/comments?post=23857"}],"version-history":[{"count":0,"href":"https:\/\/pcb.org.br\/portal2\/wp-json\/wp\/v2\/posts\/23857\/revisions"}],"wp:attachment":[{"href":"https:\/\/pcb.org.br\/portal2\/wp-json\/wp\/v2\/media?parent=23857"}],"wp:term":[{"taxonomy":"category","embeddable":true,"href":"https:\/\/pcb.org.br\/portal2\/wp-json\/wp\/v2\/categories?post=23857"},{"taxonomy":"post_tag","embeddable":true,"href":"https:\/\/pcb.org.br\/portal2\/wp-json\/wp\/v2\/tags?post=23857"}],"curies":[{"name":"wp","href":"https:\/\/api.w.org\/{rel}","templated":true}]}}