{"id":23913,"date":"2019-09-10T00:33:20","date_gmt":"2019-09-10T03:33:20","guid":{"rendered":"https:\/\/pcb.org.br\/portal2\/?p=23913"},"modified":"2019-09-14T00:04:58","modified_gmt":"2019-09-14T03:04:58","slug":"repudio-ao-assassinato-de-indigenista-no-amazonas","status":"publish","type":"post","link":"https:\/\/pcb.org.br\/portal2\/23913","title":{"rendered":"Rep\u00fadio ao assassinato de indigenista no Amazonas"},"content":{"rendered":"<p><img decoding=\"async\" class=\"imagem\" title=\"imagem\" src=\"https:\/\/i0.wp.com\/indigenistasassociadosorg.files.wordpress.com\/2019\/09\/foi-com-profunda-tristeza-que-recebemos-a-notc3adcia-do-assassinato-de-maxciel-pereira-dos-santos-nosso-colega-da-funai.-maxciel-trabalhava-hc3a1-mais-de-17-anos-na-frente-de-protec3a7c3-1.png\" alt=\"imagem\" \/><!--more-->Nota P\u00fablica de Indigenistas Associados (INA) &#8211; Associa\u00e7\u00e3o dos Servidores da FUNAI<\/p>\n<p>A Indigenistas Associados (INA), associa\u00e7\u00e3o de servidores da Funda\u00e7\u00e3o Nacional do \u00cdndio (Funai), vem prestar solidariedade \u00e0 fam\u00edlia de Maxciel Pereira dos Santos, colaborador e ex-servidor da Funai, assassinado na noite de 06\/09\/2019, em Tabatinga\/AM. Ressaltando a grande pessoa, amigo e indigenista que era Maxciel, exemplo de seriedade, parceria e dedica\u00e7\u00e3o, a INA manifesta extremo pesar com seu assassinato e espera r\u00e1pida e rigorosa investiga\u00e7\u00e3o do ocorrido.<\/p>\n<p>Maxciel atuava h\u00e1 mais de 12 anos junto \u00e0 Funai na prote\u00e7\u00e3o e promo\u00e7\u00e3o dos direitos dos povos ind\u00edgenas, sendo por cinco anos chefe do Servi\u00e7o de Gest\u00e3o Ambiental e Territorial da Coordena\u00e7\u00e3o Regional do Vale do Javari. Nos \u00faltimos anos, colaborou com a Frente de Prote\u00e7\u00e3o Etnoambiental Vale do Javari, e estava indicado para ser o coordenador desta unidade, que tem por atribui\u00e7\u00e3o realizar a prote\u00e7\u00e3o de povos ind\u00edgenas isolados e de recente contato que habitam a Terra Ind\u00edgena Vale do Javari (TI VJ), situada na tr\u00edplice fronteira Brasil\/Peru\/Col\u00f4mbia.<\/p>\n<p>Vive na TI VJ o maior n\u00famero de \u00edndios isolados do mundo, que a compartilham com outras etnias, como os Marubo, Kanamari, Korubo, Kulina, Mats\u00e9s e Matis. A TI VJ, que resguarda parte important\u00edssima da biodiversidade amaz\u00f4nica, \u00e9 alvo permanente de organiza\u00e7\u00f5es criminosas para explora\u00e7\u00e3o ilegal da ca\u00e7a, da pesca, da madeira e do ouro. Desde o ano passado, nada menos do que quatro ataques foram perpetrados \u00e0s equipes de vigil\u00e2ncia da terra ind\u00edgena. Os \u00f3rg\u00e3os de seguran\u00e7a foram comunicados pela Funai, que alertou para o perigo que o aumento da viol\u00eancia representava e solicitou apoio para a prote\u00e7\u00e3o da TI. Entretanto, ningu\u00e9m foi responsabilizado pelos<br \/>\nataques.<\/p>\n<p>Trabalhador, respeitado e querido por todos que o conheceram e com ele atuaram, o indigenista Maxciel Pereira dos Santos foi assassinado a sangue frio, em avenida movimentada, \u00e0s seis da tarde, diante de sua fam\u00edlia. H\u00e1 ind\u00edcios de que esse crime b\u00e1rbaro tenha ocorrido em repres\u00e1lia \u00e0 sua atua\u00e7\u00e3o no combate a pr\u00e1ticas de il\u00edcitos no interior da Terra Ind\u00edgena, uma vez que dava apoio operacional a a\u00e7\u00f5es de fiscaliza\u00e7\u00e3o e atuava em Base de Prote\u00e7\u00e3o respons\u00e1vel por fazer o controle de ingresso de pessoas n\u00e3o autorizadas em territ\u00f3rio exclusivo dos povos ind\u00edgenas da TI VJ.<\/p>\n<p>Este epis\u00f3dio tr\u00e1gico e extremo se soma a muitos outros. Nos mais diferentes contextos, da Amaz\u00f4nia \u00e0 regi\u00e3o Sul do pa\u00eds, ind\u00edgenas, servidores e colaboradores atuam em condi\u00e7\u00f5es prec\u00e1rias e insuficientes na prote\u00e7\u00e3o de Terras Ind\u00edgenas. Por conta da participa\u00e7\u00e3o em a\u00e7\u00f5es de combate a il\u00edcitos nesses territ\u00f3rios, encontram-se cada vez mais amea\u00e7ados e vulner\u00e1veis.<\/p>\n<p>A INA vem expondo esta situa\u00e7\u00e3o h\u00e1 algum tempo e solicitando medidas para garantir condi\u00e7\u00f5es m\u00ednimas de trabalho e seguran\u00e7a, inexistentes no momento. Em fevereiro deste ano, entregamos \u00e0 Funai o Of\u00edcio 003\/2019, solicitando provid\u00eancias para implementa\u00e7\u00e3o de um Protocolo de Seguran\u00e7a para prote\u00e7\u00e3o dos servidores do \u00f3rg\u00e3o.<br \/>\nTal solicita\u00e7\u00e3o foi refor\u00e7ada tamb\u00e9m ao Minist\u00e9rio da Justi\u00e7a e Seguran\u00e7a P\u00fablica, no m\u00eas de junho, por meio do Of\u00edcio 109\/2019, e mais recentemente o reiteramos em Of\u00edcio \u00e0 Funai, em setembro de 2019. Entretanto, at\u00e9 o momento, a INA n\u00e3o recebeu respostas, nem tomou conhecimento de quaisquer medidas adotadas para aumentar a<br \/>\nprote\u00e7\u00e3o e seguran\u00e7a de indigenistas no desempenho de suas atividades.<\/p>\n<p>Pontos importantes para a prote\u00e7\u00e3o das Terras Ind\u00edgenas, e dos servidores, foram ressaltados ainda na Carta &#8220;Propostas dos Servidores da \u00c1rea Ambiental para a Solu\u00e7\u00e3o da Crise&#8221;, de 4 de setembro de 2019, produzida pela Ascema Nacional e apoiada pela INA. Com consterna\u00e7\u00e3o, a INA, desde j\u00e1, expressa grave preocupa\u00e7\u00e3o com:<\/p>\n<p>&#8211; o respeito aos direitos dos familiares de Maxciel;<br \/>\n&#8211; a investiga\u00e7\u00e3o de seu assassinato e a puni\u00e7\u00e3o dos respons\u00e1veis, de modo a demonstrar que o Brasil j\u00e1 n\u00e3o compactua com a viol\u00eancia contra os que, na forma da lei, se dedicam \u00e0 prote\u00e7\u00e3o e promo\u00e7\u00e3o dos direitos ind\u00edgenas;<br \/>\n&#8211; a ado\u00e7\u00e3o de urgentes medidas para a prote\u00e7\u00e3o dos agentes que seguir\u00e3o atuando na prote\u00e7\u00e3o dos territ\u00f3rios e na promo\u00e7\u00e3o dos direitos ind\u00edgenas.<\/p>\n<p>Com a profunda sensa\u00e7\u00e3o de que fomos todos atingidos, manifestamos \u00e0 sociedade brasileira a necessidade urgente de reflex\u00e3o sobre os rumos das pol\u00edticas indigenista, ambiental e de desenvolvimento da Amaz\u00f4nia. Aos indigenistas e aos povos ind\u00edgenas, seguimos juntos.<\/p>\n<p>INDIGENISTAS ASSOCIADOS<\/p>\n<p>08 de setembro de 2019<\/p>\n<p><a href=\"https:\/\/indigenistasassociados.org.br\/2019\/09\/08\/nota-publica-assassinato-de-indigenista-no-extremo-oeste-do-amazonas\/\">Nota P\u00fablica &#8211; Assassinato de indigenista no extremo oeste do&nbsp;Amazonas<\/a><\/p>\n","protected":false},"excerpt":{"rendered":"<a class=\"moretag\" href=\"https:\/\/pcb.org.br\/portal2\/23913\"> <\/a>","protected":false},"author":1,"featured_media":0,"comment_status":"closed","ping_status":"closed","sticky":false,"template":"","format":"standard","meta":{"jetpack_post_was_ever_published":false,"_jetpack_newsletter_access":"","_jetpack_dont_email_post_to_subs":false,"_jetpack_newsletter_tier_id":0,"_jetpack_memberships_contains_paywalled_content":false,"_jetpack_memberships_contains_paid_content":false,"footnotes":"","jetpack_publicize_message":"","jetpack_publicize_feature_enabled":true,"jetpack_social_post_already_shared":true,"jetpack_social_options":{"image_generator_settings":{"template":"highway","default_image_id":0,"font":"","enabled":false},"version":2}},"categories":[163,20],"tags":[222],"class_list":["post-23913","post","type-post","status-publish","format-standard","hentry","category-movimento-indigena","category-c1-popular","tag-2b"],"jetpack_publicize_connections":[],"jetpack_featured_media_url":"","jetpack_shortlink":"https:\/\/wp.me\/p659gw-6dH","jetpack-related-posts":[],"jetpack_likes_enabled":true,"jetpack_sharing_enabled":true,"_links":{"self":[{"href":"https:\/\/pcb.org.br\/portal2\/wp-json\/wp\/v2\/posts\/23913","targetHints":{"allow":["GET"]}}],"collection":[{"href":"https:\/\/pcb.org.br\/portal2\/wp-json\/wp\/v2\/posts"}],"about":[{"href":"https:\/\/pcb.org.br\/portal2\/wp-json\/wp\/v2\/types\/post"}],"author":[{"embeddable":true,"href":"https:\/\/pcb.org.br\/portal2\/wp-json\/wp\/v2\/users\/1"}],"replies":[{"embeddable":true,"href":"https:\/\/pcb.org.br\/portal2\/wp-json\/wp\/v2\/comments?post=23913"}],"version-history":[{"count":0,"href":"https:\/\/pcb.org.br\/portal2\/wp-json\/wp\/v2\/posts\/23913\/revisions"}],"wp:attachment":[{"href":"https:\/\/pcb.org.br\/portal2\/wp-json\/wp\/v2\/media?parent=23913"}],"wp:term":[{"taxonomy":"category","embeddable":true,"href":"https:\/\/pcb.org.br\/portal2\/wp-json\/wp\/v2\/categories?post=23913"},{"taxonomy":"post_tag","embeddable":true,"href":"https:\/\/pcb.org.br\/portal2\/wp-json\/wp\/v2\/tags?post=23913"}],"curies":[{"name":"wp","href":"https:\/\/api.w.org\/{rel}","templated":true}]}}