{"id":23920,"date":"2019-09-10T22:55:25","date_gmt":"2019-09-11T01:55:25","guid":{"rendered":"https:\/\/pcb.org.br\/portal2\/?p=23920"},"modified":"2019-09-10T22:55:25","modified_gmt":"2019-09-11T01:55:25","slug":"a-industria-brasileira-desaba","status":"publish","type":"post","link":"https:\/\/pcb.org.br\/portal2\/23920","title":{"rendered":"A ind\u00fastria brasileira desaba"},"content":{"rendered":"<p><img decoding=\"async\" class=\"imagem\" title=\"imagem\" src=\"https:\/\/i2.wp.com\/criticadaeconomia.com\/wp-content\/uploads\/2019\/09\/Brasil-producao_industrial_agencia_brasil.jpg?resize=620%2C350&amp;ssl=1\" alt=\"imagem\" \/><!--more-->Empres\u00e1rios, economistas e m\u00eddia voltam a falar fino<\/p>\n<p>CR\u00cdTICA DA ECONOMIA<\/p>\n<p>por Jos\u00e9 Martins<\/p>\n<p>Os in\u00fateis empres\u00e1rios brasileiros, seus economistas e sua m\u00eddia boca de aluguel voltaram a falar fino. Menos de uma semana atr\u00e1s (dia 30 agosto) eles falavam mais grosso que de costume. Tinham o que festejar.<\/p>\n<p>Festejar o qu\u00ea? Os dados do PIB no 2\u00ba trimestre 2019, divulgados naquela semana pelo IBGE. Festejavam a \u201crecupera\u00e7\u00e3o do crescimento\u201d da economia nacional. Todos os jornais e notici\u00e1rios a servi\u00e7o do sistema puxavam o coro dos otimistas.<\/p>\n<p>O simp\u00e1tico presidente da Rep\u00fablica, cara mais expressiva dos empres\u00e1rios nacionais e do sistema imperialista, era o mais entusiasmado de todos. Como noticiava o jornal Folha de S.Paulo (30\/Agosto): \u201cO presidente Jair Bolsonaro comemorou nesta quinta-feira (29) a melhora da economia brasileira no segundo trimestre registrada pelo IBGE (Instituto Brasileiro de Geografia e Estat\u00edstica)&#8221;.<\/p>\n<p>\u201cHoje tivemos uma boa not\u00edcia, um dado positivo da Economia\u201d, disse Bolsonaro, durante lan\u00e7amento, no Pal\u00e1cio do Planalto, do programa Em Frente Brasil, voltado para o combate da viol\u00eancia no pa\u00eds. \u201cFiquei feliz de ver as m\u00eddias sociais divulgarem uma not\u00edcia dessas. E a economia tamb\u00e9m ajuda nessa quest\u00e3o. Porque se o desemprego cai, a viol\u00eancia tamb\u00e9m diminui no nosso pa\u00eds\u201d, acrescentou.<\/p>\n<p>No mesmo dia, o jornal Valor Econ\u00f4mico estampava a ufanista manchete de primeira p\u00e1gina: \u201cPIB surpreende e afasta temor de nova recess\u00e3o\u201d. No corpo da mat\u00e9ria enfatizava: \u201cOs n\u00fameros mostram que o Brasil n\u00e3o est\u00e1 em recess\u00e3o, risco esperado por alguns, uma vez que, entre janeiro e mar\u00e7o, o Produto Interno Bruto (PIB) caiu 0,1%.\u201d<\/p>\n<p>Mais abaixo uma important\u00edssima observa\u00e7\u00e3o: \u201cAs boas not\u00edcias vieram da ind\u00fastria de transforma\u00e7\u00e3o, que avan\u00e7ou 2%, e da constru\u00e7\u00e3o civil, que cresceu 1,9%. Os dois setores, principalmente o segundo, est\u00e3o entre os que mais sofreram com a crise que assola a economia brasileira h\u00e1 seis anos.\u201d<\/p>\n<p>Uma semana depois, essa festan\u00e7a foi repentinamente substitu\u00edda por dissimula\u00e7\u00f5es e pessimismo. Profundo pessimismo, quase desespero daqueles mesmos in\u00fateis empres\u00e1rios brasileiros, economistas, governo e m\u00eddia boca de aluguel. Voltaram a falar fino, como sempre.<\/p>\n<p>Por que tanto pessimismo? Que m\u00e1s not\u00edcias poderiam ter motivado esta s\u00fabita mudan\u00e7a de humor? Exatamente a sinistra divulga\u00e7\u00e3o pelo IBGE, quarta-feira (04 Setembro), dos \u00faltimos dados da produ\u00e7\u00e3o industrial. Agora mais de acordo com a realidade.<\/p>\n<p>O outrora otimista Valor Econ\u00f4mico agora noticia funebremente, no meio da sua edi\u00e7\u00e3o de quarta-feira (04 setembro), em um canto bem escondido, que \u201cInd\u00fastria decepciona e come\u00e7a trimestre em queda\u201d<\/p>\n<p>Resultado insofism\u00e1vel: ao inv\u00e9s de recupera\u00e7\u00e3o do crescimento industrial, como se imaginava h\u00e1 uma semana, agora chega not\u00edcia de que a ind\u00fastria nacional desabou no 1\u00ba semestre do ano.<\/p>\n<p>Particularmente no 2\u00ba trimestre do ano, aquele mesmo per\u00edodo t\u00e3o comemorado uma semana antes com uma suposta expans\u00e3o do PIB\/2\u00ba trimestre 2019, que, como visto acima, salientado na mat\u00e9ria do jornal Valor Econ\u00f4mico, teria sido puxada pela robusta expans\u00e3o de 2% da ind\u00fastria da transforma\u00e7\u00e3o.<\/p>\n<p>Ora, agora \u00e9 oficializado no novo relat\u00f3rio divulgado pelo IBGE que foi exatamente esta ind\u00fastria da transforma\u00e7\u00e3o que mais caiu no per\u00edodo. Em julho de 2019, a produ\u00e7\u00e3o industrial nacional caiu 0,3% frente a junho (s\u00e9rie com ajuste sazonal), terceiro resultado negativo consecutivo.<\/p>\n<p>A perda acumulada nesse per\u00edodo foi de 1,2%. No confronto com julho de 2018 (s\u00e9rie sem ajuste sazonal), a ind\u00fastria recuou 2,5%, ap\u00f3s queda de 5,9% em junho.<\/p>\n<p>O acumulado no ano foi de -1,7%. O acumulado nos \u00faltimos 12 meses (-1,3%) mostrou perda de ritmo frente ao resultado de junho (-0,8%) e permaneceu com a trajet\u00f3ria predominantemente descendente iniciada em julho de 2018 (3,2%).<\/p>\n<p>Para maior precis\u00e3o do processo deve-se observar a evolu\u00e7\u00e3o da m\u00e9dia m\u00f3vel trimestral. \u00c9 o melhor registro estat\u00edstico para conferir o real desempenho da ind\u00fastria da transforma\u00e7\u00e3o naquele festejado PIB 2\u00ba trimestre\/2019, como, principalmente, o que se projeta para a economia como um todo nos pr\u00f3ximos trimestres.<\/p>\n<p>Neste sentido, os competentes e profissionais t\u00e9cnicos do IBGE \u2013 n\u00e3o confundir com sua atual dire\u00e7\u00e3o e interfer\u00eancias externas de milicianos de Bras\u00edlia para manipula\u00e7\u00e3o de indicadores \u2013 ainda conseguem nos informar que a m\u00e9dia m\u00f3vel trimestral (com ajuste sazonal) mostrou varia\u00e7\u00e3o de (-) 0,4% no trimestre encerrado em julho de 2019 e manteve a trajet\u00f3ria predominantemente descendente iniciada em agosto de 2018. A ind\u00fastria j\u00e1 navega tropegamente no territ\u00f3rio das taxas abaixo de zero.<\/p>\n<p>Na pr\u00f3xima revis\u00e3o do PIB 2\u00ba trimestre, possivelmente na virada deste m\u00eas de setembro para outubro, com estes indicadores mais realistas o IBGE dever\u00e1 revisar fortemente para baixo aquele estranho 2% de expans\u00e3o da ind\u00fastria da transforma\u00e7\u00e3o embutido no c\u00e1lculo do PIB.<\/p>\n<p>E a\u00ed, quem sabe, a na\u00e7\u00e3o ainda se lembre daquela fajuta varia\u00e7\u00e3o do PIB trimestral de 0.4% t\u00e3o entusiasticamente festejado h\u00e1 uma semana por in\u00fateis empres\u00e1rios propriet\u00e1rios das terras e demais meios de produ\u00e7\u00e3o no pa\u00eds; seu simpatic\u00edssimo presidente da Rep\u00fablica; seus eunucos economistas e sua corrompida m\u00eddia oficial.<\/p>\n<p>Apenas nua e crua realidade. Entre a propaganda enganosa destes desonestos empres\u00e1rios e a realidade material do pa\u00eds h\u00e1 um abismo econ\u00f4mico e social.<\/p>\n<p>Quando se observa criteriosamente esse processo de ruptura do atual sistema imperialista de explora\u00e7\u00e3o global, o cen\u00e1rio mais prov\u00e1vel para os pr\u00f3ximos trimestres \u00e9 uma continuidade de estagna\u00e7\u00e3o com tend\u00eancia a uma repentina depress\u00e3o da economia brasileira.<\/p>\n<blockquote class=\"wp-embedded-content\" data-secret=\"2vZRhmx4gO\"><p><a href=\"https:\/\/criticadaeconomia.com\/2019\/09\/a-industria-brasileira-desaba-empresarios-economistas-e-midia-voltam-a-falar-fino\/\">A ind\u00fastria brasileira desaba: empres\u00e1rios, economistas e m\u00eddia voltam a falar fino.<\/a><\/p><\/blockquote>\n<p><iframe loading=\"lazy\" title=\"&#8220;A ind\u00fastria brasileira desaba: empres\u00e1rios, economistas e m\u00eddia voltam a falar fino.&#8221; &#8212; \" class=\"wp-embedded-content\" sandbox=\"allow-scripts\" security=\"restricted\" style=\"position: absolute; clip: rect(1px, 1px, 1px, 1px);\" src=\"https:\/\/criticadaeconomia.com\/2019\/09\/a-industria-brasileira-desaba-empresarios-economistas-e-midia-voltam-a-falar-fino\/embed\/#?secret=2vZRhmx4gO\" data-secret=\"2vZRhmx4gO\" width=\"600\" height=\"338\" frameborder=\"0\" marginwidth=\"0\" marginheight=\"0\" scrolling=\"no\"><\/iframe><br \/>\nResposta r\u00e1pida<\/p>\n","protected":false},"excerpt":{"rendered":"<a class=\"moretag\" href=\"https:\/\/pcb.org.br\/portal2\/23920\"> <\/a>","protected":false},"author":1,"featured_media":0,"comment_status":"closed","ping_status":"closed","sticky":false,"template":"","format":"standard","meta":{"jetpack_post_was_ever_published":false,"_jetpack_newsletter_access":"","_jetpack_dont_email_post_to_subs":false,"_jetpack_newsletter_tier_id":0,"_jetpack_memberships_contains_paywalled_content":false,"_jetpack_memberships_contains_paid_content":false,"footnotes":"","jetpack_publicize_message":"","jetpack_publicize_feature_enabled":true,"jetpack_social_post_already_shared":true,"jetpack_social_options":{"image_generator_settings":{"template":"highway","default_image_id":0,"font":"","enabled":false},"version":2}},"categories":[7],"tags":[225],"class_list":["post-23920","post","type-post","status-publish","format-standard","hentry","category-s8-brasil","tag-4a"],"jetpack_publicize_connections":[],"jetpack_featured_media_url":"","jetpack_shortlink":"https:\/\/wp.me\/p659gw-6dO","jetpack-related-posts":[],"jetpack_likes_enabled":true,"jetpack_sharing_enabled":true,"_links":{"self":[{"href":"https:\/\/pcb.org.br\/portal2\/wp-json\/wp\/v2\/posts\/23920","targetHints":{"allow":["GET"]}}],"collection":[{"href":"https:\/\/pcb.org.br\/portal2\/wp-json\/wp\/v2\/posts"}],"about":[{"href":"https:\/\/pcb.org.br\/portal2\/wp-json\/wp\/v2\/types\/post"}],"author":[{"embeddable":true,"href":"https:\/\/pcb.org.br\/portal2\/wp-json\/wp\/v2\/users\/1"}],"replies":[{"embeddable":true,"href":"https:\/\/pcb.org.br\/portal2\/wp-json\/wp\/v2\/comments?post=23920"}],"version-history":[{"count":0,"href":"https:\/\/pcb.org.br\/portal2\/wp-json\/wp\/v2\/posts\/23920\/revisions"}],"wp:attachment":[{"href":"https:\/\/pcb.org.br\/portal2\/wp-json\/wp\/v2\/media?parent=23920"}],"wp:term":[{"taxonomy":"category","embeddable":true,"href":"https:\/\/pcb.org.br\/portal2\/wp-json\/wp\/v2\/categories?post=23920"},{"taxonomy":"post_tag","embeddable":true,"href":"https:\/\/pcb.org.br\/portal2\/wp-json\/wp\/v2\/tags?post=23920"}],"curies":[{"name":"wp","href":"https:\/\/api.w.org\/{rel}","templated":true}]}}