{"id":23925,"date":"2019-09-11T23:52:06","date_gmt":"2019-09-12T02:52:06","guid":{"rendered":"https:\/\/pcb.org.br\/portal2\/?p=23925"},"modified":"2019-09-11T23:52:06","modified_gmt":"2019-09-12T02:52:06","slug":"retornar-a-fidel-quando-a-amazonia-queima","status":"publish","type":"post","link":"https:\/\/pcb.org.br\/portal2\/23925","title":{"rendered":"Retornar a Fidel quando a Amaz\u00f4nia queima"},"content":{"rendered":"<p><img decoding=\"async\" class=\"imagem\" title=\"imagem\" src=\"https:\/\/i0.wp.com\/pt.granma.cu\/file\/img\/2019\/09\/medium\/f0017647.jpg\" alt=\"imagem\" \/><!--more-->Passaram-se 27 anos daquela advert\u00eancia de Fidel, na C\u00fapula do Meio Ambiente no Brasil, quanto a que uma esp\u00e9cie biol\u00f3gica \u2014 o homem \u2014 est\u00e1 sob o risco de desaparecer, devido \u00e0 r\u00e1pida e progressiva destrui\u00e7\u00e3o de suas condi\u00e7\u00f5es naturais de vida<\/p>\n<p>Autor: Elson Concepci\u00f3n P\u00e9rez<\/p>\n<p>ERA o dia 12 de junho de 1992, no Rio de Janeiro, Brasil. Fidel Castro falou \u2014 breve, mas com maestria \u2014 na C\u00fapula das Na\u00e7\u00f5es Unidas sobre Meio Ambiente e Desenvolvimento.<\/p>\n<p>Os presentes aplaudiram, embora houvesse alguns chefes de Estado na sala que n\u00e3o simpatizassem com o que ele dizia. Mas, pelo menos, reconheceram que suas palavras eram verdadeiras.<\/p>\n<p>O que aconteceu desde ent\u00e3o nessa mesma quest\u00e3o da mudan\u00e7a clim\u00e1tica a que Fidel se referia quando alertou que \u00abuma esp\u00e9cie biol\u00f3gica importante corre o risco de desaparecer, devido \u00e0 r\u00e1pida e progressiva liquida\u00e7\u00e3o de suas condi\u00e7\u00f5es naturais de vida: o homem\u00bb?<\/p>\n<p>Hoje, quando o grande pulm\u00e3o do planeta que \u00e9 a Amaz\u00f4nia arde incontrolavelmente, tenho certeza de que essas palavras de Fidel ressoam nos ouvidos de muitos. As raz\u00f5es s\u00e3o irrefut\u00e1veis.<\/p>\n<p>Como explicar, ent\u00e3o, que o atual presidente do Brasil, Jair Bolsonaro, durante os primeiros 20 dias dos inc\u00eandios que devastam as grandes florestas, estava culpando aqueles que \u00abtentam minar sua autoridade\u00bb ou \u00abtir\u00e1-lo da presid\u00eancia\u00bb e atacava, sem nenhuma evid\u00eancia, as organiza\u00e7\u00f5es n\u00e3o governamentais, que ele acusou de \u00abter iniciado os inc\u00eandios\u00bb?, segundo aponta uma informa\u00e7\u00e3o da BBC.<\/p>\n<p>Explica\u00e7\u00f5es cient\u00edficas mostram que, devido \u00e0 derrubada indiscriminada da floresta amaz\u00f4nica, ocorre o desmatamento que reduz o n\u00edvel de chuva local e a floresta se torna mais seca e, por sua vez, mais inflam\u00e1vel.<\/p>\n<p>Portanto, \u00e9 totalmente irrespons\u00e1vel que, em uma quest\u00e3o como esta, que afeta toda a humanidade, tenha-se deixado de lutar contra o fogo, nos primeiros 20 dias, o que causou uma das maiores devasta\u00e7\u00f5es do ecossistema lembradas na hist\u00f3ria.<\/p>\n<p>E volto a Fidel e a seu discurso na C\u00fapula do Clima, quando disse: \u00abas sociedades de consumo s\u00e3o fundamentalmente respons\u00e1veis pela destrui\u00e7\u00e3o atroz do meio ambiente\u00bb. E exemplificou: \u00abAs florestas desaparecem, os desertos se espalham, bilh\u00f5es de toneladas de terra f\u00e9rtil v\u00e3o para o mar todos os anos. Numerosas esp\u00e9cies s\u00e3o extintas. A press\u00e3o populacional e a pobreza levam a esfor\u00e7os desesperados para sobreviver, mesmo \u00e0s custas da natureza. N\u00e3o \u00e9 poss\u00edvel culpar os pa\u00edses do Terceiro Mundo, col\u00f4nias de ontem, na\u00e7\u00f5es exploradas e saqueadas hoje por uma ordem econ\u00f4mica mundial injusta\u00bb.<\/p>\n<p>Ap\u00f3s a C\u00fapula de 1992, muitas outras aconteceram. Semin\u00e1rios, workshops, compromissos n\u00e3o cumpridos, dinheiro que nunca apareceu para ajudar os pa\u00edses pobres a combater os efeitos das mudan\u00e7as clim\u00e1ticas&#8230;<\/p>\n<p>Foi assim que chegamos \u00e0 C\u00fapula de Paris e, entre 30 de novembro e 12 de dezembro de 2015, foi elaborado o Acordo assinado por quase 200 chefes de Estado ou de Governo que se comprometeram a salvar a humanidade das adversidades do clima. Parecia que entre os assistentes e signat\u00e1rios estava Fidel e que suas palavras ecoavam nos ouvidos e nas consci\u00eancias dos respons\u00e1veis por \u00absalvar a esp\u00e9cie humana\u00bb porque \u00abamanh\u00e3 ser\u00e1 tarde demais\u00bb.<\/p>\n<p>Mas a vida passou e, dois anos depois, em 2017, o mundo soube o quanto era capaz de fazer o novo presidente dos Estados Unidos, para romper com os principais acordos e conven\u00e7\u00f5es alcan\u00e7ados em anos de discuss\u00e3o, di\u00e1logo e entendimento m\u00fatuo. Trump, em uma de suas primeiras a\u00e7\u00f5es como presidente, rompeu com o Acordo de Paris. Descreveu a mudan\u00e7a clim\u00e1tica como uma mentira e procurou a lata de lixo mais pr\u00f3xima para jogar os documentos assinados por seu antecessor, Barack Obama.<\/p>\n<p>O pensamento futurista de Fidel, em 1992, de que \u00abagora estamos cientes desse problema quando j\u00e1 \u00e9 tarde demais para evit\u00e1-lo\u00bb, n\u00e3o parece ser conhecido por esse homem, que do trono imperial ignorou o Acordo de Paris e muitos outros acordos essenciais para vida humana e a paz no planeta. E por sinal, o presidente brasileiro Jair Bolsonaro \u2014 o Trump dos tr\u00f3picos \u2014 quer imit\u00e1-lo quanto a sair do Acordo de Paris e ignorar os efeitos das mudan\u00e7as clim\u00e1ticas.<\/p>\n<p>Enquanto isso, a Amaz\u00f4nia queima e em algumas regi\u00f5es do mundo parece se preparar um ambiente de guerra, onde estreitos e mares tamb\u00e9m podem se inflamar.<\/p>\n<p>NO CONTEXTO<\/p>\n<p>&#8211; A Amaz\u00f4nia, a maior floresta tropical do mundo, ocupa uma \u00e1rea de 5,5 milh\u00f5es de km2, dos quais 60% pertencem ao Brasil.<\/p>\n<p>&#8211; A regi\u00e3o amaz\u00f4nica havia perdido 5.879 km2 de florestas nos \u00faltimos 12 meses, 40% a mais que no ano anterior.<\/p>\n<p>Este ano, foram detectados 39.601 inc\u00eandios. Entre janeiro e agosto de 2019, o n\u00famero de inc\u00eandios florestais no Brasil aumentou quase 84%, em compara\u00e7\u00e3o com o mesmo per\u00edodo de 2018.<\/p>\n<p>No ano passado, o mundo perdeu 12 milh\u00f5es de hectares de florestas, incluindo 3,6 milh\u00f5es de hectares de floresta tropical prim\u00e1ria, segundo dados da Universidade de Maryland.<\/p>\n<p>A Amaz\u00f4nia n\u00e3o \u00e9 apenas o lar de centenas de povos ind\u00edgenas e milhares de esp\u00e9cies de animais e plantas, mas tamb\u00e9m tem uma fun\u00e7\u00e3o fundamental para regular o clima e as chuvas.<\/p>\n<p>Entre outras fun\u00e7\u00f5es, \u00e9 de grande ajuda para minimizar as mudan\u00e7as clim\u00e1ticas, pois armazena milh\u00f5es de toneladas de di\u00f3xido de carbono.<\/p>\n<p>http:\/\/pt.granma.cu\/mundo\/2019-09-05\/retornar-a-fidel-quando-a-amazonia-queima<\/p>\n","protected":false},"excerpt":{"rendered":"<a class=\"moretag\" href=\"https:\/\/pcb.org.br\/portal2\/23925\"> <\/a>","protected":false},"author":1,"featured_media":0,"comment_status":"closed","ping_status":"closed","sticky":false,"template":"","format":"standard","meta":{"jetpack_post_was_ever_published":false,"_jetpack_newsletter_access":"","_jetpack_dont_email_post_to_subs":false,"_jetpack_newsletter_tier_id":0,"_jetpack_memberships_contains_paywalled_content":false,"_jetpack_memberships_contains_paid_content":false,"footnotes":"","jetpack_publicize_message":"","jetpack_publicize_feature_enabled":true,"jetpack_social_post_already_shared":true,"jetpack_social_options":{"image_generator_settings":{"template":"highway","default_image_id":0,"font":"","enabled":false},"version":2}},"categories":[239],"tags":[228],"class_list":["post-23925","post","type-post","status-publish","format-standard","hentry","category-ambiental","tag-5b"],"jetpack_publicize_connections":[],"jetpack_featured_media_url":"","jetpack_shortlink":"https:\/\/wp.me\/p659gw-6dT","jetpack-related-posts":[],"jetpack_likes_enabled":true,"jetpack_sharing_enabled":true,"_links":{"self":[{"href":"https:\/\/pcb.org.br\/portal2\/wp-json\/wp\/v2\/posts\/23925","targetHints":{"allow":["GET"]}}],"collection":[{"href":"https:\/\/pcb.org.br\/portal2\/wp-json\/wp\/v2\/posts"}],"about":[{"href":"https:\/\/pcb.org.br\/portal2\/wp-json\/wp\/v2\/types\/post"}],"author":[{"embeddable":true,"href":"https:\/\/pcb.org.br\/portal2\/wp-json\/wp\/v2\/users\/1"}],"replies":[{"embeddable":true,"href":"https:\/\/pcb.org.br\/portal2\/wp-json\/wp\/v2\/comments?post=23925"}],"version-history":[{"count":0,"href":"https:\/\/pcb.org.br\/portal2\/wp-json\/wp\/v2\/posts\/23925\/revisions"}],"wp:attachment":[{"href":"https:\/\/pcb.org.br\/portal2\/wp-json\/wp\/v2\/media?parent=23925"}],"wp:term":[{"taxonomy":"category","embeddable":true,"href":"https:\/\/pcb.org.br\/portal2\/wp-json\/wp\/v2\/categories?post=23925"},{"taxonomy":"post_tag","embeddable":true,"href":"https:\/\/pcb.org.br\/portal2\/wp-json\/wp\/v2\/tags?post=23925"}],"curies":[{"name":"wp","href":"https:\/\/api.w.org\/{rel}","templated":true}]}}