{"id":23929,"date":"2019-09-12T00:00:48","date_gmt":"2019-09-12T03:00:48","guid":{"rendered":"https:\/\/pcb.org.br\/portal2\/?p=23929"},"modified":"2019-09-12T00:00:48","modified_gmt":"2019-09-12T03:00:48","slug":"greve-nacional-dos-correios","status":"publish","type":"post","link":"https:\/\/pcb.org.br\/portal2\/23929","title":{"rendered":"Greve nacional dos correios"},"content":{"rendered":"<p><img decoding=\"async\" class=\"imagem\" title=\"imagem\" src=\"https:\/\/i0.wp.com\/lh3.googleusercontent.com\/3KcMHRO1p-qCdRWBJ7xnf6sjH8yIjOxrFO3O9Yd_ia3z1cHu6MyASOA0UrMQ-xaxo6OovZriOOzEN3yz0kMtVPOTS7THnjgh3ZMWYtZYA1Oz01A9Z0imic7qMvA26C3bFcioooMaD9tdgQ8qDRtB8D4LlIJjAjk9ErXaxPt2qpnUEy88vg-QnK63UHdNFOSBTz0fK2tUfKR7x9CukT5CRJGeW8xxQ8q0qA3J2gEMnBe06-FVqqfPxvzpXdPjybb8kmSdMk3IVjjmkHX-uaXDdIpJ9Lz2UixemzqWyiYCBTReRDXG4MNfu3LzIJKGWwGdmm8FGxboo51xgCZnhe1uMzvHxa7S6NxyiczkU1VhqS6IL3BNv9dx5uK7jwW4_CpYpovK6rpc0Gm-idQ0I_RRXub8p_PFNyaDgGCHeZWbZeNoZNMvcOOD3Jhzsp4Yf3FcZ_cw_BNVRuQ9HFbZMQdcyFIjgqYB_Sd38Hf2M44DZO0J5jik-uINENY2wbK1Ed_gklKPqCpG0vl5TUN7g9eRnMLnhhTgR1uAM9ltOKr1B5bmjB1F_eFqxHI17h9OA9676Kxz4HsvG0vS4ZriIq8isv1Pt3CQ0rF0XO3Gp1HH64biMpfPNqLNW1RVvQogGMytcqzMmpLAAEw1a-HS5GEN8dm75BqKDGnGrSwUK55ZjqpOi2_WCiJ-qhU=w768-h389-no\" alt=\"imagem\" \/><!--more-->Coordena\u00e7\u00e3o Nacional da Unidade Classista<\/p>\n<p>Em Assembleia Extraordin\u00e1ria realizada em todo Brasil no dia 10\/09, por unanimidade, os trabalhadores ecetistas deflagraram GREVE por tempo indeterminado. O movimento nacional de luta contra a retirada de direitos e em defesa dos Correios como empresa 100% Estatal deu um importante passo na luta contra os desmandos da dire\u00e7\u00e3o da Empresa sob orienta\u00e7\u00e3o do Governo Federal.<\/p>\n<p>O SINTECT-PI (comandado pela Unidade Classista) foi o primeiro sindicato do pa\u00eds a aprovar a greve. Ao todo 36 sindicatos e as 2 federa\u00e7\u00f5es (FENTECT e FINDECT) sa\u00edram juntas na luta a partir do dia 11\/09.<\/p>\n<p>ENTENDA O CASO<\/p>\n<p>O Acordo Coletivo de Trabalho (ACT), documento que deve ser acordado e assinado entre a Empresa e a representa\u00e7\u00e3o dos trabalhadores (Sindicatos\/Federa\u00e7\u00e3o), deveria ser discutido em junho\/julho, por\u00e9m, os representantes da dire\u00e7\u00e3o da Empresa de Correios e Tel\u00e9grafos (ECT\/Correios) se mostraram intransigentes, apresentando a retirada de diversos direitos e n\u00e3o abrindo espa\u00e7o para se negociar.<\/p>\n<p>A ECT por v\u00e1rias vezes desconsiderou o Comando Nacional de Negocia\u00e7\u00e3o e Mobiliza\u00e7\u00e3o (CNNM), deixando de comparecer a reuni\u00f5es agendadas em conjunto e demonstrando que n\u00e3o iria recuar nas propostas de retirada de direitos duramente conquistados pela categoria.<\/p>\n<p>No final de julho, o Tribunal Superior do Trabalho (TST) se prop\u00f4s a realizar uma media\u00e7\u00e3o entre as partes e prorrogou o ACT vigente (2018\/2019) at\u00e9 o dia 31 de agosto. Inclusive, mantendo a situa\u00e7\u00e3o dos pais no Plano de Sa\u00fade. Por\u00e9m, no dia seguinte \u00e0 prorroga\u00e7\u00e3o, a dire\u00e7\u00e3o da ECT desautorizou o atendimento dos pais dos funcion\u00e1rios, permitindo apenas em caso de urg\u00eancia.<\/p>\n<p>Durante o per\u00edodo da prorroga\u00e7\u00e3o proposta pelo vice primeiro ministro do TST, a empresa se negou a participar e apresentar uma proposta que pudesse atender aos interesses dos trabalhadores, se negando a negociar e n\u00e3o aceitando a prorroga\u00e7\u00e3o proposta mais uma vez pelo TST para o dia 29\/09.<\/p>\n<p>O QUE QUEREM RETIRAR<\/p>\n<p>A proposta da dire\u00e7\u00e3o da ECT para os trabalhadores \u00e9 a redu\u00e7\u00e3o dos Tickets Refei\u00e7\u00e3o\/Alimenta\u00e7\u00e3o com aumento do com\u00adpartilhamento (5%, 10% e 15%); redu\u00e7\u00e3o de 26 para 23 tickets e de 30 para 27 tickets; n\u00e3o pagamento dos tickets nas f\u00e9rias [com a manuten\u00e7\u00e3o do vale cesta]; n\u00e3o pagamento do vale peru; exclus\u00e3o do Vale Cultura; redu\u00e7\u00e3o do Adicional Noturno de 60% para 20%; redu\u00e7\u00e3o da Grati\u00adfica\u00e7\u00e3o de F\u00e9rias de 70% para 33% conforme a CLT; redu\u00e7\u00e3o do per\u00adcentual do valor pago do trabalho em dia de Descanso de 200% para 100% e um reajuste salarial p\u00edfio de 0,80% sobre o sal\u00e1rio base.<\/p>\n<p>Segundo alguns estudos realizados pela FINTECT, somando-se todos os ataques apresentados na proposta da dire\u00e7\u00e3o dos Correios, a perda anual chega \u00e0 m\u00e9dia de 40%, um verdadeiro ataque contra a categoria.<\/p>\n<p>A LUTA N\u00c3O \u00c9 S\u00d3 ECON\u00d4MICA<\/p>\n<p>Outro fator que est\u00e1 mobilizando os ecetistas \u00e9 o anuncio do presidente Jair Bolsonaro e de seu ministro da Economia, Paulo Guedes, que pretendem privatizar os Correios, realizando um ataque contra a soberania nacional e pretendendo vender a empresa estatal mais antiga do pa\u00eds.<\/p>\n<p>Para a categoria, existem 2 fatores fundamentais com rela\u00e7\u00e3o \u00e0 defesa dos Correios como empresa 100% p\u00fablica: 1 \u2013 O fator de abrang\u00eancia log\u00edstica; 2 \u2013 O papel social dos Correios.<\/p>\n<p>1 \u2013 Abrang\u00eancia log\u00edstica: os trabalhadores dos Correios sabem que a empresa est\u00e1 presente na vida do povo brasileiro em seus mais de 5.570 munic\u00edpios, garantindo o direito \u00e0 comunica\u00e7\u00e3o de toda popula\u00e7\u00e3o brasileira. Caso seja realizada a privatiza\u00e7\u00e3o, muitos munic\u00edpios v\u00e3o ficar descobertos.<\/p>\n<p>A campanha de difama\u00e7\u00e3o articulada para enfraquecer a imagem dos Correios perante a opini\u00e3o p\u00fablica esconde que muitas empresas que tentam concorrer com os Correios s\u00f3 querem atender aos grandes centros e, quando as encomendas s\u00e3o para cidades distantes, essas empresas utilizam o servi\u00e7o dos Correios para executar a entrega.<\/p>\n<p>2 \u2013 A import\u00e2ncia do papel social dos Correios: poucas pessoas sabem que os Correios s\u00e3o essenciais para a realiza\u00e7\u00e3o de pol\u00edticas p\u00fablicas e servi\u00e7os sociais para a popula\u00e7\u00e3o. As campanhas de vacina\u00e7\u00e3o, campanha de amamenta\u00e7\u00e3o, responsabilidade pela log\u00edstica do ENEM, distribui\u00e7\u00e3o das urnas no per\u00edodo eleitoral, entrega de donativos e atua\u00e7\u00e3o em grandes trag\u00e9dias como Mariana e a de Brumadinho. Al\u00e9m disso, h\u00e1 os servi\u00e7os do Banco Postal, que faz o papel de uma ag\u00eancia banc\u00e1ria e permite a circula\u00e7\u00e3o de dinheiro em muitas localidades.<\/p>\n<p>N\u00c3O \u00c0 CAMPANHA DE DIFAMA\u00c7\u00c3O<\/p>\n<p>Os trabalhadores tamb\u00e9m est\u00e3o mobilizados contra essa campanha de difama\u00e7\u00e3o que tenta jogar a opini\u00e3o p\u00fablica contra os Correios para justificar a sua venda. Por\u00e9m, n\u00e3o revelam para a popula\u00e7\u00e3o que a ECT \u00e9 autossustent\u00e1vel, vem apresentando recupera\u00e7\u00e3o de seus ganhos, mesmo n\u00e3o sendo uma empresa voltada para o lucro, mas sim, para atender essa importante demanda social que \u00e9 a comunica\u00e7\u00e3o.<\/p>\n<p>Grande parte dos problemas gerados nos Correios \u00e9 fruto da inger\u00eancia pol\u00edtica que sempre aconteceu na empresa. Que compromete a gest\u00e3o e apadrinha alguns poucos escolhidos.<\/p>\n<p>Os trabalhadores tamb\u00e9m t\u00eam consci\u00eancia de que muito se fala sobre a previd\u00eancia dos trabalhadores, mas n\u00e3o \u00e9 exposto para o grande p\u00fablico que o Ministro da Economia est\u00e1 sendo investigado por fraude no Postalis pela Controladoria Geral da Uni\u00e3o (CGU) e pelo Minist\u00e9rio P\u00fablico Federal, como j\u00e1 apresentaram diversas reportagens.<\/p>\n<p>A UNIDADE CLASSISTA\/FRA\u00c7\u00c3O CORREIOS est\u00e1 na luta contra a retirada de direitos e a favor dos Correios como empresa p\u00fablica 100% estatal.<\/p>\n<p>UNIDADE CLASSISTA!<\/p>\n<p>FUTURO SOCIALISTA!<\/p>\n","protected":false},"excerpt":{"rendered":"<a class=\"moretag\" href=\"https:\/\/pcb.org.br\/portal2\/23929\"> <\/a>","protected":false},"author":1,"featured_media":0,"comment_status":"closed","ping_status":"closed","sticky":false,"template":"","format":"standard","meta":{"jetpack_post_was_ever_published":false,"_jetpack_newsletter_access":"","_jetpack_dont_email_post_to_subs":false,"_jetpack_newsletter_tier_id":0,"_jetpack_memberships_contains_paywalled_content":false,"_jetpack_memberships_contains_paid_content":false,"footnotes":"","jetpack_publicize_message":"","jetpack_publicize_feature_enabled":true,"jetpack_social_post_already_shared":true,"jetpack_social_options":{"image_generator_settings":{"template":"highway","default_image_id":0,"font":"","enabled":false},"version":2}},"categories":[31],"tags":[219],"class_list":["post-23929","post","type-post","status-publish","format-standard","hentry","category-c31-unidade-classista","tag-manchete"],"jetpack_publicize_connections":[],"jetpack_featured_media_url":"","jetpack_shortlink":"https:\/\/wp.me\/p659gw-6dX","jetpack-related-posts":[],"jetpack_likes_enabled":true,"jetpack_sharing_enabled":true,"_links":{"self":[{"href":"https:\/\/pcb.org.br\/portal2\/wp-json\/wp\/v2\/posts\/23929","targetHints":{"allow":["GET"]}}],"collection":[{"href":"https:\/\/pcb.org.br\/portal2\/wp-json\/wp\/v2\/posts"}],"about":[{"href":"https:\/\/pcb.org.br\/portal2\/wp-json\/wp\/v2\/types\/post"}],"author":[{"embeddable":true,"href":"https:\/\/pcb.org.br\/portal2\/wp-json\/wp\/v2\/users\/1"}],"replies":[{"embeddable":true,"href":"https:\/\/pcb.org.br\/portal2\/wp-json\/wp\/v2\/comments?post=23929"}],"version-history":[{"count":0,"href":"https:\/\/pcb.org.br\/portal2\/wp-json\/wp\/v2\/posts\/23929\/revisions"}],"wp:attachment":[{"href":"https:\/\/pcb.org.br\/portal2\/wp-json\/wp\/v2\/media?parent=23929"}],"wp:term":[{"taxonomy":"category","embeddable":true,"href":"https:\/\/pcb.org.br\/portal2\/wp-json\/wp\/v2\/categories?post=23929"},{"taxonomy":"post_tag","embeddable":true,"href":"https:\/\/pcb.org.br\/portal2\/wp-json\/wp\/v2\/tags?post=23929"}],"curies":[{"name":"wp","href":"https:\/\/api.w.org\/{rel}","templated":true}]}}