{"id":23933,"date":"2019-09-13T23:43:46","date_gmt":"2019-09-14T02:43:46","guid":{"rendered":"https:\/\/pcb.org.br\/portal2\/?p=23933"},"modified":"2019-09-13T23:43:46","modified_gmt":"2019-09-14T02:43:46","slug":"repudio-a-oea-paz-na-venezuela-e-na-america-latina","status":"publish","type":"post","link":"https:\/\/pcb.org.br\/portal2\/23933","title":{"rendered":"Rep\u00fadio \u00e0 OEA! Paz na Venezuela e na Am\u00e9rica Latina!"},"content":{"rendered":"<p><img decoding=\"async\" class=\"imagem\" title=\"imagem\" src=\"https:\/\/i0.wp.com\/paznavenezuela.files.wordpress.com\/2018\/09\/cropped-logo_aba3.png\" alt=\"imagem\" \/><!--more-->O Partido Comunista Brasileiro (PCB) e seus coletivos de luta &#8211; Unidade Classista, Uni\u00e3o da Juventude Comunista (UJC), Coletivo Feminista Classista Ana Montenegro, Coletivo Negro Minervino de Oliveira e Coletivo LGBT Comunista &#8211; se somam ao protesto de personalidades, organiza\u00e7\u00f5es pol\u00edticas democr\u00e1ticas e progressistas, movimentos populares e lutadores sociais contra a resolu\u00e7\u00e3o da OEA, que, encabe\u00e7ada pelos governos de extrema direita do Brasil e da Col\u00f4mbia, subservientes aos interesses do imperialismo estadunidense, amea\u00e7a com uma interven\u00e7\u00e3o militar na Venezuela. Divulgamos e apoiamos o Manifesto de Rep\u00fadio do Comit\u00ea Brasileiro pela Paz na Venezuela, publicado abaixo. Toda solidariedade ao povo venezuelano e ao governo leg\u00edtimo de Nichol\u00e1s Maduro! Trump, m\u00e3os fora da Venezuela! Abaixo o imperialismo e seus lacaios! Pela Paz com Justi\u00e7a Social na Am\u00e9rica Latina!<\/p>\n<p>Comit\u00ea Central do PCB<\/p>\n<p>MANIFESTO DE REP\u00daDIO \u00c0 OEA E PELA PAZ NA VENEZUELA E NA AM\u00c9RICA LATINA<\/p>\n<p>O Comit\u00ea Brasileiro pela Paz na Venezuela repudia a resolu\u00e7\u00e3o da Organiza\u00e7\u00e3o dos Estados Americanos (OEA) para ativar o Tratado Interamericano de Assist\u00eancia Rec\u00edproca (TIAR) contra o Estado Venezuelano, ocorrida neste \u00faltimo 11 de setembro. A resolu\u00e7\u00e3o \u00e9 uma evidente amea\u00e7a de interven\u00e7\u00e3o militar estrangeira \u00e0 Venezuela, tratando-se ao mesmo tempo de um atentado contra a soberania e autodetermina\u00e7\u00e3o do povo venezuelano, e de uma amea\u00e7a \u00e0 paz e a integra\u00e7\u00e3o dos povos da Am\u00e9rica Latina.<\/p>\n<p>A proposta de resolu\u00e7\u00e3o foi encabe\u00e7ada pelos governos da Col\u00f4mbia e do Brasil, em expl\u00edcita articula\u00e7\u00e3o com o golpista fracassado venezuelano, Ju\u00e1n Guaid\u00f3, e com o governo dos Estados Unidos. Tais personagens recuperam este infame tratado &#8211; criado durante a guerra fria para facilitar interven\u00e7\u00f5es militares na Am\u00e9rica Latina sob o pretexto ideol\u00f3gico de combate ao comunismo &#8211; para empreender mais uma tentativa golpista de desestabilizar e derrubar o governo leg\u00edtimo de Nicol\u00e1s Maduro, atentando frontalmente a Carta das Na\u00e7\u00f5es Unidas e os princ\u00edpios da conviv\u00eancia pac\u00edfica, da n\u00e3o interven\u00e7\u00e3o e da autodetermina\u00e7\u00e3o dos povos, contidos em diversos tratados internacionais para resolu\u00e7\u00e3o de controv\u00e9rsias.<\/p>\n<p>Ademais, o governo de Jair Bolsonaro mais uma vez mancha a hist\u00f3rica tradi\u00e7\u00e3o diplom\u00e1tica do Brasil de promover a paz e a integra\u00e7\u00e3o dos povos da regi\u00e3o, e sob justificativas ideol\u00f3gicas, que correspondem aos interesses dos EUA na regi\u00e3o, coloca em risco muitas rela\u00e7\u00f5es econ\u00f4micas, sociais e pol\u00edticas que o Brasil tem com a Venezuela.<\/p>\n<p>N\u00f3s, organiza\u00e7\u00f5es membros do Comit\u00ea Brasileiro pela Paz na Venezuela e todos os que assinam este manifesto, manifestamos que:<br \/>\n&#8211; Defendemos a paz na Venezuela e em toda a Am\u00e9rica Latina;<br \/>\n&#8211; Defendemos a soberania e a autodetermina\u00e7\u00e3o do povo venezuelano;<br \/>\n&#8211; Repudiamos todas as amea\u00e7as de interven\u00e7\u00e3o militar e desestabiliza\u00e7\u00e3o da paz na regi\u00e3o;<br \/>\n&#8211; Repudiamos todas as san\u00e7\u00f5es econ\u00f4micas aplicadas \u00e0 Venezuela, por parte do governo dos EUA;<br \/>\n&#8211; Repudiamos todas as tentativas de desestabiliza\u00e7\u00e3o pol\u00edtica \u00e0 Venezuela, por parte da oposi\u00e7\u00e3o golpista venezuelana, do governo dos Estados Unidos, dos governos do Grupo de Lima, e de qualquer governo ou organismo internacional.<\/p>\n<p>Reiteramos que os problemas da Venezuela devem ser resolvidos pelo povo venezuelano, por meios pac\u00edficos e atrav\u00e9s de di\u00e1logo, neste sentido, apoiamos iniciativas de boa-f\u00e9 com esse objetivo, como o processo de di\u00e1logo de Oslo.<\/p>\n<p>S\u00e3o Paulo, 12 de setembro de 2019.<br \/>\n_______________________________________<br \/>\nPrimeiras assinaturas:<\/p>\n<p>1. Celso Amorim, diplomata e ex-chanceler brasileiro<br \/>\n2. Jo\u00e3o Pedro Stedile, MST e Via Campesina<br \/>\n3. CEBRAPAZ \u2013 Centro Brasileiro de Solidariedade aos povos e luta pela paz<br \/>\n4. Centro de Estudos da M\u00eddia Alternativa Bar\u00e3o de Itarar\u00e9<br \/>\n5. Coletivo Abrebrecha<br \/>\n6. CONEN \u2013 Coordena\u00e7\u00e3o Nacional de entidades negras<br \/>\n7. Consulta Popular<br \/>\n8. CUT \u2013 Central \u00danica dos Trabalhadores<br \/>\n9. CTB \u2013 Central de Trabalhadores e trabalhadoras do Brasil<br \/>\n10. FUP \u2013 Federa\u00e7\u00e3o \u00danica dos Petroleiros<br \/>\n11. Levante Popular da Juventude<br \/>\n12. MAB \u2013 Movimento dos Atingidos por Barragens<br \/>\n13. MAM \u2013 Movimento Pela Soberania Popular na Minera\u00e7\u00e3o<br \/>\n14. MCP \u2013 Movimento Campon\u00eas Popular<br \/>\n15. MMC \u2013 Movimento de Mulheres Camponesas<br \/>\n16. MMM \u2013 Marcha Mundial das Mulheres<br \/>\n17. MPA \u2013 Movimento dos Pequenos Agricultores<br \/>\n18. MST \u2013 Movimento dos Trabalhadores Rurais Sem Terra<br \/>\n19. PJR \u2013 Pastoral da Juventude Rural<br \/>\n20. Rede de M\u00e9dicas e M\u00e9dicos Populares<br \/>\n21. Associa\u00e7\u00e3o Cultural Jos\u00e9 Mart\u00ed Bahia &#8211; ACJM- Bahia<br \/>\n22. UNEGRO- Uni\u00e3o de Negros pela Igualdade<\/p>\n<p>O QUE \u00c9 O BLOQUEIO ECON\u00d4MICO \u00c0 VENEZUELA?<\/p>\n<p>Desde 2015 os Estados Unidos v\u00eam publicando uma s\u00e9rie de san\u00e7\u00f5es econ\u00f4micas, comerciais e financeiras contra o Estado Venezuelano e seu povo, com um claro objetivo de estrangular a economia do pa\u00eds e gerar uma crise social que desestabilize o governo leg\u00edtimo de Nicol\u00e1s Maduro.<br \/>\nOs EUA j\u00e1 congelaram mais de 30 bilh\u00f5es de d\u00f3lares venezuelanos; bloqueiam a importa\u00e7\u00e3o de alimentos, de rem\u00e9dios e a compra de t\u00edtulos da d\u00edvida do tesouro venezuelano por outras na\u00e7\u00f5es.<br \/>\nA economia venezuelana \u00e9 pouco diversificada e muito dependente da renda do petr\u00f3leo. Cerca de 96% das receitas venezuelanas s\u00e3o adquiridas atrav\u00e9s da exporta\u00e7\u00e3o do petr\u00f3leo, ademais, 80% do abastecimento interno do pa\u00eds vem de importa\u00e7\u00f5es, por isso o bloqueio econ\u00f4mico atinge t\u00e3o fortemente a economia do pa\u00eds.<br \/>\nTais san\u00e7\u00f5es, somadas \u00e0s especula\u00e7\u00f5es monet\u00e1rias e \u00e0s a\u00e7\u00f5es de empresas venezuelanas de abastecimento e distribui\u00e7\u00e3o comercial, t\u00eam gerado uma crise econ\u00f4mica sem precedentes no pa\u00eds, acarretando na falta de produtos b\u00e1sicos e medicamentos \u00e0 ampla maioria da popula\u00e7\u00e3o. A principal v\u00edtima deste bloqueio \u00e9 a popula\u00e7\u00e3o mais pobre. Quem est\u00e1 pagando o pre\u00e7o das tentativas de Trump, do Grupo de Lima e da oposi\u00e7\u00e3o venezuelana de derrubar um presidente legitimamente eleito s\u00e3o os mais pobres.<br \/>\nQUAIS OS INTERESSES POR TR\u00c1S DO BLOQUEIO?<\/p>\n<p>A Venezuela \u00e9 dona da maior reserva de petr\u00f3leo do mundo (18% do petr\u00f3leo mundial), al\u00e9m de ter grandes reservas de ouro. Por isso, historicamente, t\u00eam sido alvo de cobi\u00e7a internacional, principalmente por parte de governos, empres\u00e1rios e corpora\u00e7\u00f5es multinacionais que querem se apropriar dessa riqueza estrat\u00e9gica para a economia global.<br \/>\nOs governos de Hugo Ch\u00e1vez e de Nicol\u00e1s Maduro promoveram a distribui\u00e7\u00e3o da renda do petr\u00f3leo entre a popula\u00e7\u00e3o mais pobre e historicamente exclu\u00edda no pa\u00eds. Foram aplicadas pol\u00edticas sociais nas \u00e1reas de sa\u00fade, educa\u00e7\u00e3o, moradia, produ\u00e7\u00e3o, que impactaram fortemente a desigualdade social que marcava a hist\u00f3ria do pa\u00eds at\u00e9 ent\u00e3o. Tais pol\u00edticas s\u00e3o um \u201cmal exemplo\u201d para todos os outros governos do mundo que defendem explicitamente os interesses do empresariado e dos setores mais ricos da popula\u00e7\u00e3o.<br \/>\nOs setores empresariais e de alta classe m\u00e9dia da Venezuela ficaram muito insatisfeitos com essas pol\u00edticas e seus resultados, por isso tentam e fracassam reiteradamente em derrotar o governo nas urnas. Ao n\u00e3o ter sucesso, j\u00e1 tentaram dar um Golpe de Estado em 2002 e, mais recentemente, tentaram novamente um Golpe em 2019 com a autoproclama\u00e7\u00e3o de Juan Guaid\u00f3 como presidente do pa\u00eds, com o apoio expl\u00edcito de Trump, dos governos do Grupo de Lima e de alguns pa\u00edses europeus. Novamente, perderam. A ampla maioria do povo venezuelano segue respaldando o governo de Nicol\u00e1s Maduro.<\/p>\n<p><a href=\"https:\/\/paznavenezuela.wordpress.com\/2019\/09\/02\/participe-da-campanha-internacional-contra-o-bloqueio-a-venezuela-nomastrump\/\">Participe da campanha internacional contra o bloqueio \u00e0 Venezuela&nbsp;#NoMasTrump<\/a><\/p>\n","protected":false},"excerpt":{"rendered":"<a class=\"moretag\" href=\"https:\/\/pcb.org.br\/portal2\/23933\"> <\/a>","protected":false},"author":1,"featured_media":0,"comment_status":"closed","ping_status":"closed","sticky":false,"template":"","format":"standard","meta":{"jetpack_post_was_ever_published":false,"_jetpack_newsletter_access":"","_jetpack_dont_email_post_to_subs":false,"_jetpack_newsletter_tier_id":0,"_jetpack_memberships_contains_paywalled_content":false,"_jetpack_memberships_contains_paid_content":false,"footnotes":"","jetpack_publicize_message":"","jetpack_publicize_feature_enabled":true,"jetpack_social_post_already_shared":true,"jetpack_social_options":{"image_generator_settings":{"template":"highway","default_image_id":0,"font":"","enabled":false},"version":2}},"categories":[8],"tags":[233],"class_list":["post-23933","post","type-post","status-publish","format-standard","hentry","category-america-latina","tag-6a"],"jetpack_publicize_connections":[],"jetpack_featured_media_url":"","jetpack_shortlink":"https:\/\/wp.me\/p659gw-6e1","jetpack-related-posts":[],"jetpack_likes_enabled":true,"jetpack_sharing_enabled":true,"_links":{"self":[{"href":"https:\/\/pcb.org.br\/portal2\/wp-json\/wp\/v2\/posts\/23933","targetHints":{"allow":["GET"]}}],"collection":[{"href":"https:\/\/pcb.org.br\/portal2\/wp-json\/wp\/v2\/posts"}],"about":[{"href":"https:\/\/pcb.org.br\/portal2\/wp-json\/wp\/v2\/types\/post"}],"author":[{"embeddable":true,"href":"https:\/\/pcb.org.br\/portal2\/wp-json\/wp\/v2\/users\/1"}],"replies":[{"embeddable":true,"href":"https:\/\/pcb.org.br\/portal2\/wp-json\/wp\/v2\/comments?post=23933"}],"version-history":[{"count":0,"href":"https:\/\/pcb.org.br\/portal2\/wp-json\/wp\/v2\/posts\/23933\/revisions"}],"wp:attachment":[{"href":"https:\/\/pcb.org.br\/portal2\/wp-json\/wp\/v2\/media?parent=23933"}],"wp:term":[{"taxonomy":"category","embeddable":true,"href":"https:\/\/pcb.org.br\/portal2\/wp-json\/wp\/v2\/categories?post=23933"},{"taxonomy":"post_tag","embeddable":true,"href":"https:\/\/pcb.org.br\/portal2\/wp-json\/wp\/v2\/tags?post=23933"}],"curies":[{"name":"wp","href":"https:\/\/api.w.org\/{rel}","templated":true}]}}