{"id":23939,"date":"2019-09-13T23:55:33","date_gmt":"2019-09-14T02:55:33","guid":{"rendered":"https:\/\/pcb.org.br\/portal2\/?p=23939"},"modified":"2019-09-18T00:20:14","modified_gmt":"2019-09-18T03:20:14","slug":"estudantes-da-ufsc-em-greve-contra-ataques","status":"publish","type":"post","link":"https:\/\/pcb.org.br\/portal2\/23939","title":{"rendered":"Estudantes da UFSC em greve contra ataques"},"content":{"rendered":"<p><img decoding=\"async\" class=\"imagem\" title=\"imagem\" src=\"https:\/\/scontent.fbfh7-1.fna.fbcdn.net\/v\/t1.0-9\/69960966_2377092172411931_6716354683641790464_n.jpg?_nc_cat=107&amp;_nc_eui2=AeFIs5viaXUPfobr3qrXAMfzYCo2C8sOBgfUpCvRVSk4rIIbFJxzwp1Vrkyu0zqusdRF4r6fVylg4B2tE0LsBoOmE6cn5VaL0JaXW7TI-9ImcA&amp;_nc_oc=AQkjM4YicMOgfIEK9dxMnX2c8Wwzh7Bq_lK84lL5lCsJR_7zlGYKnRwjeNRfMBN43PTn-F8k6N7y8zZuW-FE0mQ4&amp;_nc_ht=scontent.fbfh7-1.fna&amp;oh=48eff32df2521168d78d0379c23b099e&amp;oe=5E02FF13\" alt=\"imagem\" \/><!--more-->Carta de Deflagra\u00e7\u00e3o da Greve Estudantil da UFSC<\/p>\n<p>DCE Lu\u00eds Travassos &#8211; UFSC<\/p>\n<p>No dia 10 de setembro de 2019 as e os estudantes da Universidade Federal de Santa Catarina, reunidos em Assembleia Estudantil com mais de mil estudantes presentes, decidiram em ampla maioria por deflagrar uma Greve Estudantil!<\/p>\n<p>Quais os motivos da greve?<\/p>\n<p>As Universidades Federais de nosso pa\u00eds atravessam um duro momento de ataques marcados por cortes or\u00e7ament\u00e1rios, desvaloriza\u00e7\u00e3o cient\u00edfica e nomea\u00e7\u00e3o de reitores que n\u00e3o foram eleitos por sua comunidade acad\u00eamica, ferindo os princ\u00edpios da autonomia e democracia universit\u00e1ria. Os cortes anunciados em maio deste ano colocaram em xeque o funcionamento das universidades. Na UFSC a situa\u00e7\u00e3o \u00e9 grave, dezenas de trabalhadores terceirizados foram demitidos, falta seguran\u00e7a, limpeza e manuten\u00e7\u00e3o. Al\u00e9m disso, foi anunciado o cancelamento de eventos como a SEPEX e n\u00e3o houve renova\u00e7\u00e3o de diversas bolsas. Para piorar ainda mais o cen\u00e1rio o fechamento do restaurante universit\u00e1rio \u00e9 iminente, dada a falta de recursos.<\/p>\n<p>Levantamos as seguintes bandeiras em nosso movimento, deliberadas na assembleia de hoje por centenas de estudantes preocupados com a universidade p\u00fablica brasileira e com a UFSC em especial:<br \/>\nDefendemos a recomposi\u00e7\u00e3o completa do or\u00e7amento da UFSC e contra os cortes de or\u00e7amento do MEC para 2020 e em defesa das bolsas CNPq, PROBOLSAS e dos demais programas colocados em risco pela pol\u00edtica do governo federal;<br \/>\nRejei\u00e7\u00e3o na \u00edntegra do Future-se, projeto de lei que sintetiza o plano de educa\u00e7\u00e3o deste governo &#8211; seu desmonte e privatiza\u00e7\u00e3o;<br \/>\nPela constru\u00e7\u00e3o de uma Greve Nacional da Educa\u00e7\u00e3o;<br \/>\nTodo apoio e solidariedade \u00e0 ocupa\u00e7\u00e3o na Universidade Federal da Fronteira Sul (UFFS), ap\u00f3s Bolsonaro desrespeitar a consulta universit\u00e1ria e nomear um interventor indo contra a autonomia e democracia universit\u00e1ria, pela revoga\u00e7\u00e3o de todas as nomea\u00e7\u00f5es de reitores interventores;<br \/>\nPelo fim da lista tr\u00edplice, a favor da decis\u00e3o democr\u00e1tica nas elei\u00e7\u00f5es de reitorias;<br \/>\nDefendemos a revoga\u00e7\u00e3o da Emenda Constitucional 95 que congela por 20 anos os investimentos em sa\u00fade e educa\u00e7\u00e3o;<br \/>\nQue a UNE convoque a Greve Nacional da Educa\u00e7\u00e3o, junto de espa\u00e7os nacionais que nos capacitem a articular e construir a luta contra a pol\u00edtica do governo;<br \/>\nPela readmiss\u00e3o dos funcion\u00e1rios terceirizados demitidos por conta do contingenciamento das verbas;<br \/>\nEm defesa da autonomia universit\u00e1ria;<br \/>\nQue a reitoria cumpra com a valoriza\u00e7\u00e3o da pol\u00edtica de perman\u00eancia e a\u00e7\u00f5es afirmativas, pensando em primeiro lugar nos estudantes negros, ind\u00edgenas, quilombolas, surdos e m\u00e3es no momento de cortes;<br \/>\nQue a PRAE n\u00e3o corte bolsas de estudantes grevistas;<br \/>\nQue a reitoria se comprometa a n\u00e3o perseguir nem retirar direitos dos estudantes grevistas que lutam pela vida de nossa universidade;<br \/>\nPela regulariza\u00e7\u00e3o do PAEP e o aumento de vagas na moradia estudantil;<br \/>\nPelo reajuste das bolsas perman\u00eancia e de p\u00f3s-gradua\u00e7\u00e3o;<br \/>\nContra qualquer limita\u00e7\u00e3o no funcionamento do RU;<br \/>\nEm solidariedade ao estado de greve dos trabalhadores da COMCAP e dos Correios;<br \/>\nContra a suspens\u00e3o do vestibular. E que os conselheiros votem contra no CUn;<br \/>\nPelo fim do Governo Bolsonaro!<br \/>\nEntendemos que a greve n\u00e3o deve ter um fim em si mesma, mas atingir vit\u00f3rias. E para isso, construiremos uma greve que mostre o papel da Universidade para a sociedade, sua import\u00e2ncia na produ\u00e7\u00e3o de ci\u00eancia e tecnologia e de profissionais que atuam nas mais diversas \u00e1reas, al\u00e9m de exigir aquilo que \u00e9 nosso por direito: educa\u00e7\u00e3o p\u00fablica e gratuita e condi\u00e7\u00f5es dignas para permanecermos na Universidade.<\/p>\n<p>Dessa forma vamos tamb\u00e9m estar mobilizados para que os professores e departamentos, bem como TAEs e funcion\u00e1rios terceirizados entendam quais s\u00e3o os motivos da greve e para que consigam se mobilizar conjuntamente. Al\u00e9m de estendermos o mais aberto convite para participarem de nossas atividades.<\/p>\n<p>Por fim, exigimos que os professores n\u00e3o prejudiquem os estudantes em greve, n\u00e3o aplicando provas, faltas e outras atividades acad\u00eamicas no per\u00edodo em que nos encontramos em greve.<\/p>\n<p>Florian\u00f3polis, 10 de setembro de 2019<\/p>\n","protected":false},"excerpt":{"rendered":"<a class=\"moretag\" href=\"https:\/\/pcb.org.br\/portal2\/23939\"> <\/a>","protected":false},"author":1,"featured_media":0,"comment_status":"closed","ping_status":"closed","sticky":false,"template":"","format":"standard","meta":{"jetpack_post_was_ever_published":false,"_jetpack_newsletter_access":"","_jetpack_dont_email_post_to_subs":false,"_jetpack_newsletter_tier_id":0,"_jetpack_memberships_contains_paywalled_content":false,"_jetpack_memberships_contains_paid_content":false,"footnotes":"","jetpack_publicize_message":"","jetpack_publicize_feature_enabled":true,"jetpack_social_post_already_shared":true,"jetpack_social_options":{"image_generator_settings":{"template":"highway","default_image_id":0,"font":"","enabled":false},"version":2}},"categories":[60],"tags":[225,247],"class_list":["post-23939","post","type-post","status-publish","format-standard","hentry","category-c71-educacao","tag-4a","tag-jd"],"jetpack_publicize_connections":[],"jetpack_featured_media_url":"","jetpack_shortlink":"https:\/\/wp.me\/p659gw-6e7","jetpack-related-posts":[],"jetpack_likes_enabled":true,"jetpack_sharing_enabled":true,"_links":{"self":[{"href":"https:\/\/pcb.org.br\/portal2\/wp-json\/wp\/v2\/posts\/23939","targetHints":{"allow":["GET"]}}],"collection":[{"href":"https:\/\/pcb.org.br\/portal2\/wp-json\/wp\/v2\/posts"}],"about":[{"href":"https:\/\/pcb.org.br\/portal2\/wp-json\/wp\/v2\/types\/post"}],"author":[{"embeddable":true,"href":"https:\/\/pcb.org.br\/portal2\/wp-json\/wp\/v2\/users\/1"}],"replies":[{"embeddable":true,"href":"https:\/\/pcb.org.br\/portal2\/wp-json\/wp\/v2\/comments?post=23939"}],"version-history":[{"count":0,"href":"https:\/\/pcb.org.br\/portal2\/wp-json\/wp\/v2\/posts\/23939\/revisions"}],"wp:attachment":[{"href":"https:\/\/pcb.org.br\/portal2\/wp-json\/wp\/v2\/media?parent=23939"}],"wp:term":[{"taxonomy":"category","embeddable":true,"href":"https:\/\/pcb.org.br\/portal2\/wp-json\/wp\/v2\/categories?post=23939"},{"taxonomy":"post_tag","embeddable":true,"href":"https:\/\/pcb.org.br\/portal2\/wp-json\/wp\/v2\/tags?post=23939"}],"curies":[{"name":"wp","href":"https:\/\/api.w.org\/{rel}","templated":true}]}}