{"id":23949,"date":"2019-09-17T01:11:02","date_gmt":"2019-09-17T04:11:02","guid":{"rendered":"https:\/\/pcb.org.br\/portal2\/?p=23949"},"modified":"2019-09-17T01:11:02","modified_gmt":"2019-09-17T04:11:02","slug":"cuba-repudia-fortemente-a-ativacao-do-tiar","status":"publish","type":"post","link":"https:\/\/pcb.org.br\/portal2\/23949","title":{"rendered":"Cuba repudia fortemente a ativa\u00e7\u00e3o do TIAR"},"content":{"rendered":"<p><img decoding=\"async\" class=\"imagem\" title=\"imagem\" src=\"https:\/\/i0.wp.com\/www.escambray.cu\/wp-content\/uploads\/2019\/05\/caricatura-osvaldo-venezuela.jpg\" alt=\"imagem\" \/><!--more-->Granma<\/p>\n<p>Declara\u00e7\u00e3o do Minist\u00e9rio das Rela\u00e7\u00f5es Exteriores de Cuba<\/p>\n<p>O Minist\u00e9rio das Rela\u00e7\u00f5es Exteriores denuncia a vergonhosa decis\u00e3o de ativar o Tratado Interamericano de Assist\u00eancia Rec\u00edproca (TIAR), tratado que contempla o uso da for\u00e7a militar.<\/p>\n<p>O Minist\u00e9rio das Rela\u00e7\u00f5es Exteriores rejeita veementemente sua invoca\u00e7\u00e3o, sob o pretexto de qualificar a Rep\u00fablica Bolivariana da Venezuela como uma amea\u00e7a \u00e0 paz e \u00e0 seguran\u00e7a no Hemisf\u00e9rio, quando na realidade s\u00e3o a intervencionista Doutrina Monroe aplicada pelos Estados Unidos, a hostilidade \u00e0 Venezuela e o uso para esses fins deste tratado que p\u00f5em em risco a paz e a seguran\u00e7a regionais.<\/p>\n<p>Mais uma vez, a desacreditada Organiza\u00e7\u00e3o dos Estados Americanos foi o ve\u00edculo dessa ignom\u00ednia, onde um grupo digno de governos se op\u00f4s abertamente a essa decis\u00e3o.<\/p>\n<p>Invocar o TIAR que os Estados Unidos usaram para justificar as interven\u00e7\u00f5es e agress\u00f5es militares na regi\u00e3o e causar tanta dor e morte aos latino-americanos e caribenhos \u00e9 uma tentativa deliberada de provocar uma situa\u00e7\u00e3o que poderia desencadear o uso da for\u00e7a para derrubar a governo leg\u00edtimo do presidente Nicol\u00e1s Maduro Moros, em oposi\u00e7\u00e3o aberta aos princ\u00edpios do Direito Internacional e da Proclama\u00e7\u00e3o da Am\u00e9rica Latina e do Caribe como Zona de Paz.<\/p>\n<p>Ao rejeitar esta decis\u00e3o, o Minist\u00e9rio das Rela\u00e7\u00f5es Exteriores insta os governos e povos de Nossa Am\u00e9rica e do mundo a se oporem resolutamente a essa medida que busca justificar, por meio de uma prote\u00e7\u00e3o legal artificial, a interven\u00e7\u00e3o nos assuntos internos da Rep\u00fablica Bolivariana da Venezuela, o que \u00e9 inaceit\u00e1vel.<\/p>\n<p>Havana, 13 de setembro de 2019<\/p>\n","protected":false},"excerpt":{"rendered":"<a class=\"moretag\" href=\"https:\/\/pcb.org.br\/portal2\/23949\"> <\/a>","protected":false},"author":1,"featured_media":0,"comment_status":"closed","ping_status":"closed","sticky":false,"template":"","format":"standard","meta":{"jetpack_post_was_ever_published":false,"_jetpack_newsletter_access":"","_jetpack_dont_email_post_to_subs":false,"_jetpack_newsletter_tier_id":0,"_jetpack_memberships_contains_paywalled_content":false,"_jetpack_memberships_contains_paid_content":false,"footnotes":"","jetpack_publicize_message":"","jetpack_publicize_feature_enabled":true,"jetpack_social_post_already_shared":true,"jetpack_social_options":{"image_generator_settings":{"template":"highway","default_image_id":0,"font":"","enabled":false},"version":2}},"categories":[48],"tags":[225],"class_list":["post-23949","post","type-post","status-publish","format-standard","hentry","category-c58-cuba","tag-4a"],"jetpack_publicize_connections":[],"jetpack_featured_media_url":"","jetpack_shortlink":"https:\/\/wp.me\/p659gw-6eh","jetpack-related-posts":[],"jetpack_likes_enabled":true,"jetpack_sharing_enabled":true,"_links":{"self":[{"href":"https:\/\/pcb.org.br\/portal2\/wp-json\/wp\/v2\/posts\/23949","targetHints":{"allow":["GET"]}}],"collection":[{"href":"https:\/\/pcb.org.br\/portal2\/wp-json\/wp\/v2\/posts"}],"about":[{"href":"https:\/\/pcb.org.br\/portal2\/wp-json\/wp\/v2\/types\/post"}],"author":[{"embeddable":true,"href":"https:\/\/pcb.org.br\/portal2\/wp-json\/wp\/v2\/users\/1"}],"replies":[{"embeddable":true,"href":"https:\/\/pcb.org.br\/portal2\/wp-json\/wp\/v2\/comments?post=23949"}],"version-history":[{"count":0,"href":"https:\/\/pcb.org.br\/portal2\/wp-json\/wp\/v2\/posts\/23949\/revisions"}],"wp:attachment":[{"href":"https:\/\/pcb.org.br\/portal2\/wp-json\/wp\/v2\/media?parent=23949"}],"wp:term":[{"taxonomy":"category","embeddable":true,"href":"https:\/\/pcb.org.br\/portal2\/wp-json\/wp\/v2\/categories?post=23949"},{"taxonomy":"post_tag","embeddable":true,"href":"https:\/\/pcb.org.br\/portal2\/wp-json\/wp\/v2\/tags?post=23949"}],"curies":[{"name":"wp","href":"https:\/\/api.w.org\/{rel}","templated":true}]}}