{"id":23977,"date":"2019-09-23T01:20:40","date_gmt":"2019-09-23T04:20:40","guid":{"rendered":"https:\/\/pcb.org.br\/portal2\/?p=23977"},"modified":"2019-09-23T01:20:40","modified_gmt":"2019-09-23T04:20:40","slug":"a-obra-de-witzel-5-criancas-assassinadas-em-2019","status":"publish","type":"post","link":"https:\/\/pcb.org.br\/portal2\/23977","title":{"rendered":"A obra de Witzel: 5 crian\u00e7as assassinadas em 2019"},"content":{"rendered":"<p><img decoding=\"async\" class=\"imagem\" title=\"imagem\" src=\"https:\/\/i0.wp.com\/lh3.googleusercontent.com\/ZVosB8XwseFYddURPFayWCgJwa-iel5W2YHSXpmLSj_a_X0GT0w4RjKrKaZOxla89jJ4gRKB7mGdaPf4fjTjSbx3qVcGy-qWRty5-_StNa9YCHpfL1T0QZfSrtPbtSZ7PKVM-kroIi-8tPMppq1Fl9IUGdl7HzhGSRr5JuOikVmJQJhFMDlx_tZEqjs2rZFTQN7_yGrjXYxgcNnup9MtoDQ3rkGM6kQnzH9EekegEl5C15Z61CxErJk4cJAhGl5RC0Ah4GJecbZjZJ8W719iEsreSUWkoAyVwTLWTrrtoP17p57ol0w1tLP-4JZwziHi5luil4rbaAIWz8kJxpdEIU1atOeV9oXDTfbrY2fZzjytmR2j7nE6aCuBRBT0cc3zgt7DqyU9W9gXnNi7DQQxG7pc1V4EN63ewGmQ6J6H0BvF21RtpwBeAz4GzerE8mCCa9cg_XxlKS9_XaEL01xVJyKxjNYkcZm9l90yLWbog6D_LMFiFCKfvAfNlmyI9DRcy-4Sk4TTFLB9pBuQb9S59uMwQdATlN4oJCaDyqEg7g3azlgwVwbuc92wnlWhbCqqq2bpRMYP3ODriYEVSnIzyMQqr417Hs8LKQIXknHrB3v1Po7eGOyi9dbSE_Ig8nUwn4WASda0t0ReTM2bwMbFAi2t0uDNWy0KD8ChV66lCHGH41IaEqlXuzc=w664-h921-no\" alt=\"imagem\" \/><!--more-->MAR\u00c9 VIVE<\/p>\n<p>5 crian\u00e7as mortas em 2019, at\u00e9 agora, pela pol\u00edtica de seguran\u00e7a dessa cidade. Foram 434 mortes apenas no primeiro TRIMESTRE do ano. Pol\u00edtica de seguran\u00e7a que n\u00e3o mant\u00e9m a seguran\u00e7a de ningu\u00e9m dentro das favelas, que destr\u00f3i fam\u00edlias, mata crian\u00e7as, que faz os moradores n\u00e3o terem paz.<\/p>\n<p>Muitas vezes somos questionados, atacados com discurso de que defendemos bandidos e que odiamos a pol\u00edcia e as coisas n\u00e3o s\u00e3o bem assim. Defendemos qualquer vida, ningu\u00e9m tem o direito de tirar a vida de ningu\u00e9m. E odiamos essa conjuntura que faz um trabalhador apontar a arma pra outro, sem o menor preparo, e matar. Infelizmente nossos governantes n\u00e3o d\u00e3o apoio nem treinamento suficiente para os agentes policiais e o que acontece \u00e9 isso que vemos todos os dias: discurso de \u00f3dio, opera\u00e7\u00f5es policiais falhas e desenfreadas, pessoas machucadas e mortas. \u201cOlho por olho, dente por dente\u201d.<\/p>\n<p>Uma pol\u00edtica que incita a morte, que faz disparos de helic\u00f3pteros em cima de casas e escolas, que faz dias de opera\u00e7\u00f5es com invas\u00f5es a domic\u00edlios e abuso de autoridade, que mata crian\u00e7as nunca vai dar certo.<\/p>\n<p>Fica mais uma vez a pergunta que ecoa nas nossas cabe\u00e7as: quantos de n\u00f3s precisar\u00e3o morrer para que essa guerra acabe?<\/p>\n<p>Salvem nossas crian\u00e7as. Respeitem a favela. Nossos mortos t\u00eam nome.<\/p>\n<p>Jenifer Cilene Gomes. 11 anos. https:\/\/g1.globo.com\/rj\/rio-de-janeiro\/noticia\/2019\/02\/15\/mae-de-menina-morta-por-bala-perdida-na-zona-norte-do-rio-chega-ao-iml-amparada-por-familiares.ghtml<\/p>\n<p>Kauan Peixoto. 12 anos https:\/\/g1.globo.com\/rj\/rio-de-janeiro\/noticia\/2019\/03\/18\/parentes-de-menino-morto-na-chatuba-rj-acusam-a-policia-ficaram-catando-as-capsulas-todinhas.ghtml<\/p>\n<p>Kauan Ros\u00e1rio. 11 anos. https:\/\/g1.globo.com\/rj\/rio-de-janeiro\/noticia\/2019\/05\/16\/menino-baleado-na-vila-alianca-em-bangu-tem-morte-cerebral.ghtml<\/p>\n<p>Kau\u00ea Ribeiro dos Santos. 12 anos. https:\/\/oglobo.globo.com\/rio\/familia-rebate-policia-sobre-morte-de-garoto-no-complexo-do-chapadao-menino-trabalhador-23937084<\/p>\n<p>\u00c1gatha F\u00e9lix. 8 anos. https:\/\/oglobo.globo.com\/rio\/morre-crianca-de-8-anos-baleada-no-complexo-do-alemao-23965018<\/p>\n<p>#marevive<\/p>\n<hr \/>\n<p>NOTA DA OABRJ SOBRE A MORTE DA MENINA \u00c1GATHA NO COMPLEXO DO ALEM\u00c3O<\/p>\n<p>A Ordem dos Advogados do Brasil, Se\u00e7\u00e3o do Estado do Rio de Janeiro, lamenta profundamente a morte da menina \u00c1gatha Vit\u00f3ria, de oito anos, no Complexo do Alem\u00e3o, na noite de sexta-feira. A morte de \u00c1gatha vem se somar \u00e0 estat\u00edstica de 1.249 pessoas mortas pela pol\u00edcia nos oito primeiros meses do ano. Um recorde macabro que este governo do Estado aparenta ostentar com orgulho.<\/p>\n<p>A OABRJ lamenta profundamente que a m\u00e9dia de cinco mortos por dia pela pol\u00edcia seja encarada com normalidade pelo Executivo estadual e por parte da popula\u00e7\u00e3o. A normaliza\u00e7\u00e3o da barb\u00e1rie \u00e9 sintoma de uma sociedade doente.<\/p>\n<p>A OABRJ lamenta profundamente que horas antes da morte de \u00c1gatha o governador tenha dito, conforme relatou a imprensa, que promoveria um \u201ccombate e ca\u00e7a nas comunidades\u201d.<\/p>\n<p>As mortes de inocentes, moradores de comunidades, n\u00e3o podem continuar a ser tratadas pelo governo do Estado como danos colaterais aceit\u00e1veis. A morte de \u00c1gatha evidencia mais uma vez que as principais v\u00edtimas dessa pol\u00edtica de seguran\u00e7a p\u00fablica, sem intelig\u00eancia e baseada no confronto, s\u00e3o pessoas negras, pobres e mais desassistidas pelo Poder P\u00fablico.<\/p>\n<p>A defesa do direito \u00e0 vida \u00e9 o princ\u00edpio mais b\u00e1sico do ser humano e deveria ser o norte de qualquer governo civilizado. Uma pol\u00edtica de seguran\u00e7a p\u00fablica sem planejamento de intelig\u00eancia atenta contra a integridade da popula\u00e7\u00e3o, e da pr\u00f3pria pol\u00edcia, e afronta os par\u00e2metros b\u00e1sicos de civilidade.<\/p>\n<p>Por meio de sua Comiss\u00e3o de Direitos Humanos e Assist\u00eancia Judici\u00e1ria, a OABRJ est\u00e1 \u00e0 disposi\u00e7\u00e3o da fam\u00edlia de \u00c1gatha e de familiares de outras v\u00edtimas da viol\u00eancia do Estado.<\/p>\n<p>Rio de Janeiro, 21 de setembro de 2019.<\/p>\n","protected":false},"excerpt":{"rendered":"<a class=\"moretag\" href=\"https:\/\/pcb.org.br\/portal2\/23977\"> <\/a>","protected":false},"author":1,"featured_media":0,"comment_status":"closed","ping_status":"closed","sticky":false,"template":"","format":"standard","meta":{"jetpack_post_was_ever_published":false,"_jetpack_newsletter_access":"","_jetpack_dont_email_post_to_subs":false,"_jetpack_newsletter_tier_id":0,"_jetpack_memberships_contains_paywalled_content":false,"_jetpack_memberships_contains_paid_content":false,"footnotes":"","jetpack_publicize_message":"","jetpack_publicize_feature_enabled":true,"jetpack_social_post_already_shared":true,"jetpack_social_options":{"image_generator_settings":{"template":"highway","default_image_id":0,"font":"","enabled":false},"version":2}},"categories":[244],"tags":[223],"class_list":["post-23977","post","type-post","status-publish","format-standard","hentry","category-violencia","tag-3a"],"jetpack_publicize_connections":[],"jetpack_featured_media_url":"","jetpack_shortlink":"https:\/\/wp.me\/p659gw-6eJ","jetpack-related-posts":[],"jetpack_likes_enabled":true,"jetpack_sharing_enabled":true,"_links":{"self":[{"href":"https:\/\/pcb.org.br\/portal2\/wp-json\/wp\/v2\/posts\/23977","targetHints":{"allow":["GET"]}}],"collection":[{"href":"https:\/\/pcb.org.br\/portal2\/wp-json\/wp\/v2\/posts"}],"about":[{"href":"https:\/\/pcb.org.br\/portal2\/wp-json\/wp\/v2\/types\/post"}],"author":[{"embeddable":true,"href":"https:\/\/pcb.org.br\/portal2\/wp-json\/wp\/v2\/users\/1"}],"replies":[{"embeddable":true,"href":"https:\/\/pcb.org.br\/portal2\/wp-json\/wp\/v2\/comments?post=23977"}],"version-history":[{"count":0,"href":"https:\/\/pcb.org.br\/portal2\/wp-json\/wp\/v2\/posts\/23977\/revisions"}],"wp:attachment":[{"href":"https:\/\/pcb.org.br\/portal2\/wp-json\/wp\/v2\/media?parent=23977"}],"wp:term":[{"taxonomy":"category","embeddable":true,"href":"https:\/\/pcb.org.br\/portal2\/wp-json\/wp\/v2\/categories?post=23977"},{"taxonomy":"post_tag","embeddable":true,"href":"https:\/\/pcb.org.br\/portal2\/wp-json\/wp\/v2\/tags?post=23977"}],"curies":[{"name":"wp","href":"https:\/\/api.w.org\/{rel}","templated":true}]}}