{"id":23994,"date":"2019-09-24T02:41:41","date_gmt":"2019-09-24T05:41:41","guid":{"rendered":"https:\/\/pcb.org.br\/portal2\/?p=23994"},"modified":"2022-02-25T14:18:29","modified_gmt":"2022-02-25T17:18:29","slug":"entrevista-com-mercedes-lima-dirigente-nacional-do-pcb","status":"publish","type":"post","link":"https:\/\/pcb.org.br\/portal2\/23994","title":{"rendered":"Entrevista com Mercedes Lima, dirigente nacional do PCB"},"content":{"rendered":"<p><img decoding=\"async\" class=\"imagem\" title=\"imagem\" src=\"https:\/\/lh3.googleusercontent.com\/pw\/AM-JKLXiRhBEcrX4TDg7cmx80nBI0rikyfRHcebDgzu68f1j3YY8Icov4ESS9lN66M_i3XdWHnNpt0TFABlfRu61UmZcaHestGeg7Fobnb2RIDHko2z9qwqy6SUrw5idSXY92nWHPr20JgGHWbpYvbl-1YJ-=s608-no?authuser=0\" alt=\"imagem\" \/><!--more-->O Programa Lugar de Mulher entrevistou a querida camarada do Comit\u00ea Central do PCB, nossa incans\u00e1vel militante, feminista e roqueira, Mercedes Lima. Mercedes \u00e9 advogada, professora universit\u00e1ria de Direito, diretora do Sindicato dos Advogados de S\u00e3o Paulo e dirigente do Coletivo Feminista Classista Ana Montenegro.<\/p>\n<p>Na entrevista, Mercedes come\u00e7a falando de sua inf\u00e2ncia numa fam\u00edlia de nove mulheres em casa: ela, a m\u00e3e e sete irm\u00e3s, al\u00e9m do irm\u00e3o e do pai, num bairro oper\u00e1rio de S\u00e3o Paulo, ber\u00e7o do ABC metal\u00fargico, da c\u00e9lula do PCB na Volkswagen, local que abriga a Nen\u00ea de Vila Matilde e a Associa\u00e7\u00e3o de Moradores com sua famosa casa de Rock, na Zona Leste da Cidade.Quando tinha entre 14 e 15 anos, come\u00e7ou a se incomodar com a vis\u00e3o do trem que passava apinhado de gente, o que lhe despertou a indigna\u00e7\u00e3o contra aquela condi\u00e7\u00e3o de vida degradante, que obrigava trabalhadores e trabalhadoras a sair de casa \u00e0s 4 horas da manh\u00e3, enfrentando um transporte superlotado para trabalhar.<\/p>\n<p>Outra situa\u00e7\u00e3o que ajudou a despertar nela uma vis\u00e3o cr\u00edtica da realidade foi a associa\u00e7\u00e3o de moradores, para onde a juventude pobre se dirigia a fim de participar dos bailes, dan\u00e7ar rock&#8217;n roll e ouvir m\u00fasica. Com o golpe de 1964, a sede da associa\u00e7\u00e3o, que era dirigida por tr\u00eas ferrovi\u00e1rios comunistas, foi fechada pela repress\u00e3o. O pai, funcion\u00e1rio p\u00fablico natural de Salvador (Bahia), muito culto, estimulou seus estudos, sempre na escola p\u00fablica, e tamb\u00e9m contribuiu para sua tomada de consci\u00eancia.<\/p>\n<p>Depois, Mercedes entrou em contato com uma turma do PCB que estava participando de um curso de forma\u00e7\u00e3o no bairro da Vila Esperan\u00e7a, no Tatuap\u00e9. Ap\u00f3s 1968, cursando Direito na USP, vivenciou as agruras da ditadura em seu per\u00edodo mais aterrorizante, quando j\u00e1 estava militando na UJC. Optou pela atua\u00e7\u00e3o no movimento feminista e junto ao operariado de Osasco, nos anos em que estouraram as greves contra o arrocho salarial e a opress\u00e3o do regime, assim como as mobiliza\u00e7\u00f5es que resultaram na tomada da universidade pelos estudantes.<\/p>\n<p>Rebelou-se contra o machismo que imperava na maior Faculdade de Direito da Am\u00e9rica Latina, contra a legisla\u00e7\u00e3o brasileira, que era profundamente desrespeitosa para com as mulheres e permitia que os homens cometessem viol\u00eancias e at\u00e9 matassem &#8220;em nome da honra&#8221;. E participou ativamente dos atos de comemora\u00e7\u00e3o do 8 de Mar\u00e7o, Dia Internacional da Mulher, e dos diversos movimentos em defesa dos direitos das mulheres e da classe trabalhadora.<\/p>\n<p>Esta foi a primeira parte do programa que contou com a participa\u00e7\u00e3o de Mercedes. Em breve ser\u00e1 divulgada a segunda parte.<\/p>\n<p>&#8220;Lugar de Mulher \u00e9 programa de entrevista com mulheres comunistas, militantes,e trabalhadoras, produzido pela Secretaria Nacional de Mulheres do PCB.<\/p>\n<p>Acompanhe nosso programa! Siga a nossa p\u00e1gina e nosso canal do Instagram.<\/p>\n<p>Assista a entrevista em: https:\/\/www.facebook.com\/lugardemulherpcb\/videos\/376605616614253\/<\/p>\n","protected":false},"excerpt":{"rendered":"<a class=\"moretag\" href=\"https:\/\/pcb.org.br\/portal2\/23994\"> <\/a>","protected":false},"author":1,"featured_media":0,"comment_status":"closed","ping_status":"closed","sticky":false,"template":"","format":"standard","meta":{"jetpack_post_was_ever_published":false,"_jetpack_newsletter_access":"","_jetpack_dont_email_post_to_subs":false,"_jetpack_newsletter_tier_id":0,"_jetpack_memberships_contains_paywalled_content":false,"_jetpack_memberships_contains_paid_content":false,"footnotes":"","jetpack_publicize_message":"","jetpack_publicize_feature_enabled":true,"jetpack_social_post_already_shared":true,"jetpack_social_options":{"image_generator_settings":{"template":"highway","default_image_id":0,"font":"","enabled":false},"version":2}},"categories":[5],"tags":[352],"class_list":["post-23994","post","type-post","status-publish","format-standard","hentry","category-s4-pcb","tag-ldm"],"jetpack_publicize_connections":[],"jetpack_featured_media_url":"","jetpack_shortlink":"https:\/\/wp.me\/p659gw-6f0","jetpack-related-posts":[],"jetpack_likes_enabled":true,"jetpack_sharing_enabled":true,"_links":{"self":[{"href":"https:\/\/pcb.org.br\/portal2\/wp-json\/wp\/v2\/posts\/23994","targetHints":{"allow":["GET"]}}],"collection":[{"href":"https:\/\/pcb.org.br\/portal2\/wp-json\/wp\/v2\/posts"}],"about":[{"href":"https:\/\/pcb.org.br\/portal2\/wp-json\/wp\/v2\/types\/post"}],"author":[{"embeddable":true,"href":"https:\/\/pcb.org.br\/portal2\/wp-json\/wp\/v2\/users\/1"}],"replies":[{"embeddable":true,"href":"https:\/\/pcb.org.br\/portal2\/wp-json\/wp\/v2\/comments?post=23994"}],"version-history":[{"count":0,"href":"https:\/\/pcb.org.br\/portal2\/wp-json\/wp\/v2\/posts\/23994\/revisions"}],"wp:attachment":[{"href":"https:\/\/pcb.org.br\/portal2\/wp-json\/wp\/v2\/media?parent=23994"}],"wp:term":[{"taxonomy":"category","embeddable":true,"href":"https:\/\/pcb.org.br\/portal2\/wp-json\/wp\/v2\/categories?post=23994"},{"taxonomy":"post_tag","embeddable":true,"href":"https:\/\/pcb.org.br\/portal2\/wp-json\/wp\/v2\/tags?post=23994"}],"curies":[{"name":"wp","href":"https:\/\/api.w.org\/{rel}","templated":true}]}}