{"id":24074,"date":"2019-10-06T00:51:12","date_gmt":"2019-10-06T03:51:12","guid":{"rendered":"https:\/\/pcb.org.br\/portal2\/?p=24074"},"modified":"2019-10-06T00:51:12","modified_gmt":"2019-10-06T03:51:12","slug":"em-defesa-da-educacao-da-saude-e-da-ciencia","status":"publish","type":"post","link":"https:\/\/pcb.org.br\/portal2\/24074","title":{"rendered":"Em defesa da educa\u00e7\u00e3o, da sa\u00fade e da ci\u00eancia"},"content":{"rendered":"<p><img decoding=\"async\" class=\"imagem\" title=\"imagem\" src=\"https:\/\/i0.wp.com\/www.epsjv.fiocruz.br\/sites\/default\/files\/styles\/destaque_noticias\/public\/semana_do_acs.jpg\" alt=\"imagem\" \/><!--more-->Agentes comunit\u00e1rios de sa\u00fade, alunos e professores da Escola Polit\u00e9cnica se unem na mobiliza\u00e7\u00e3o contra os cortes or\u00e7ament\u00e1rios nas \u00e1reas sociais como parte da 4\u00aa Semana do ACS<\/p>\n<p>Katia Machado &#8211; EPSJV\/Fiocruz<\/p>\n<p>ACS de Manguinhos se re\u00fanem contra o desmonte do SUS<\/p>\n<p>Foto: Katia Machado<\/p>\n<p>\u2018Pela valoriza\u00e7\u00e3o do trabalhador\u2019 d\u00e1 t\u00edtulo \u00e0 quarta edi\u00e7\u00e3o da Semana do Agente Comunit\u00e1rio de Sa\u00fade (ACS), realizada anualmente pela Comiss\u00e3o dos Agentes Comunit\u00e1rios de Manguinhos (Comacs), bairro da zona norte do Rio de Janeiro. O evento, que tem o apoio da Escola Polit\u00e9cnica de Sa\u00fade Joaquim Ven\u00e2ncio (EPSJV\/Fiocruz), come\u00e7ou no dia 1\u00ba e segue at\u00e9 o dia 9 de outubro, ocupando os v\u00e1rios espa\u00e7os culturais e institucionais do bairro carioca. Neste ano, os debates giraram em torno dos cortes or\u00e7ament\u00e1rios que impactam especialmente a educa\u00e7\u00e3o, a sa\u00fade e a ci\u00eancia. O evento contou tamb\u00e9m com a participa\u00e7\u00e3o, na constru\u00e7\u00e3o de uma agenda de luta, do gr\u00eamio dos estudantes secundaristas e alunos do curso t\u00e9cnico em Agente Comunit\u00e1rio de Sa\u00fade (CTACS) da EPSJV\/Fiocruz e de residentes do programa multiprofissional em Sa\u00fade da Fam\u00edlia da Escola Nacional de Sa\u00fade P\u00fablica Sergio Arouca (ENSP\/Fiocruz).<\/p>\n<p>Uma aula aberta do Curso de Qualifica\u00e7\u00e3o em Sa\u00fade Mental da EPSJV\/Fiocruz e, na sequ\u00eancia, um debate sobre a constru\u00e7\u00e3o de um observat\u00f3rio sobre as viol\u00eancias na comunidade foram realizados na manh\u00e3 do dia 2, na Escola Polit\u00e9cnica. Ainda pela manh\u00e3 do dia 2, no Espa\u00e7o Casa Viva, uma escola de m\u00fasica localizada em Manguinhos, foi realizada uma roda de conversa sobre o que chamaram de \u201cataques do Estado capitalista contra a juventude trabalhadora\u201d que abordou o problema da precariza\u00e7\u00e3o do SUS e da educa\u00e7\u00e3o p\u00fablica e denunciou a repress\u00e3o policial que vem ocorrendo nas favelas do Rio.<\/p>\n<p>&#8216;\u00c9 preciso resistir&#8217;<\/p>\n<p>Na parte da tarde do mesmo dia, no audit\u00f3rio da EPSJV\/Fiocruz, aconteceu a mesa de debate \u2018\u00c9 estudante junto com trabalhador \u2013 Resist\u00eancias contra o desmonte do SUS e da educa\u00e7\u00e3o p\u00fablica\u2019. O presidente do Sindicato dos ACS do Munic\u00edpio do Rio de Janeiro (Sindacs-RJ), Ronaldo Moreira, lembrou que as lutas em defesa das duas \u00e1reas s\u00e3o indissoci\u00e1veis. \u201cSe n\u00e3o houver educa\u00e7\u00e3o, n\u00e3o tem sa\u00fade. Sem sa\u00fade, a educa\u00e7\u00e3o n\u00e3o avan\u00e7a\u201d, resumiu. Ele destacou que se o curso t\u00e9cnico em ACS resiste at\u00e9 hoje \u00e9 porque sempre existiram trabalhadores que respaldaram essa iniciativa. \u201cSabemos que sem nos politizarmos, seremos marionetes nas m\u00e3os de quem det\u00e9m o poder\u201d, completou.<\/p>\n<p>A psic\u00f3loga e mestranda da EPSJV\/Fiocruz, S\u00e1bata Rego, frisou a import\u00e2ncia do agente comunit\u00e1rio para a pol\u00edtica p\u00fablica de sa\u00fade, ressaltando a necessidade de ampliar a atua\u00e7\u00e3o desses profissionais, incluindo o cuidado da sa\u00fade mental. \u201cVivemos um cen\u00e1rio de desemprego e de precariza\u00e7\u00e3o do trabalho no pa\u00eds, que atinge v\u00e1rias categorias profissionais, entre elas \u2013 e especialmente \u2013 o ACS. Valorizar esse profissional implica ter consci\u00eancia de que as lutas t\u00eam um ponto central: contra a mercantiliza\u00e7\u00e3o da vida, pela classe trabalhadora\u201d, sublinhou.<\/p>\n<p>O farmac\u00eautico e residente do programa de resid\u00eancia multiprofissional em Sa\u00fade da Fam\u00edlia da ENSP\/Fiocruz, Rafael Tritany, refor\u00e7ou: \u201c\u00c9 um desafio produzir sa\u00fade e cuidar da sa\u00fade quando muitos profissionais das equipes de Sa\u00fade da Fam\u00edlia est\u00e3o com sal\u00e1rios atrasados, sem receber\u201d. Ele lembrou que as cl\u00ednicas da fam\u00edlia do Rio est\u00e3o sendo esvaziadas e, \u00e0s vezes, fechadas; e os postos de trabalho, precarizados. \u201cO Rio foi naturalizando as OSs [organiza\u00e7\u00f5es sociais] como forma de contrata\u00e7\u00e3o dos profissionais de sa\u00fade das cl\u00ednicas da fam\u00edlia e isso impacta a sa\u00fade dos trabalhadores, dificulta a organiza\u00e7\u00e3o desses profissionais\u201d, observou. Para Rafael, duas perguntas precisam ser feitas nesse momento de desmonte da sa\u00fade e da educa\u00e7\u00e3o p\u00fablicas: \u201cQue estrat\u00e9gia precisamos lan\u00e7ar m\u00e3o para superar esse cen\u00e1rio?; E como envolver a popula\u00e7\u00e3o nessa luta?\u201d. Em sua avalia\u00e7\u00e3o, \u00e9 preciso ir para as ruas e usar da pr\u00e1tica do trabalho do ACS, ou seja, estar em contato direto com a popula\u00e7\u00e3o.<\/p>\n<p>A agente comunit\u00e1ria Ludmila Moura, moradora de Manguinhos, lembrou as v\u00e1rias experi\u00eancias de resist\u00eancia que acontecem na regi\u00e3o, com o apoio dos ACS. \u201cOntem mesmo, fizemos uma atividade sobre as enchentes que atingem boa parte da comunidade. Isso \u00e9 um ato de resist\u00eancia\u201d, afirmou. Ela citou tamb\u00e9m o Slam Manguinhos, que acontece sob a linha ferrovi\u00e1ria. Trata-se de uma batalha de poesia falada que aborda temas da atualidade. \u201cEsse \u00e9 mais um exemplo de resist\u00eancia e que traz para debate as quest\u00f5es de sa\u00fade de Manguinhos\u201d, acrescentou.<\/p>\n<p>Na programa\u00e7\u00e3o da 4\u00aa Semana do ACS, acontece tamb\u00e9m exibi\u00e7\u00e3o de document\u00e1rios, momentos de lazer e de cuidado com a sa\u00fade dos trabalhadores. No dia 4, em comemora\u00e7\u00e3o ao Dia Nacional do ACS, a Comacs prestar\u00e1 uma homenagem aos profissionais de Manguinhos que completam 15 anos na fun\u00e7\u00e3o. No dia 5, a Comiss\u00e3o organiza dois amistosos de futebol amador, feminino e masculino. Os jogos acontecem pela manh\u00e3, no Campo Esperan\u00e7a, na Vila Turismo. O \u00faltimo dia do evento (9\/10) ser\u00e1 dedicado aos cuidados dos ACS. Os profissionais poder\u00e3o experimentar, das 8h30 \u00e0s 12h, na ENSP\/Fiocruz, momentos de yoga e de massoterapia.<\/p>\n<p>http:\/\/www.epsjv.fiocruz.br\/noticias\/acontece-na-epsjv\/uma-so-luta-em-defesa-da-educacao-da-saude-e-da-ciencia<\/p>\n","protected":false},"excerpt":{"rendered":"<a class=\"moretag\" href=\"https:\/\/pcb.org.br\/portal2\/24074\"> <\/a>","protected":false},"author":1,"featured_media":0,"comment_status":"closed","ping_status":"closed","sticky":false,"template":"","format":"standard","meta":{"jetpack_post_was_ever_published":false,"_jetpack_newsletter_access":"","_jetpack_dont_email_post_to_subs":false,"_jetpack_newsletter_tier_id":0,"_jetpack_memberships_contains_paywalled_content":false,"_jetpack_memberships_contains_paid_content":false,"footnotes":"","jetpack_publicize_message":"","jetpack_publicize_feature_enabled":true,"jetpack_social_post_already_shared":true,"jetpack_social_options":{"image_generator_settings":{"template":"highway","default_image_id":0,"font":"","enabled":false},"version":2}},"categories":[60],"tags":[223],"class_list":["post-24074","post","type-post","status-publish","format-standard","hentry","category-c71-educacao","tag-3a"],"jetpack_publicize_connections":[],"jetpack_featured_media_url":"","jetpack_shortlink":"https:\/\/wp.me\/p659gw-6gi","jetpack-related-posts":[],"jetpack_likes_enabled":true,"jetpack_sharing_enabled":true,"_links":{"self":[{"href":"https:\/\/pcb.org.br\/portal2\/wp-json\/wp\/v2\/posts\/24074","targetHints":{"allow":["GET"]}}],"collection":[{"href":"https:\/\/pcb.org.br\/portal2\/wp-json\/wp\/v2\/posts"}],"about":[{"href":"https:\/\/pcb.org.br\/portal2\/wp-json\/wp\/v2\/types\/post"}],"author":[{"embeddable":true,"href":"https:\/\/pcb.org.br\/portal2\/wp-json\/wp\/v2\/users\/1"}],"replies":[{"embeddable":true,"href":"https:\/\/pcb.org.br\/portal2\/wp-json\/wp\/v2\/comments?post=24074"}],"version-history":[{"count":0,"href":"https:\/\/pcb.org.br\/portal2\/wp-json\/wp\/v2\/posts\/24074\/revisions"}],"wp:attachment":[{"href":"https:\/\/pcb.org.br\/portal2\/wp-json\/wp\/v2\/media?parent=24074"}],"wp:term":[{"taxonomy":"category","embeddable":true,"href":"https:\/\/pcb.org.br\/portal2\/wp-json\/wp\/v2\/categories?post=24074"},{"taxonomy":"post_tag","embeddable":true,"href":"https:\/\/pcb.org.br\/portal2\/wp-json\/wp\/v2\/tags?post=24074"}],"curies":[{"name":"wp","href":"https:\/\/api.w.org\/{rel}","templated":true}]}}